{"id":623520,"date":"2026-08-08T10:53:18","date_gmt":"2026-08-08T10:53:18","guid":{"rendered":"https:\/\/www.europesays.com\/it\/623520\/"},"modified":"2026-08-08T10:53:18","modified_gmt":"2026-08-08T10:53:18","slug":"olimpia-milano-garrison-mathews-accordo-da-non-rifiutare","status":"publish","type":"post","link":"https:\/\/www.europesays.com\/it\/623520\/","title":{"rendered":"Olimpia Milano, Garrison Mathews: &#8220;Accordo da non rifiutare&#8221;"},"content":{"rendered":"<p> 2<\/p>\n<p class=\"wp-block-paragraph\">La guardia tiratrice <strong>Garrison Mathews<\/strong>, attualmente free agent, <a href=\"https:\/\/www.nbapassion.com\/lega-basket-a\/basket-mercato-a\/garrison-mathews-olimpia-milano-lba-mercato-news-322693\/\" rel=\"nofollow noopener\" target=\"_blank\">giocher\u00e0 con l\u2019<strong>Olimpia Milano<\/strong><\/a> nella prossima stagione. A confermarlo \u00e8 stato lo stesso giocatore ai microfoni di Charles Pulliam del Williamson Herald.<\/p>\n<p class=\"wp-block-paragraph\">Le indiscrezioni diffuse nelle scorse settimane indicavano che il cestista statunitense avesse gi\u00e0 raggiunto un accordo su base <strong>1+1<\/strong> con il club biancorosso, sebbene Milano non abbia ancora ufficializzato l\u2019operazione. Secondo quanto riportato da La Gazzetta dello Sport, l\u2019annuncio ufficiale arriver\u00e0 verosimilmente <strong>dopo il 15 agosto<\/strong>, quando il giocatore sbuffer\u00e0 in Italia per il raduno della squadra, svolger\u00e0 le visite mediche di rito e firmer\u00e0 il contratto.<\/p>\n<p>Olimpia Milano, Garrison Mathews: \u201cNon avrei mai pensato di andare a giocare oltre oceano\u201d<\/p>\n<p class=\"wp-block-paragraph\">Queste le parole, le prime da giocatore di\u00a0<strong>Olimpia Milano<\/strong>, di\u00a0<strong>Garrison Mathews<\/strong>: \u201cSono davvero entusiasta di questa opportunit\u00e0. Non avrei mai pensato di andare a giocare oltreoceano, ma ho ricevuto un paio di chiamate con offerte economico-progettuali davvero eccellenti, ed era impossibile dire di no. \u201cl mio obiettivo principale \u00e8 fare una grande annata a Milano e poi, chiss\u00e0, conquistare una nuova opportunit\u00e0 per tornare a giocare negli Stati Uniti\u201d.<\/p>\n<p class=\"wp-block-paragraph\">Non scelto al Draft del 2019 in uscita dal college di Lipscomb, il nativo del Tennessee si \u00e8 ritagliato un posto nella lega partendo dai <strong>Washington Wizards<\/strong>. Nelle ultime sette stagioni ha collezionato <b data-path-to-node=\"9\" data-index-in-node=\"201\">329 presenze complessive in NBA<\/b> vestendo le maglie di Washington, Houston, Atlanta e Indiana, registrando medie di 6,4 punti e 1,7 rimbalzi in 17,3 minuti di utilizzo a partita.<\/p>\n<p class=\"wp-block-paragraph\">Mathews \u2014 la cui ultima parentesi nella lega americana risale alla prima parte della stagione 2025\/26 con gli I<strong>ndiana Pacers<\/strong> tra contratti da 10 giorni e un accordo non garantito \u2014 \u00e8 un profilo apprezzato soprattutto per la sua pericolosit\u00e0 dall\u2019arco. Il 29 enne vanta infatti un solido <strong>38,2% da tre punti<\/strong> su 3,9 tentativi a partita registrato in carriera NBA.<\/p>\n","protected":false},"excerpt":{"rendered":"2 La guardia tiratrice Garrison Mathews, attualmente free agent, giocher\u00e0 con l\u2019Olimpia Milano nella prossima stagione. A confermarlo&hellip;\n","protected":false},"author":3,"featured_media":623521,"comment_status":"","ping_status":"","sticky":false,"template":"","format":"standard","meta":{"footnotes":"","_share_on_mastodon":"0"},"categories":[1453],"tags":[1756,1757,4159,342848,1537,90,89,3697,5874,245,244],"class_list":["post-623520","post","type-post","status-publish","format-standard","has-post-thumbnail","category-basket","tag-basket","tag-basketball","tag-euroleague","tag-garrison-mathews","tag-it","tag-italia","tag-italy","tag-legabasket","tag-olimpia-milano","tag-sport","tag-sports"],"share_on_mastodon":{"url":"https:\/\/pubeurope.com\/@it\/117059519075751808","error":""},"_links":{"self":[{"href":"https:\/\/www.europesays.com\/it\/wp-json\/wp\/v2\/posts\/623520","targetHints":{"allow":["GET"]}}],"collection":[{"href":"https:\/\/www.europesays.com\/it\/wp-json\/wp\/v2\/posts"}],"about":[{"href":"https:\/\/www.europesays.com\/it\/wp-json\/wp\/v2\/types\/post"}],"author":[{"embeddable":true,"href":"https:\/\/www.europesays.com\/it\/wp-json\/wp\/v2\/users\/3"}],"replies":[{"embeddable":true,"href":"https:\/\/www.europesays.com\/it\/wp-json\/wp\/v2\/comments?post=623520"}],"version-history":[{"count":0,"href":"https:\/\/www.europesays.com\/it\/wp-json\/wp\/v2\/posts\/623520\/revisions"}],"wp:featuredmedia":[{"embeddable":true,"href":"https:\/\/www.europesays.com\/it\/wp-json\/wp\/v2\/media\/623521"}],"wp:attachment":[{"href":"https:\/\/www.europesays.com\/it\/wp-json\/wp\/v2\/media?parent=623520"}],"wp:term":[{"taxonomy":"category","embeddable":true,"href":"https:\/\/www.europesays.com\/it\/wp-json\/wp\/v2\/categories?post=623520"},{"taxonomy":"post_tag","embeddable":true,"href":"https:\/\/www.europesays.com\/it\/wp-json\/wp\/v2\/tags?post=623520"}],"curies":[{"name":"wp","href":"https:\/\/api.w.org\/{rel}","templated":true}]}}