{"id":623575,"date":"2026-08-08T11:32:16","date_gmt":"2026-08-08T11:32:16","guid":{"rendered":"https:\/\/www.europesays.com\/it\/623575\/"},"modified":"2026-08-08T11:32:16","modified_gmt":"2026-08-08T11:32:16","slug":"quasi-1-auto-usata-su-2-nasconde-qualcosa-verifiche-in-aumento","status":"publish","type":"post","link":"https:\/\/www.europesays.com\/it\/623575\/","title":{"rendered":"Quasi 1 auto usata su 2 nasconde qualcosa, verifiche in aumento"},"content":{"rendered":"<p>Il grande esodo di Ferragosto si sta avvicinando e gli automobilisti italiani si accingono a invadere le principali arterie in cerca di una meta balneare. A causa della crisi gli italiani sono costretti a comprare sempre pi\u00f9 veicoli usati e i controlli sulla storicit\u00e0 dei mezzi sono cresciuti a dismisura. Uno <strong>studio condotto da CARFAX<\/strong> ha mostrato che, tra l\u2019inizio di maggio e la met\u00e0 di luglio, \u00e8 stato generato quasi il 34% di tutti i report sullo storico dei veicoli prodotti dall\u2019inizio dell\u2019anno, con una aumento delle verifiche del 59% rispetto allo stesso periodo del 2025.<\/p>\n<p>Un vero boom che manifesta la necessit\u00e0 di rivolgersi al car market usato e il timore di ritrovarsi tra le mani un veicolo sbagliato. La sola Lombardia \u00e8 responsabile di quasi il <strong>30% delle verifiche nazionali<\/strong>. Il resto del Belpaese segue il trend, ma al Nord si evince la paura di sbagliare pi\u00f9 alta. Le vetture controllate hanno in media 9 anni di vita e 122.000 chilometri sul contachilometri. Si tratta di auto che hanno affrontato gi\u00e0 un percorso piuttosto lungo, ma non sono ancora da rottamare. Il motivo per cui vengono scelte vetture non pi\u00f9 giovani \u00e8 ovviamente il prezzo.\n<\/p>\n<p>Automobilisti pi\u00f9 smaliziati<\/p>\n<p>La massima prudenza invita i clienti interessati alle auto usate a controllare ogni aspetto con un meccanico di fiducia. Il 14% dei veicoli verificati risulta importato dall\u2019estero. Nonostante i recenti aumenti il diesel rimane la motorizzazione pi\u00f9 cercata nell\u2019usato, con il 43% degli accertamenti, con una<strong>\u00a0quota del 47%<\/strong> rispetto al 2025. Spicca l\u2019incremento delle ibride, passate al 13% dal 9% dell\u2019estate 2025, e le EV, raddoppiate dall\u20191% al 2%.<\/p>\n<p>I dati sulle auto elettrificate sono incoraggianti, ma c\u2019\u00e8 ancora un fisiologico ritardo rispetto alle vetture con motori a combustione interna. Alle nostre latitudini FIAT conferma un ruolo di primo piano, guidando le ricerche con l\u201911%, davanti ad Audi e Mercedes-Benz (ambedue al 9%), BMW (8%) e Volkswagen (7%). La <a href=\"https:\/\/www.virgilio.it\/motori\/auto\/auto-usate-neopatentati-classifica-scelte\/260045\/\" data-doctype=\"\" rel=\"nofollow noopener\" target=\"_blank\">FIAT Panda<\/a> rimane l\u2019auto pi\u00f9 richiesta e pi\u00f9 verificata in assoluto con il <strong>4%<\/strong> delle ricerche, con una media di dieci anni di et\u00e0 e 99.000 chilometri. A sorpresa c\u2019\u00e8 la <strong>Serie X di BMW al 3%<\/strong>, con una media di sette anni di et\u00e0 a 124.000 chilometri. Sul podio anche l\u2019intramontabile FIAT 500 (2%), davanti a <a href=\"https:\/\/www.virgilio.it\/motori\/auto\/volkswagen-golf-t-roc-full-hybrid-prezzi\/339032\/\" data-doctype=\"\" rel=\"nofollow noopener\" target=\"_blank\">Volkswagen Golf<\/a> e Mercedes-Benz Classe A.<\/p>\n<p>Utilitarie sotto osservazione<\/p>\n<p>Gli italiani amano i <strong>SUV e le city car<\/strong>, puntando a modelli di segmento superiore, con il compromesso di un chilometraggio importante, quando si tratta di scegliere una seconda vettura in garage. Il problema che 1 auto su 2 controllata (per l\u2019esattezza il 52%) ha qualcosa da chiarire. Nel dettaglio, il 43% ha avuto almeno un incidente o un danno registrato, mentre nel 2% manifesta un\u2019incoerenza nella progressione dei chilometri. Massima attenzione va attribuita all\u2019eventuale alterazione del contachilometri che potrebbe nascondere una truffa. Anno di immatricolazione, chilometraggio e nome sul cofano raccontano solo una parte della narrazione.<\/p>\n<p>Marco Arban, Direttore del Business Development in Europa di CARFAX, ha spiegato che \u201cogni automobile ha una storia diversa\u201d: il prezzo dipende da <strong>sinistri pregressi<\/strong>, passaggi di propriet\u00e0, importazioni dall\u2019estero e incongruenze nel contachilometri. BMW Serie X e <strong>Mercedes-Benz Classe A<\/strong> superano entrambe il 50% di esemplari con danni registrati, davanti alla Volkswagen Golf (46%). Le Panda, al 34%, risultano le pi\u00f9 \u201coneste\u201d del brand italiano.<\/p>\n","protected":false},"excerpt":{"rendered":"Il grande esodo di Ferragosto si sta avvicinando e gli automobilisti italiani si accingono a invadere le principali&hellip;\n","protected":false},"author":3,"featured_media":623576,"comment_status":"","ping_status":"","sticky":false,"template":"","format":"standard","meta":{"footnotes":"","_share_on_mastodon":"0"},"categories":[172],"tags":[178,12630,177,1537,90,89,15],"class_list":["post-623575","post","type-post","status-publish","format-standard","has-post-thumbnail","category-affari","tag-affari","tag-auto-usate","tag-business","tag-it","tag-italia","tag-italy","tag-notizie"],"share_on_mastodon":{"url":"https:\/\/pubeurope.com\/@it\/117059672320674788","error":""},"_links":{"self":[{"href":"https:\/\/www.europesays.com\/it\/wp-json\/wp\/v2\/posts\/623575","targetHints":{"allow":["GET"]}}],"collection":[{"href":"https:\/\/www.europesays.com\/it\/wp-json\/wp\/v2\/posts"}],"about":[{"href":"https:\/\/www.europesays.com\/it\/wp-json\/wp\/v2\/types\/post"}],"author":[{"embeddable":true,"href":"https:\/\/www.europesays.com\/it\/wp-json\/wp\/v2\/users\/3"}],"replies":[{"embeddable":true,"href":"https:\/\/www.europesays.com\/it\/wp-json\/wp\/v2\/comments?post=623575"}],"version-history":[{"count":0,"href":"https:\/\/www.europesays.com\/it\/wp-json\/wp\/v2\/posts\/623575\/revisions"}],"wp:featuredmedia":[{"embeddable":true,"href":"https:\/\/www.europesays.com\/it\/wp-json\/wp\/v2\/media\/623576"}],"wp:attachment":[{"href":"https:\/\/www.europesays.com\/it\/wp-json\/wp\/v2\/media?parent=623575"}],"wp:term":[{"taxonomy":"category","embeddable":true,"href":"https:\/\/www.europesays.com\/it\/wp-json\/wp\/v2\/categories?post=623575"},{"taxonomy":"post_tag","embeddable":true,"href":"https:\/\/www.europesays.com\/it\/wp-json\/wp\/v2\/tags?post=623575"}],"curies":[{"name":"wp","href":"https:\/\/api.w.org\/{rel}","templated":true}]}}