{"id":623619,"date":"2026-08-08T12:12:29","date_gmt":"2026-08-08T12:12:29","guid":{"rendered":"https:\/\/www.europesays.com\/it\/623619\/"},"modified":"2026-08-08T12:12:29","modified_gmt":"2026-08-08T12:12:29","slug":"sabalenka-rivela-nike-disegnava-cose-troppo-basilari-li-ho-spinti-ad-osare-di-piu","status":"publish","type":"post","link":"https:\/\/www.europesays.com\/it\/623619\/","title":{"rendered":"Sabalenka rivela: &#8220;Nike disegnava cose troppo basilari, li ho spinti ad osare di pi\u00f9&#8221;"},"content":{"rendered":"<p>La numero 1 del mondo adora la moda ed \u00e8 per questo motivo che ha spinto Nike ad osare di pi\u00f9 nei disegni dei suoi outfit<\/p>\n<p><img data-lazyloaded=\"1\" fetchpriority=\"high\" decoding=\"async\" width=\"1024\" height=\"683\" src=\"https:\/\/www.europesays.com\/it\/wp-content\/uploads\/2026\/08\/Sabalenka-1-1024x683.jpg\" alt=\"\" class=\"wp-image-110596\"  data-\/>Foto di Paul Zimmer<\/p>\n<p><strong>Aryna Sabalenka<\/strong> sta cercando di mostrare nuovamente la sua versione migliore dopo le pesanti cadute al <strong>Roland Garros<\/strong> e a <strong>Wimbledon<\/strong>. La numero 1 del mondo non ha ancora vinto uno Slam quest\u2019anno e gli <strong>US Open<\/strong> saranno la sua ultima chance, altrimenti il suo 2026 potrebbe essere etichettato come deludente. In attesa di difendere il titolo conquistato a <strong>New York<\/strong> l\u2019anno scorso, la campionessa bielorussa ha staccato il pass per gli ottavi di finale nel <strong>WTA 1000 di Toronto<\/strong> superando <strong>Shuai Zhang<\/strong> in due comodi set.<\/p>\n<p>In conferenza stampa, la nativa di Minsk ha parlato a lungo dell\u2019outfit che indosser\u00e0 ai prossimi US Open. Scendendo nel dettaglio, <strong>Aryna ha confidato di aver spinto i vertici Nike ad osare di pi\u00f9 e ad essere pi\u00f9 creativi<\/strong>, senza limitarsi a fare disegni basilari. \u201cAdoro gli outfit Nike di quest\u2019anno, perch\u00e9 tutti i disegni sono legati a sport diversi. In Australia c\u2019era un legame con il surf, a Parigi con il balletto, a Wimbledon con il cricket e agli US Open con il basket. <strong>Nike si \u00e8 limitata a cose molto basilari per me negli ultimi anni, quindi li ho spinti a creare qualcosa di pi\u00f9 divertente<\/strong>. Se a qualcuno non piacciono i miei indumenti, me ne far\u00f2 una ragione, non si pu\u00f2 impressionare il mondo intero. <strong>La moda mi piace proprio perch\u00e9 c\u2019\u00e8 spazio per tutto<\/strong>\u201d \u2013 ha spiegato Sabalenka.<\/p>\n<p>La quattro volte vincitrice Slam vuole arrivare nella Grande Mela al top della forma: \u201cDi quante partite ho bisogno per essere al 100%? Non lo so, ogni volta \u00e8 diverso. <strong>Non ci sono garanzie, \u00e8 questo il bello dello sport<\/strong>. L\u2019altro problema \u00e8 che sto invecchiando, quindi devo dosare le mie energie per essere fresca quando inizieranno gli US Open. L\u2019et\u00e0 non mi mette ulteriore pressione, anzi non ci penso troppo. Nessuna pressione extra. <strong>Mi sento solo pi\u00f9 matura, ma non sono ancora cos\u00ec vecchia<\/strong>.\u201d<\/p>\n","protected":false},"excerpt":{"rendered":"La numero 1 del mondo adora la moda ed \u00e8 per questo motivo che ha spinto Nike ad&hellip;\n","protected":false},"author":3,"featured_media":339367,"comment_status":"","ping_status":"","sticky":false,"template":"","format":"standard","meta":{"footnotes":"","_share_on_mastodon":"0"},"categories":[1457],"tags":[18318,1537,90,89,54837,245,244,1273],"class_list":["post-623619","post","type-post","status-publish","format-standard","has-post-thumbnail","category-tennis","tag-aryna-sabalenka","tag-it","tag-italia","tag-italy","tag-nike","tag-sport","tag-sports","tag-tennis"],"share_on_mastodon":{"url":"https:\/\/pubeurope.com\/@it\/117059830232839577","error":""},"_links":{"self":[{"href":"https:\/\/www.europesays.com\/it\/wp-json\/wp\/v2\/posts\/623619","targetHints":{"allow":["GET"]}}],"collection":[{"href":"https:\/\/www.europesays.com\/it\/wp-json\/wp\/v2\/posts"}],"about":[{"href":"https:\/\/www.europesays.com\/it\/wp-json\/wp\/v2\/types\/post"}],"author":[{"embeddable":true,"href":"https:\/\/www.europesays.com\/it\/wp-json\/wp\/v2\/users\/3"}],"replies":[{"embeddable":true,"href":"https:\/\/www.europesays.com\/it\/wp-json\/wp\/v2\/comments?post=623619"}],"version-history":[{"count":0,"href":"https:\/\/www.europesays.com\/it\/wp-json\/wp\/v2\/posts\/623619\/revisions"}],"wp:featuredmedia":[{"embeddable":true,"href":"https:\/\/www.europesays.com\/it\/wp-json\/wp\/v2\/media\/339367"}],"wp:attachment":[{"href":"https:\/\/www.europesays.com\/it\/wp-json\/wp\/v2\/media?parent=623619"}],"wp:term":[{"taxonomy":"category","embeddable":true,"href":"https:\/\/www.europesays.com\/it\/wp-json\/wp\/v2\/categories?post=623619"},{"taxonomy":"post_tag","embeddable":true,"href":"https:\/\/www.europesays.com\/it\/wp-json\/wp\/v2\/tags?post=623619"}],"curies":[{"name":"wp","href":"https:\/\/api.w.org\/{rel}","templated":true}]}}