{"id":623832,"date":"2026-08-08T15:11:14","date_gmt":"2026-08-08T15:11:14","guid":{"rendered":"https:\/\/www.europesays.com\/it\/623832\/"},"modified":"2026-08-08T15:11:14","modified_gmt":"2026-08-08T15:11:14","slug":"rilanciare-lempatia-il-progetto-triennale-darte-delle-universita-cattoliche","status":"publish","type":"post","link":"https:\/\/www.europesays.com\/it\/623832\/","title":{"rendered":"Rilanciare l&#8217;empatia, il progetto Triennale d&#8217;Arte delle Universit\u00e0 cattoliche"},"content":{"rendered":"<p>Promossa dal Dicastero per la Cultura e l\u2019Educazione, l&#8217;iniziativa riunisce sette atenei in tre continenti, insieme ad artisti, curatori e istituzioni culturali dal mondo. Sar\u00e0 inaugurata il 27 agosto in Brasile e culminer\u00e0 a Venezia. L&#8217;idea, maturata alla luce della Magnifica humanitas, vuole tradursi in una opportunit\u00e0 di creare connessioni e comunit\u00e0 di lavoro. Il cardinale de Mendon\u00e7a: &#8220;Nel fragile presente, l\u2019empatia \u00e8 una necessaria operazione culturale di salvataggio&#8221;<\/p>\n<p><b>Antonella Palermo &#8211; Citt\u00e0 del Vaticano<\/b><\/p>\n<p>Un progetto corale dedicato alla creazione artistica, alla ricerca scientifica e al dialogo. Cos\u00ec il Dicastero per la Cultura e l\u2019Educazione ha concepito il progetto della Triennale d\u2019Arte delle Universit\u00e0 Cattoliche,\u00a0un\u2019iniziativa internazionale che riunisce Universit\u00e0 cattoliche, artisti, curatori e istituzioni culturali di tutto il mondo la cui prima edizione sar\u00e0 inaugurata il 27 agosto in Brasile, presso la Pontificia Universidade Cat\u00f3lica di Rio de Janeiro. Previste mostre, commissioni, pubblicazioni e programmi pubblici su alcune delle questioni pi\u00f9 urgenti della contemponeit\u00e0. Si svolger\u00e0 in diversi Paesi nell&#8217;anno 2026-2027, e culminer\u00e0 a Venezia.\u00a0La curatela generale di quello che intende essere un modo per attivare dinamiche di pensiero a favore della pace, del progresso spirituale e della fraternit\u00e0 \u00e8 affidata al professor Nuno Crespo.<\/p>\n<p>Un progetto corale sull&#8217;empatia a rischio <\/p>\n<p>Coinvolta, dal 6 ottobre alla fine del 2026, sar\u00e0 anche l&#8217;Universit\u00e0 Cattolica del Sacro Cuore (Milano), insieme alla Pontificia Universidade Cat\u00f3lica de Chile (3 settembre &#8211; 22 novembre), alla Pontificia Universidad Javeriana (Colombia, dal 9 settembre a novembre 2026); al Boston College (Usa, 23 settembre fino a dicembre 2026); poi figura la<b>\u00a0<\/b>Universidade Cat\u00f3lica Portuguesa (Lisbona, dal 12 ottobre fino alla met\u00e0 di dicembre 2026) e<b>\u00a0l&#8217;<\/b>Universidade Cat\u00f3lica de Angola (Luanda, da fine ottobre al 20 dicembre di quest&#8217;anno).\u00a0La sua edizione inaugurale, intitolata Exercises in Empathy (Esercizi di Empatia) sar\u00e0 l&#8217;occasione\u00a0per riflettere sul ruolo dell\u2019educazione universitaria, sulle relazioni umane e sul concetto d\u2019empatia prendendo spunto da una delle preoccupazioni centrali espresse nell&#8217;enciclica di Leone XIV <a href=\"https:\/\/www.vatican.va\/content\/leo-xiv\/it\/encyclicals\/documents\/20260515-magnifica-humanitas.html\" rel=\"external nofollow noopener\" target=\"_blank\">Magnifica humanitas<\/a>\u00a0e che \u00e8 generata dalla tensione tra simulazione ed esperienza: l\u2019empatia come categoria in pericolo.<\/p>\n<p>De Mendon\u00e7a: l&#8217;empatia, fondamento della missione accademica <\/p>\n<p>Il prefetto del Dicastero per la Cultura e l&#8217;Educazione, il cardinale Tolentino de Mendon\u00e7a, spiega il senso del progetto facendo riferimento al fatto che \u00e8 lo stesso Papa Leone a incoraggiare le universit\u00e0 sulla strada dell\u2019empatia. Il porporato e poeta portoghese precisa che l&#8217;empatia \u00e8 fondante rispetto alla vocazione dell&#8217;universit\u00e0: &#8220;Solo un\u2019universit\u00e0 capace di empatia riesce a trasformare la frammentazione dei saperi specializzati in una sapienza orientata al bene delle persone e delle societ\u00e0 concrete&#8221;. L&#8217;empatia, afferma alla luce del testo papale, \u00e8 da considerare non un ornamento retorico, ma un &#8220;principio strutturale: \u00e8 a partire dalla capacit\u00e0 di collocarsi dentro l\u2019esperienza dell\u2019altro e di abitarne il punto di vista, che l\u2019universit\u00e0 pu\u00f2 compiere la sua vocazione pi\u00f9 innata, ossia: generare comunit\u00e0 attorno alla verit\u00e0&#8221;.<\/p>\n<p>L&#8217;empatia, una operazione culturale di salvataggio <\/p>\n<p>&#8220;Nel fragile e frammentato contesto del presente &#8211; prosegue la nota del prefetto diffusa oggi 7 agosto -, segnato da polarizzazioni crescenti e da forme sempre pi\u00f9 sofisticate di comunicazione che, paradossalmente, isolano pi\u00f9 di quanto uniscano, l\u2019empatia si configura come una necessaria operazione culturale di salvataggio. Essa \u00e8 uno strumento sempre pi\u00f9 indispensabile per costruire e condividere conoscenza, per tessere reciprocit\u00e0, per rilanciare pratiche collaborative, e non solo nell\u2019ambito esclusivo delle relazioni personali, ma anche, o soprattutto, nel polifonico e vasto intreccio della vita collettiva&#8221;. Calzante la citazione di\u00a0Hannah Arendt che, nel suo saggio La crisi dell\u2019educazione (1954), scrisse: &#8220;l\u2019educazione \u00e8 il punto in cui decidiamo se amiamo il mondo abbastanza da assumerci la responsabilit\u00e0 per esso&#8221;. Educare, infatti, non \u00e8 solo trasmettere contenuti, ma \u00e8 un atto d\u2019amore e &#8220;un\u2019universit\u00e0 che coltiva l&#8217;empatia &#8211; sottolinea ancora il cardinale -, forma professionisti che non riducono l\u2019altro a un dato o a una funzione&#8221;.<\/p>\n<p>Empatia e umilt\u00e0 <\/p>\n<p>Il prefetto ricorre anche a quanto Edith Stein scriveva a proposito dell&#8217;empatia inserendo opportunamente la categoria dell&#8217;umilt\u00e0 come una sorta di consorella. La santa affermava che &#8220;non viviamo mai il dolore o la gioia dell\u2019altro come l\u2019altro li vive; li viviamo come appartenenti all\u2019altro. \u00c8 questa umilt\u00e0 costitutiva &#8211; il fatto che l\u2019empatia non annulli mai l\u2019alterit\u00e0 dell\u2019altro, non la assorba banalmente nella mia propria esperienza &#8211; che rende l\u2019empatia un atto di conoscenza rispettosa, e non una forma di relativismo o di appropriazione&#8221;. Cos\u00ec, la Triennale promossa dal Dicastero vaticano vuole creare connessioni non solo tra i saperi, ma tra persone, istituzioni e culture. Vuole essere &#8220;scuola&#8221; di empatia, cos\u00ec da realizzare uno degli auspici dello stesso\u00a0San John Henry Newman.\u00a0<\/p>\n","protected":false},"excerpt":{"rendered":"Promossa dal Dicastero per la Cultura e l\u2019Educazione, l&#8217;iniziativa riunisce sette atenei in tre continenti, insieme ad artisti,&hellip;\n","protected":false},"author":3,"featured_media":623833,"comment_status":"","ping_status":"","sticky":false,"template":"","format":"standard","meta":{"footnotes":"","_share_on_mastodon":"0"},"categories":[160],"tags":[1615,14,1644,164,165,35197,13447,277442,166,7,15,402,1358,11096,11,167,12,168,161,162,163],"class_list":["post-623832","post","type-post","status-publish","format-standard","has-post-thumbnail","category-mondo","tag-arte","tag-cronaca","tag-cultura","tag-dal-mondo","tag-dalmondo","tag-dicastero","tag-fratellanza-umana","tag-magnifica-humanitas","tag-mondo","tag-news","tag-notizie","tag-pace","tag-papa-leone-xiv","tag-scuola-e-universita","tag-ultime-notizie","tag-ultime-notizie-di-mondo","tag-ultimenotizie","tag-ultimenotiziedimondo","tag-world","tag-world-news","tag-worldnews"],"share_on_mastodon":{"url":"https:\/\/pubeurope.com\/@it\/117060533304335919","error":""},"_links":{"self":[{"href":"https:\/\/www.europesays.com\/it\/wp-json\/wp\/v2\/posts\/623832","targetHints":{"allow":["GET"]}}],"collection":[{"href":"https:\/\/www.europesays.com\/it\/wp-json\/wp\/v2\/posts"}],"about":[{"href":"https:\/\/www.europesays.com\/it\/wp-json\/wp\/v2\/types\/post"}],"author":[{"embeddable":true,"href":"https:\/\/www.europesays.com\/it\/wp-json\/wp\/v2\/users\/3"}],"replies":[{"embeddable":true,"href":"https:\/\/www.europesays.com\/it\/wp-json\/wp\/v2\/comments?post=623832"}],"version-history":[{"count":0,"href":"https:\/\/www.europesays.com\/it\/wp-json\/wp\/v2\/posts\/623832\/revisions"}],"wp:featuredmedia":[{"embeddable":true,"href":"https:\/\/www.europesays.com\/it\/wp-json\/wp\/v2\/media\/623833"}],"wp:attachment":[{"href":"https:\/\/www.europesays.com\/it\/wp-json\/wp\/v2\/media?parent=623832"}],"wp:term":[{"taxonomy":"category","embeddable":true,"href":"https:\/\/www.europesays.com\/it\/wp-json\/wp\/v2\/categories?post=623832"},{"taxonomy":"post_tag","embeddable":true,"href":"https:\/\/www.europesays.com\/it\/wp-json\/wp\/v2\/tags?post=623832"}],"curies":[{"name":"wp","href":"https:\/\/api.w.org\/{rel}","templated":true}]}}