{"id":623895,"date":"2026-08-08T16:00:10","date_gmt":"2026-08-08T16:00:10","guid":{"rendered":"https:\/\/www.europesays.com\/it\/623895\/"},"modified":"2026-08-08T16:00:10","modified_gmt":"2026-08-08T16:00:10","slug":"milan-ecco-le-prime-due-bocciature-per-amorim-zero-minuti-per-fofana-e-tomori-dove-possono-andare-e-quanto-chiedono-i-rossoneri","status":"publish","type":"post","link":"https:\/\/www.europesays.com\/it\/623895\/","title":{"rendered":"Milan, ecco le prime due bocciature per Amorim: zero minuti per Fofana e Tomori, dove possono andare e quanto chiedono i rossoneri"},"content":{"rendered":"<p><a class=\"article-details_article-details__section__element--authorName__j3rZA article-details_link__9uNPj\" href=\"https:\/\/www.calciomercato.com\/about\/redazione\/daniele-longo\/14\" rel=\"nofollow noopener\" target=\"_blank\">Daniele Longo<\/a>08 ago 2026, 16:39<\/p>\n<p>Ultimi aggiornamenti: 08 ago 2026, 17:01<\/p>\n<p>Milan, oltre a Leao anche Fofana e Tomori sono sul mercato: Amorim non li fa entrare con il Chelsea.<\/p>\n<p><b><strong>Amorim<\/strong><\/b> era stato piuttosto chiaro gi\u00e0 nella conferenza della vigilia di <b><strong>Milan-Chelsea:<\/strong><\/b> la rosa \u00e8 troppo lunga e la prossima sar\u00e0 la settimana delle scelte definitive. Tradotto in parole povere: comunicher\u00f2 ai giocatori chi sar\u00e0 dentro o fuori dal progetto.<\/p>\n<p>In realt\u00e0 lo ha gi\u00e0 fatto di sabato escludendo sia <b><strong>Tomori<\/strong><\/b> che <b><strong>Fofana:<\/strong><\/b> nonostante la girandola dei cambi della seconda frazione il difensore inglese e il centrocampista inglese sono rimasti a guardare dalla panchina.<\/p>\n<p>Il segnale lanciato dal tecnico portoghese \u00e8 chiaro: entrambi dovranno cercarsi una nuova sistemazione. O ancora meglio, sar\u00e0 il <b><strong>Milan <\/strong><\/b>a farlo.<\/p>\n","protected":false},"excerpt":{"rendered":"Daniele Longo08 ago 2026, 16:39 Ultimi aggiornamenti: 08 ago 2026, 17:01 Milan, oltre a Leao anche Fofana e&hellip;\n","protected":false},"author":3,"featured_media":305989,"comment_status":"","ping_status":"","sticky":false,"template":"","format":"standard","meta":{"footnotes":"","_share_on_mastodon":"0"},"categories":[176],"tags":[1744,353,114133,1537,90,89,553,245,244,355,146990],"class_list":["post-623895","post","type-post","status-publish","format-standard","has-post-thumbnail","category-sport","tag-ac-milan","tag-calciomercato","tag-f-tomori","tag-it","tag-italia","tag-italy","tag-milan","tag-sport","tag-sports","tag-transfers","tag-y-fofana"],"share_on_mastodon":{"url":"https:\/\/pubeurope.com\/@it\/117060726045875903","error":""},"_links":{"self":[{"href":"https:\/\/www.europesays.com\/it\/wp-json\/wp\/v2\/posts\/623895","targetHints":{"allow":["GET"]}}],"collection":[{"href":"https:\/\/www.europesays.com\/it\/wp-json\/wp\/v2\/posts"}],"about":[{"href":"https:\/\/www.europesays.com\/it\/wp-json\/wp\/v2\/types\/post"}],"author":[{"embeddable":true,"href":"https:\/\/www.europesays.com\/it\/wp-json\/wp\/v2\/users\/3"}],"replies":[{"embeddable":true,"href":"https:\/\/www.europesays.com\/it\/wp-json\/wp\/v2\/comments?post=623895"}],"version-history":[{"count":0,"href":"https:\/\/www.europesays.com\/it\/wp-json\/wp\/v2\/posts\/623895\/revisions"}],"wp:featuredmedia":[{"embeddable":true,"href":"https:\/\/www.europesays.com\/it\/wp-json\/wp\/v2\/media\/305989"}],"wp:attachment":[{"href":"https:\/\/www.europesays.com\/it\/wp-json\/wp\/v2\/media?parent=623895"}],"wp:term":[{"taxonomy":"category","embeddable":true,"href":"https:\/\/www.europesays.com\/it\/wp-json\/wp\/v2\/categories?post=623895"},{"taxonomy":"post_tag","embeddable":true,"href":"https:\/\/www.europesays.com\/it\/wp-json\/wp\/v2\/tags?post=623895"}],"curies":[{"name":"wp","href":"https:\/\/api.w.org\/{rel}","templated":true}]}}