{"id":623921,"date":"2026-08-08T16:22:18","date_gmt":"2026-08-08T16:22:18","guid":{"rendered":"https:\/\/www.europesays.com\/it\/623921\/"},"modified":"2026-08-08T16:22:18","modified_gmt":"2026-08-08T16:22:18","slug":"cingia-prepara-la-grande-foto-uno-scatto-per-fissare-la-storia-del-paese","status":"publish","type":"post","link":"https:\/\/www.europesays.com\/it\/623921\/","title":{"rendered":"Cingia prepara la Grande Foto: uno scatto per fissare la storia del paese"},"content":{"rendered":"<p>Un\u2019immagine capace di raccontare la storia di un\u2019intera comunit\u00e0. \u00c8 questo l\u2019obiettivo de <strong>\u201cLa Grande Foto\u201d<\/strong>, l\u2019iniziativa che coinvolger\u00e0 <strong>residenti ed ex residenti di Cingia de\u2019 Botti<\/strong> in un unico grande scatto fotografico, pensato per celebrare il legame con il paese e lasciare un ricordo destinato a rimanere nel tempo.<\/p>\n<p>L\u2019evento \u00e8 stato presentato ufficialmente nel corso di un <strong>incontro pubblico<\/strong> presso il <strong>Parco dell\u2019Amicizia<\/strong>. Durante la serata gli organizzatori hanno illustrato il progetto, spiegato come si svolger\u00e0 la giornata dedicata alla fotografia e fornito tutte le informazioni necessarie per partecipare.<\/p>\n<p>Ogni famiglia sta ricevendo nella propria cassetta della posta il modulo di iscrizione, che potr\u00e0 essere riconsegnato, una volta compilato, presso l\u2019androne del Comune, la Biblioteca o l\u2019Oratorio. Per chi preferisce la modalit\u00e0 digitale sar\u00e0 inoltre possibile iscriversi online attraverso l\u2019apposito modulo.<\/p>\n<p>La partecipazione \u00e8 <strong>gratuita<\/strong>, ma l\u2019iscrizione \u00e8 richiesta per consentire una corretta organizzazione dell\u2019iniziativa e dovr\u00e0 essere effettuata entro il <strong>20 agosto<\/strong>.<\/p>\n<p>Pi\u00f9 di una semplice fotografia, \u201cLa Grande Foto\u201d vuole diventare un simbolo di appartenenza e memoria collettiva, riunendo in un\u2019unica immagine le persone che, ieri come oggi, hanno contribuito a scrivere la storia di Cingia de\u2019 Botti. Un\u2019occasione speciale per ritrovarsi, condividere un momento di comunit\u00e0 e lasciare alle future generazioni una testimonianza concreta dell\u2019identit\u00e0 del paese.<\/p>\n<p>Gli organizzatori invitano tutta la cittadinanza e gli ex residenti a partecipare e a diffondere l\u2019iniziativa, affinch\u00e9 questo grande ritratto collettivo possa rappresentare nel modo pi\u00f9 completo possibile la comunit\u00e0 di Cingia de\u2019 Botti.<\/p>\n<p>\n                \u00a9 Riproduzione riservata\n              <\/p>\n","protected":false},"excerpt":{"rendered":"Un\u2019immagine capace di raccontare la storia di un\u2019intera comunit\u00e0. \u00c8 questo l\u2019obiettivo de \u201cLa Grande Foto\u201d, l\u2019iniziativa che&hellip;\n","protected":false},"author":3,"featured_media":623922,"comment_status":"","ping_status":"","sticky":false,"template":"","format":"standard","meta":{"footnotes":"","_share_on_mastodon":"0"},"categories":[1446],"tags":[1615,1613,1614,1611,1610,310883,1612,203,228,204,1537,90,89,856,21876],"class_list":["post-623921","post","type-post","status-publish","format-standard","has-post-thumbnail","category-arte-e-design","tag-arte","tag-arte-e-design","tag-arteedesign","tag-arts","tag-arts-and-design","tag-cingia-de-botti","tag-design","tag-entertainment","tag-foto","tag-intrattenimento","tag-it","tag-italia","tag-italy","tag-organizzazione","tag-scatto"],"share_on_mastodon":{"url":"https:\/\/pubeurope.com\/@it\/117060812544182210","error":""},"_links":{"self":[{"href":"https:\/\/www.europesays.com\/it\/wp-json\/wp\/v2\/posts\/623921","targetHints":{"allow":["GET"]}}],"collection":[{"href":"https:\/\/www.europesays.com\/it\/wp-json\/wp\/v2\/posts"}],"about":[{"href":"https:\/\/www.europesays.com\/it\/wp-json\/wp\/v2\/types\/post"}],"author":[{"embeddable":true,"href":"https:\/\/www.europesays.com\/it\/wp-json\/wp\/v2\/users\/3"}],"replies":[{"embeddable":true,"href":"https:\/\/www.europesays.com\/it\/wp-json\/wp\/v2\/comments?post=623921"}],"version-history":[{"count":0,"href":"https:\/\/www.europesays.com\/it\/wp-json\/wp\/v2\/posts\/623921\/revisions"}],"wp:featuredmedia":[{"embeddable":true,"href":"https:\/\/www.europesays.com\/it\/wp-json\/wp\/v2\/media\/623922"}],"wp:attachment":[{"href":"https:\/\/www.europesays.com\/it\/wp-json\/wp\/v2\/media?parent=623921"}],"wp:term":[{"taxonomy":"category","embeddable":true,"href":"https:\/\/www.europesays.com\/it\/wp-json\/wp\/v2\/categories?post=623921"},{"taxonomy":"post_tag","embeddable":true,"href":"https:\/\/www.europesays.com\/it\/wp-json\/wp\/v2\/tags?post=623921"}],"curies":[{"name":"wp","href":"https:\/\/api.w.org\/{rel}","templated":true}]}}