{"id":623974,"date":"2026-08-08T17:01:14","date_gmt":"2026-08-08T17:01:14","guid":{"rendered":"https:\/\/www.europesays.com\/it\/623974\/"},"modified":"2026-08-08T17:01:14","modified_gmt":"2026-08-08T17:01:14","slug":"tommaso-muore-in-mare-a-19-anni-era-il-nipote-di-elena-ugolini","status":"publish","type":"post","link":"https:\/\/www.europesays.com\/it\/623974\/","title":{"rendered":"Tommaso muore in mare a 19 anni: era il nipote di Elena Ugolini"},"content":{"rendered":"<p>Tragedia a Gallipoli, in Salento. Tommaso Ugolini, 19 anni, originario di Bologna, \u00e8 morto tra le onde del mare mentre faceva il bagno. Era in vacanza in Puglia con alcuni amici. Si tratta del nipote di Elena Ugolini, consigliera ed <a href=\"https:\/\/www.bolognatoday.it\/politica\/elezioni\/regionali-emilia-romagna-2014\/risultati-emilia-romagna-ugolini-de-pascale-pd-fdi.html\" target=\"_blank\" rel=\"nofollow noopener\">ex candidata presidente<\/a> alle ultime elezioni regionali.<\/p>\n<p>Come scrive La Gazzetta del Mezzogiorno, il 19enne era in acqua quando, improvvisamente, \u00e8 scomparso tra le onde. Due bagnini si sono tuffati per salvarlo, e dopo averlo portato a riva hanno cominciato le manovre di rianimazione. Dopo circa 45 minuti di massaggio cardiaco, anche con l\u2019aiuto dei sanitari del 118 arrivati sul posto, purtroppo per il giovane non c\u2019\u00e8 stato nulla da fare.<\/p>\n<p>\u201cDesidero esprimere alla famiglia tutta, agli amici e alla comunit\u00e0 del liceo Malpighi il cordoglio mio e dell\u2019amministrazione comunale per la tragica e prematura scomparsa di Tommaso Ugolini\u201d, scrive in una nota il sindaco Matteo Lepore. Il 19enne frequentava infatti il liceo Malpighi di Bologna e giocava a calcio con la Polisportiva Antal Pallavicini.<\/p>\n<p>Cos\u00ec il club sui social: \u201cCi sono notizie per le quali \u00e8 difficile trovare le parole. Con profondo dolore, la Polisportiva Antal Pallavicini si stringe attorno alla famiglia Ugolini per la prematura scomparsa di Tommaso Ugolini, classe 2007. Tommaso era uno dei nostri ragazzi. Nella scorsa stagione aveva indossato la maglia della nostra Juniores, portando anche la fascia da capitano. Quest\u2019anno avrebbe proseguito il suo percorso entrando a far parte della prima squadra. Un percorso nella Pallavicini che rester\u00e0 per sempre anche nella nostra storia: nel 2024 Tommaso aveva posto la sua firma nell\u2019Albo d\u2019Oro della Polisportiva. Ma oggi i risultati, le squadre e il campo passano in secondo piano. Resta il ricordo di Tommaso, del ragazzo, del compagno di squadra, dell\u2019amico. Resta il vuoto enorme che la sua scomparsa lascia nei suoi familiari e in tutti coloro che gli hanno voluto bene. La notizia ha profondamente colpito tutta la nostra Sezione Calcio, i suoi compagni, gli allenatori, i dirigenti e l&#8217;intera comunit\u00e0 Pallavicini. Alla sua famiglia va il nostro abbraccio pi\u00f9 sincero e tutta la nostra vicinanza in un momento di dolore che non pu\u00f2 avere parole sufficienti. Tommaso rester\u00e0 per sempre uno di noi<\/p>\n","protected":false},"excerpt":{"rendered":"Tragedia a Gallipoli, in Salento. Tommaso Ugolini, 19 anni, originario di Bologna, \u00e8 morto tra le onde del&hellip;\n","protected":false},"author":3,"featured_media":623975,"comment_status":"","ping_status":"","sticky":false,"template":"","format":"standard","meta":{"footnotes":"","_share_on_mastodon":"0"},"categories":[6],"tags":[14,8,1537,90,89,964,7,15,82,9,83,10,3121,13,344240,11,80,84,12,81,85],"class_list":["post-623974","post","type-post","status-publish","format-standard","has-post-thumbnail","category-ultime-notizie","tag-cronaca","tag-headlines","tag-it","tag-italia","tag-italy","tag-morte","tag-news","tag-notizie","tag-notizie-di-cronaca","tag-notizie-principali","tag-notiziedicronaca","tag-notizieprincipali","tag-salento","tag-titoli","tag-tommaso-ugolini","tag-ultime-notizie","tag-ultime-notizie-di-cronaca","tag-ultime-notizie-e-news-di-oggi","tag-ultimenotizie","tag-ultimenotiziedicronaca","tag-ultimenotizieenewsdioggi"],"share_on_mastodon":{"url":"https:\/\/pubeurope.com\/@it\/117060965849239614","error":""},"_links":{"self":[{"href":"https:\/\/www.europesays.com\/it\/wp-json\/wp\/v2\/posts\/623974","targetHints":{"allow":["GET"]}}],"collection":[{"href":"https:\/\/www.europesays.com\/it\/wp-json\/wp\/v2\/posts"}],"about":[{"href":"https:\/\/www.europesays.com\/it\/wp-json\/wp\/v2\/types\/post"}],"author":[{"embeddable":true,"href":"https:\/\/www.europesays.com\/it\/wp-json\/wp\/v2\/users\/3"}],"replies":[{"embeddable":true,"href":"https:\/\/www.europesays.com\/it\/wp-json\/wp\/v2\/comments?post=623974"}],"version-history":[{"count":0,"href":"https:\/\/www.europesays.com\/it\/wp-json\/wp\/v2\/posts\/623974\/revisions"}],"wp:featuredmedia":[{"embeddable":true,"href":"https:\/\/www.europesays.com\/it\/wp-json\/wp\/v2\/media\/623975"}],"wp:attachment":[{"href":"https:\/\/www.europesays.com\/it\/wp-json\/wp\/v2\/media?parent=623974"}],"wp:term":[{"taxonomy":"category","embeddable":true,"href":"https:\/\/www.europesays.com\/it\/wp-json\/wp\/v2\/categories?post=623974"},{"taxonomy":"post_tag","embeddable":true,"href":"https:\/\/www.europesays.com\/it\/wp-json\/wp\/v2\/tags?post=623974"}],"curies":[{"name":"wp","href":"https:\/\/api.w.org\/{rel}","templated":true}]}}