{"id":624413,"date":"2026-08-08T23:39:16","date_gmt":"2026-08-08T23:39:16","guid":{"rendered":"https:\/\/www.europesays.com\/it\/624413\/"},"modified":"2026-08-08T23:39:16","modified_gmt":"2026-08-08T23:39:16","slug":"rieti-lintervista-della-domenica-annalisa-de-sisto-nalixa-sono-una-sindacalista-e-ora-sto-avendo-successo-con-le-mie-canzoni-libere","status":"publish","type":"post","link":"https:\/\/www.europesays.com\/it\/624413\/","title":{"rendered":"Rieti, l&#8217;intervista della domenica, Annalisa de Sisto Nalixa: \u00abSono una sindacalista e ora sto avendo successo con le mie canzoni libere\u00bb"},"content":{"rendered":"<p><a href=\"https:\/\/www.ilmessaggero.it\/t\/rieti\" rel=\"nofollow noopener\" target=\"_blank\">RIETI<\/a> &#8211;\u00a0La passione non le \u00e8 mai mancata e nemmeno il talento. La prima, <a href=\"https:\/\/www.ilmessaggero.it\/t\/annalisa de sisto\" rel=\"nofollow noopener\" target=\"_blank\">Annalisa de Sisto<\/a>, il cui nome d\u2019arte \u00e8 <a href=\"https:\/\/www.ilmessaggero.it\/t\/nalixa\" rel=\"nofollow noopener\" target=\"_blank\">Nalixa<\/a>, sindacalista reatina 52enne, l\u2019ha sempre coltivata con consapevolezza. Del talento, invece, forse non aveva piena coscienza. Non immaginava che quelle doti canore potessero un giorno aprirle la strada verso un successo cos\u00ec travolgente. E cos\u00ec, lo scorso febbraio, ha composto il suo primo brano, pubblicandolo su Spotify e sulle principali piattaforme di streaming, entrando ufficialmente nella rotazione dei maggiori network radiofonici italiani. Ed \u00e8 stato un successo.<br \/><strong>De Sisto, cosa \u00e8 per lei la musica?<\/strong><br \/>\u00abHo amore per la musica, che salva e cura ogni male e che mi ha aiutato nei momenti pi\u00f9 difficili della mia vita, come quando avevo entrambi i genitori ricoverati in ospedale con situazioni complicate\u00bb.<br \/><strong>Quando nasce la sua passione per la musica?<\/strong><br \/>\u00abC\u2019\u00e8 stata da sempre, sin da bambina, quando ogni occasione era buona per cantare, dai villaggi turistici fino ai semplici karaoke con gli amici. Oggi mi regala molto di pi\u00f9, emozioni e gratificazioni che vanno oltre ci\u00f2 che avrei sperato\u00bb.<br \/><strong>Come si sviluppa la sua professione nel settore?<\/strong><br \/>\u00abSolo di recente posso definirmi davvero cantautrice sperimentale emergente, unendo cantautorato, ricerca melodica e sonorit\u00e0 digitali. Ho iniziato a scrivere canzoni ispirate a storie di vita vissuta: quelle che incontro ogni giorno nel mio lavoro al sindacato o legate ai grandi temi sociali, dal cambiamento climatico all\u2019amore libero\u00bb.<br \/><strong>Nel febbraio 2026, da autodidatta e dalla sua abitazione, ha dato vita al suo primo brano, \u201cEstate perenne\u201d, dedicato al cambiamento climatico e alla precariet\u00e0 del nostro tempo, pubblicandolo su Spotify e sulle principali piattaforme di streaming, entrando ufficialmente nella rotazione dei maggiori network radiofonici italiani.<\/strong><br \/>\u00abComponevo e sistemavo il suono da sola e i pezzi mi sembravano buoni. Dopo \u201cEstate perenne\u201d, estratto dal progetto discografico \u201cAnestesia sociale\u201d, il secondo singolo, \u201cColori in me\u201d, uscito il 7 agosto, \u00e8 accompagnato da rassegne stampa nazionali. Un brano in cui ho sentito l\u2019obbligo di parlare del pride, un inno all\u2019amore senza pregiudizi\u00bb.<br \/><strong>Cosa c\u2019\u00e8 nei suoi brani?<\/strong><br \/>\u00abIn ogni canzone racconto le mie sensazioni, supportate dalle piazze che ho vissuto come attivista sindacale. Sentire che il primo singolo di \u201cAnestesia sociale\u201d non solo viaggia sui grandi network, ma fa anche ballare le persone nei club, \u00e8 la prova che la musica indipendente ha un\u2019energia che non si pu\u00f2 fermare\u00bb.<br \/><strong>A seguire, usciranno altri brani, undici in totale, che raccontano tematiche che vanno dal rincorrere la bellezza a tutti i costi, fino a temi pi\u00f9 intimi e di carattere politico.<\/strong><br \/>\u00abSpesso parlo dell\u2019amore sbagliato, di quelli che non soddisfano, dove non c\u2019\u00e8 una reale conoscenza l\u2019uno dell\u2019altro. Oggi ci si incontra sui social e poi si pretende chiss\u00e0 quale profondit\u00e0. Per ora lavoro da sola, ma stanno giungendo molte proposte interessanti da etichette indipendenti e valuter\u00f2 il percorso migliore\u00bb.<br \/><strong>Un successo molto veloce, che ora Nalixa sta abbracciando, cominciando ad acquisire la consapevolezza che i suoi brani piacciono. Come intende proseguire?<\/strong><br \/>\u00abUn passo alla volta. Ho un ufficio stampa che mi cura la parte giornalistica e un altro che invia le cartoline digitali in passaggi nazionali. Con il supporto di un\u2019etichetta sarebbe pi\u00f9 agevole e ci penser\u00f2. Per ora sono molto soddisfatta di quanto sto ricevendo, come passaggi radiofonici. Sono molto contenta: la produzione con in testa \u201cEstate perenne\u201d, ha raggiunto i 90mila ascolti e, dal 24 luglio, \u00e8 stata trasmessa da oltre 50 emittenti radiofoniche in tutta Italia e anche nel Regno Unito. Gli studi di registrazione arriveranno da adesso in poi, vista l\u2019attenzione che sto registrando. Per ora vorrei completare l\u2019uscita di questi undici brani dell\u2019album \u201cAnestesia sociale\u201d a cadenza mensile, fino al completamento\u00bb.<\/p>\n<p>&#13;<br \/>\n                                \u00a9 RIPRODUZIONE RISERVATA&#13;<\/p>\n<p>&#13;<\/p>\n<p>\n                            Gli eventi del fine settimana, ogni gioved\u00ec<br \/>\n                            <b>Iscriviti<\/b> e ricevi le notizie via email\n                        <\/p>\n","protected":false},"excerpt":{"rendered":"RIETI &#8211;\u00a0La passione non le \u00e8 mai mancata e nemmeno il talento. La prima, Annalisa de Sisto, il&hellip;\n","protected":false},"author":3,"featured_media":624414,"comment_status":"","ping_status":"","sticky":false,"template":"","format":"standard","meta":{"footnotes":"","_share_on_mastodon":"0"},"categories":[1443],"tags":[344530,8115,203,1282,204,1537,90,89,1538,1539,26772],"class_list":["post-624413","post","type-post","status-publish","format-standard","has-post-thumbnail","category-musica","tag-annalisa-de-sisto","tag-canzone","tag-entertainment","tag-intervista","tag-intrattenimento","tag-it","tag-italia","tag-italy","tag-music","tag-musica","tag-rieti"],"share_on_mastodon":{"url":"https:\/\/pubeurope.com\/@it\/117062530891584058","error":""},"_links":{"self":[{"href":"https:\/\/www.europesays.com\/it\/wp-json\/wp\/v2\/posts\/624413","targetHints":{"allow":["GET"]}}],"collection":[{"href":"https:\/\/www.europesays.com\/it\/wp-json\/wp\/v2\/posts"}],"about":[{"href":"https:\/\/www.europesays.com\/it\/wp-json\/wp\/v2\/types\/post"}],"author":[{"embeddable":true,"href":"https:\/\/www.europesays.com\/it\/wp-json\/wp\/v2\/users\/3"}],"replies":[{"embeddable":true,"href":"https:\/\/www.europesays.com\/it\/wp-json\/wp\/v2\/comments?post=624413"}],"version-history":[{"count":0,"href":"https:\/\/www.europesays.com\/it\/wp-json\/wp\/v2\/posts\/624413\/revisions"}],"wp:featuredmedia":[{"embeddable":true,"href":"https:\/\/www.europesays.com\/it\/wp-json\/wp\/v2\/media\/624414"}],"wp:attachment":[{"href":"https:\/\/www.europesays.com\/it\/wp-json\/wp\/v2\/media?parent=624413"}],"wp:term":[{"taxonomy":"category","embeddable":true,"href":"https:\/\/www.europesays.com\/it\/wp-json\/wp\/v2\/categories?post=624413"},{"taxonomy":"post_tag","embeddable":true,"href":"https:\/\/www.europesays.com\/it\/wp-json\/wp\/v2\/tags?post=624413"}],"curies":[{"name":"wp","href":"https:\/\/api.w.org\/{rel}","templated":true}]}}