{"id":624662,"date":"2026-08-09T04:54:15","date_gmt":"2026-08-09T04:54:15","guid":{"rendered":"https:\/\/www.europesays.com\/it\/624662\/"},"modified":"2026-08-09T04:54:15","modified_gmt":"2026-08-09T04:54:15","slug":"portogallo-linarez-e-matias-che-doppietta-per-la-tavfer","status":"publish","type":"post","link":"https:\/\/www.europesays.com\/it\/624662\/","title":{"rendered":"PORTOGALLO. LINAREZ E MATIAS, CHE DOPPIETTA PER LA TAVFER"},"content":{"rendered":"<p>Tre tappe della <strong>Volta a Portugal Jogos Santa Casa<\/strong>, pi\u00f9 il prologo d&#8217;apertura, e tre finali in volata. Oggi all&#8217;arrivo accanto al Forte Baluarte S\u00e3o Jo\u00e3o de Deus a Elvas, la Tavfer-Ovos Matinados-Mort\u00e1gua \u00e8 diventata la quarta squadra a vincere una tappa nella Grand\u00edssima di quest&#8217;anno con un&#8217;impressionante doppietta: on un finale tecnico, caotico e ad alta velocit\u00e0, <strong>Leangel Linarez<\/strong> ha dimostrato di avere le gambe pi\u00f9 forti tra tutti, alzando le braccia in segno di vittoria davanti al compagno di squadra <strong>Jo\u00e3o Matias<\/strong>, che \u00e8 arrivato secondo. <strong>Tomas Contte<\/strong> (Aviludo-Louletano-Loul\u00e9) ha replicato il terzo posto del giorno precedente.\n            <\/p>\n<p>&#8220;Sono molto contento e devo ringraziare la squadra. <strong>Sapevamo che questa era praticamente l&#8217;ultima opportunit\u00e0 per gli sprinter<\/strong>. Abbiamo corso bene e siamo rimasti calmi. Ho rischiato di cadere nell&#8217;ultimo chilometro, ma avevo ancora le gambe per arrivare in testa e vincere&#8221;, ha dichiarato Linarez dopo la vittoria.\n            <\/p>\n<p><strong>LA CORSA.<\/strong> Nella tappa pi\u00f9 lunga di questa 87\u00aa Volta a Portugal, il gruppo ha attraversato la regione dell&#8217;Alentejo sotto un caldo intenso, con temperature che sfioravano i 40\u00b0C. Nemmeno questo \u00e8 bastato a fermare quattro coraggiosi corridori che hanno attaccato e formato la fuga di giornata: <strong>Ronan O&#8217;Connor<\/strong> (APS Pro Cycling by Team Cadence Cyclery), <strong>Jos\u00e9 Moreira<\/strong> (GI Group Holding-Simoldes-UDO), <strong>Gon\u00e7alo Rodrigues<\/strong> (\u00d3bidos Cycling Team) e <strong>Joshua Lebo<\/strong> (Meridian Racing p\/b De La Uz).<\/p>\n<p>Il quartetto \u00e8 rimasto in fuga praticamente per tutta la tappa, prima di essere ripreso a soli due chilometri dal traguardo. Ovviamente i quattro hanno dominato anche i traguardi intermedi di giornata: Gon\u00e7alo Rodrigues \u00e8 stato il pi\u00f9 veloce nello sprint intermedio di Alandroal e nel secondo sprint a Vila Vi\u00e7osa, mentre Lebo ha vinto la salita di terza categoria a Castelo de Monsaraz e il primo sprint di abbuono a Vila Vi\u00e7osa. Jos\u00e9 Moreira si \u00e8 aggiudicato anche il premio EBRO per la combattivit\u00e0.<\/p>\n<p>Una volta riassorbita la fuga, i velocisti si sono preparati per una salita tecnica fino al traguardo. <strong>Gon\u00e7alo Rodrigues<\/strong> aveva ancora energie sufficienti per lanciare un attacco a sorpresa, ma <strong>\u00e8 caduto nell&#8217;ultimo chilometro<\/strong>. Rui Oliveira, con indosso la maglia gialla dei Jogos Santa Casa, ha inseguito la vittoria di tappa e ha concluso al quinto posto, ma negli ultimi metri \u00e8 stata la Tavfer-Ovos Matinados-Mort\u00e1gua a festeggiare, grazie al duo Linarez-Matias, con quest&#8217;ultimo miglior corridore portoghese di tappa.<\/p>\n<p>\u201c<strong>Forse ho lanciato lo sprint un po&#8217; troppo presto.<\/strong> Ero gi\u00e0 al limite quando mi hanno superato. Devo congratularmi con Linarez e la Tavfer-Ovos Matinados-Mort\u00e1gua. Continuer\u00f2 a provarci. Sono stato in lizza ogni giorno e la vittoria arriver\u00e0. Raggiungere la Torre con la Maglia Gialla era uno dei miei obiettivi e sar\u00e0 davvero speciale\u201d, <strong>ha dichiarato Rui Oliveira.<\/strong><\/p>\n<p>Il campione olimpico rimane quindi leader della Classifica Generale, mentre Daniel Cavia (Burgos-Burpellet-BH) continua a guidare la Classifica a Punti e indossa la Maglia Arancione Galp. Nella classifica scalatori, la Maglia Blu Continente rimane nelle mani di Oscar Rota (Feira dos Sof\u00e1s-Boavista), mentre Adri\u00e0 Pericas (UAE Team Emirates XRG) continua a guidare la Classifica Giovani e indossa la Maglia Bianca Paredes Rota dos M\u00f3veis.<\/p>\n<p>Finora la Volta \u00e8 stata dominata dai pi\u00f9 veloci, ma domenica entra in una nuova fase. Allacciate le cinture: sta per arrivare la salita di Torre, che rappresenta la prima vera prova per i contendenti alla classifica generale.<\/p>\n<p><strong>ORDINE D&#8217;ARRIVO<\/strong><\/p>\n<p>1\u00ba 103 10089663043 MENESES Leangel Elite TAVFER-OVOS MATINADOS-MORT\u00c1GUA (POR) 4:21:42<br \/>2\u00ba 101 10007815756 MATIAS Jo\u00e3o Elite TAVFER-OVOS MATINADOS-MORT\u00c1GUA (POR) 4:21:42 m.t.<br \/>3\u00ba 111 10010116272 CONTTE Tomas Elite AVILUDO &#8211; LOULETANO &#8211; LOUL\u00c9 (POR) 4:21:42 m.t.<br \/>4\u00ba 76 10042535490 BONILLO Iker Elite FEIRA DOS SOF\u00c1S &#8211; BOAVISTA (POR) 4:21:42 m.t.<br \/>5\u00ba 13 10009191136 OLIVEIRA Rui Elite UAE TEAM EMIRATES XRG (UAE) 4:21:42 m.t.<br \/>6\u00ba 22 10041869830 CAVIA Daniel Elite BURGOS-BURPELLET-BH (ESP) 4:21:42 m.t.<br \/>7\u00ba 2 10009870035 MESA Santiago Elite ANICOLOR\/CAMPICARN (POR) 4:21:42 m.t.<br \/>8\u00ba 41 10011044442 EINHORN Itamar Elite NSN DEVELOPMENT TEAM (SUI) 4:21:42 m.t.<br \/>9\u00ba 155 10041175672 NAVAS Alvaro* Sub23 \u00d3BIDOS CYCLING TEAM (POR) 4:21:42 m.t.<br \/>10\u00ba 83 10010714238 CAMPOS Francisco Elite TEAM TAVIRA &#8211; CR\u00c9DITO AGR\u00cdCOLA (POR) 4:21:42 m.t.<\/p>\n","protected":false},"excerpt":{"rendered":"Tre tappe della Volta a Portugal Jogos Santa Casa, pi\u00f9 il prologo d&#8217;apertura, e tre finali in volata.&hellip;\n","protected":false},"author":3,"featured_media":624663,"comment_status":"","ping_status":"","sticky":false,"template":"","format":"standard","meta":{"footnotes":"","_share_on_mastodon":"0"},"categories":[1456],"tags":[1824,1825,1537,90,89,344428,245,244,344612,16741,32317],"class_list":["post-624662","post","type-post","status-publish","format-standard","has-post-thumbnail","category-ciclismo","tag-ciclismo","tag-cycling","tag-it","tag-italia","tag-italy","tag-leangel-linarez","tag-sport","tag-sports","tag-tavfer-ovos-matinados-mortagua","tag-volata","tag-volta-a-portugal"],"share_on_mastodon":{"url":"https:\/\/pubeurope.com\/@it\/117063769503644955","error":""},"_links":{"self":[{"href":"https:\/\/www.europesays.com\/it\/wp-json\/wp\/v2\/posts\/624662","targetHints":{"allow":["GET"]}}],"collection":[{"href":"https:\/\/www.europesays.com\/it\/wp-json\/wp\/v2\/posts"}],"about":[{"href":"https:\/\/www.europesays.com\/it\/wp-json\/wp\/v2\/types\/post"}],"author":[{"embeddable":true,"href":"https:\/\/www.europesays.com\/it\/wp-json\/wp\/v2\/users\/3"}],"replies":[{"embeddable":true,"href":"https:\/\/www.europesays.com\/it\/wp-json\/wp\/v2\/comments?post=624662"}],"version-history":[{"count":0,"href":"https:\/\/www.europesays.com\/it\/wp-json\/wp\/v2\/posts\/624662\/revisions"}],"wp:featuredmedia":[{"embeddable":true,"href":"https:\/\/www.europesays.com\/it\/wp-json\/wp\/v2\/media\/624663"}],"wp:attachment":[{"href":"https:\/\/www.europesays.com\/it\/wp-json\/wp\/v2\/media?parent=624662"}],"wp:term":[{"taxonomy":"category","embeddable":true,"href":"https:\/\/www.europesays.com\/it\/wp-json\/wp\/v2\/categories?post=624662"},{"taxonomy":"post_tag","embeddable":true,"href":"https:\/\/www.europesays.com\/it\/wp-json\/wp\/v2\/tags?post=624662"}],"curies":[{"name":"wp","href":"https:\/\/api.w.org\/{rel}","templated":true}]}}