{"id":624967,"date":"2026-08-09T09:51:25","date_gmt":"2026-08-09T09:51:25","guid":{"rendered":"https:\/\/www.europesays.com\/it\/624967\/"},"modified":"2026-08-09T09:51:25","modified_gmt":"2026-08-09T09:51:25","slug":"vuelta-a-espana-2026-la-partecipazione-di-primoz-roglic-e-in-dubbio-dopo-lincidente-in-allenamento","status":"publish","type":"post","link":"https:\/\/www.europesays.com\/it\/624967\/","title":{"rendered":"Vuelta a Espa\u00f1a 2026, la partecipazione di Primo\u017e Rogli\u010d \u00e8 in dubbio dopo l\u2019incidente in allenamento"},"content":{"rendered":"<p>\t\tAlessandro Farina9 Agosto 2026, 9:36<\/p>\n<p> Tempo di lettura: 1 Minuto <\/p>\n<p>\t\t<img width=\"2560\" height=\"1707\" src=\"https:\/\/www.europesays.com\/it\/wp-content\/uploads\/2026\/03\/1256915064-scaled.jpg\" class=\"attachment-full size-full wp-post-image\" alt=\"\" data-main-img=\"1\" decoding=\"async\" fetchpriority=\"high\"  \/><\/p>\n<p>\t\t\t\t\t\t\t \u00a9 Sirotti<\/p>\n<p>\t\t\t\t\t<a href=\"https:\/\/cyclingpro.net\/spaziociclismo\/altro\/scopri-lapp-ufficiale-di-spaziociclismo\/\" title=\"\" rel=\"nofollow noopener\" target=\"_blank\"><br \/>\n\t\t\t\t\t\t<img loading=\"lazy\" decoding=\"async\" src=\"https:\/\/www.europesays.com\/it\/wp-content\/uploads\/2025\/09\/1758060682_662_Banner-App-SpazioCiclismo.png\" alt=\"\" width=\"728\" height=\"91\"\/><br \/>\n\t\t\t\t\t<\/a><\/p>\n<p><strong>Primo\u017e Rogli\u010d<\/strong> potrebbe dover rinunciare alla <strong>Vuelta a Espa\u00f1a 2026<\/strong>, il suo grande obiettivo stagionale. Il corridore della <strong>Red Bull-BORA-hansgrohe<\/strong> sta infatti ancora recuperando dopo <a href=\"https:\/\/cyclingpro.net\/spaziociclismo\/worldtour\/red-bull-bora-hansgrohe-primoz-roglic-colpito-da-una-macchina-in-allenamento-salta-san-sebastian-e-vuelta-a-burgos\/\" rel=\"nofollow noopener\" target=\"_blank\">l\u2019incidente subito in allenamento a fine luglio<\/a>, in cui ha riportato diversi ematomi dopo lo scontro con un\u2019auto. Lo sloveno \u00e8 stato costretto a saltare sia la Clasica di San Sebastian che la Vuelta a Burgos, corse che sarebbero dovute servire come rifinitura in vista del Grande Giro spagnolo. Secondo quanto riportato da Ciro Scognamiglio della Gazzetta dello Sport, le possibilit\u00e0 attuali che Rogli\u010d partecipi alla Vuelta sono cinquanta e cinquanta. Resta quindi una situazione incerta, in quanto le condizioni del 36enne non sono ancora evidentemente tornate al meglio e la decisione definitiva verr\u00e0 probabilmente presa solo a ridosso della partenza.<\/p>\n<p> <a href=\"https:\/\/cyclingpro.net\/spaziociclismo\/abbonati\/\" rel=\"nofollow noopener\" target=\"_blank\"><img decoding=\"async\" src=\"https:\/\/www.europesays.com\/it\/wp-content\/uploads\/2026\/07\/Banner-AdFree-SpazioCiclismo.png\"\/><\/a><\/p>\n<p>Seguici<\/p>\n<p>\t\t\t\t\t\t\t\t\t\t<a href=\"https:\/\/news.google.com\/publications\/CAAqKQgKIiNDQklTRkFnTWFoQUtEbU41WTJ4cGJtZHdjbTh1Ym1WMEtBQVAB?hl=it&amp;gl=IT&amp;ceid=IT%3Ait\" title=\"Google News\" target=\"_blank\" rel=\"nofollow noopener\" class=\"post-followus-btn google-new-btn\"><br \/>\n\t\t\t\t\t\t<img decoding=\"async\" src=\"https:\/\/cyclingpro.net\/spaziociclismo\/wp-content\/themes\/jannah\/assets\/images\/google-news.svg\" alt=\"Google News\" loading=\"lazy\" width=\"120\" height=\"22\"\/><br \/>\n\t\t\t\t\t<\/a><br \/>\n\t\t\t\t\t\t\t\t\t\t<a href=\"https:\/\/flipboard.com\/@SpazioCiclismo\" title=\"Flipboard\" target=\"_blank\" rel=\"nofollow noopener\" class=\"post-followus-btn flipboard-btn\"><br \/>\n\t\t\t\t\t\t<img decoding=\"async\" src=\"https:\/\/cyclingpro.net\/spaziociclismo\/wp-content\/themes\/jannah\/assets\/images\/flipboard.svg\" alt=\"Flipboard\" loading=\"lazy\" width=\"152\" height=\"30\"\/><br \/>\n\t\t\t\t\t<\/a><\/p>\n","protected":false},"excerpt":{"rendered":"Alessandro Farina9 Agosto 2026, 9:36 Tempo di lettura: 1 Minuto \u00a9 Sirotti Primo\u017e Rogli\u010d potrebbe dover rinunciare alla&hellip;\n","protected":false},"author":3,"featured_media":392722,"comment_status":"","ping_status":"","sticky":false,"template":"","format":"standard","meta":{"footnotes":"","_share_on_mastodon":"0"},"categories":[1456],"tags":[1824,1825,1537,90,89,1879,245,244,37023],"class_list":["post-624967","post","type-post","status-publish","format-standard","has-post-thumbnail","category-ciclismo","tag-ciclismo","tag-cycling","tag-it","tag-italia","tag-italy","tag-primoz-roglic","tag-sport","tag-sports","tag-vuelta-a-espana-2026"],"share_on_mastodon":{"url":"https:\/\/pubeurope.com\/@it\/117064938489199027","error":""},"_links":{"self":[{"href":"https:\/\/www.europesays.com\/it\/wp-json\/wp\/v2\/posts\/624967","targetHints":{"allow":["GET"]}}],"collection":[{"href":"https:\/\/www.europesays.com\/it\/wp-json\/wp\/v2\/posts"}],"about":[{"href":"https:\/\/www.europesays.com\/it\/wp-json\/wp\/v2\/types\/post"}],"author":[{"embeddable":true,"href":"https:\/\/www.europesays.com\/it\/wp-json\/wp\/v2\/users\/3"}],"replies":[{"embeddable":true,"href":"https:\/\/www.europesays.com\/it\/wp-json\/wp\/v2\/comments?post=624967"}],"version-history":[{"count":0,"href":"https:\/\/www.europesays.com\/it\/wp-json\/wp\/v2\/posts\/624967\/revisions"}],"wp:featuredmedia":[{"embeddable":true,"href":"https:\/\/www.europesays.com\/it\/wp-json\/wp\/v2\/media\/392722"}],"wp:attachment":[{"href":"https:\/\/www.europesays.com\/it\/wp-json\/wp\/v2\/media?parent=624967"}],"wp:term":[{"taxonomy":"category","embeddable":true,"href":"https:\/\/www.europesays.com\/it\/wp-json\/wp\/v2\/categories?post=624967"},{"taxonomy":"post_tag","embeddable":true,"href":"https:\/\/www.europesays.com\/it\/wp-json\/wp\/v2\/tags?post=624967"}],"curies":[{"name":"wp","href":"https:\/\/api.w.org\/{rel}","templated":true}]}}