{"id":625345,"date":"2026-08-09T15:48:16","date_gmt":"2026-08-09T15:48:16","guid":{"rendered":"https:\/\/www.europesays.com\/it\/625345\/"},"modified":"2026-08-09T15:48:16","modified_gmt":"2026-08-09T15:48:16","slug":"fedez-la-prima-foto-di-famiglia-con-giulia-honegger-e-il-piccolo-edoardo-ma-in-braccio-ce-il-cane","status":"publish","type":"post","link":"https:\/\/www.europesays.com\/it\/625345\/","title":{"rendered":"Fedez, la prima foto di famiglia con Giulia Honegger e il piccolo Edoardo (ma in braccio c&#8217;\u00e8 il cane)"},"content":{"rendered":"<p class=\"has-dropcap body dropcap\">Una fotografia semplice, quasi privata, per raccontare un&#8217;<a href=\"https:\/\/www.vanityfair.it\/topic\/estate\" isautogenerated=\"true\" rel=\"nofollow noopener\" target=\"_blank\">estate<\/a> che per <a href=\"https:\/\/www.vanityfair.it\/topic\/fedez\" isautogenerated=\"true\" rel=\"nofollow noopener\" target=\"_blank\"><strong>Fedez<\/strong><\/a> \u00e8 iniziata in modo tutt&#8217;altro che semplice. Il rapper <a data-offer-url=\"https:\/\/www.instagram.com\/stories\/fedez\/?hl=en\" class=\"external-link\" data-event-click=\"{&quot;element&quot;:&quot;ExternalLink&quot;,&quot;outgoingURL&quot;:&quot;https:\/\/www.instagram.com\/stories\/fedez\/?hl=en&quot;}\" href=\"https:\/\/www.instagram.com\/stories\/fedez\/?hl=en\" rel=\"nofollow noopener\" target=\"_blank\">ha condiviso nelle sue <strong>Instagram Stories<\/strong><\/a> la prima <strong>foto di famiglia<\/strong> insieme alla <strong>compagna <a href=\"https:\/\/www.vanityfair.it\/article\/chi-e-giulia-honegger-nuova-fiamma-fedez\" target=\"_blank\" rel=\"nofollow noopener\">Giulia Honegger<\/a><\/strong> e al piccolo <a href=\"https:\/\/www.vanityfair.it\/article\/fedez-papa-per-terza-volta-nato-edoardo-lupo-giulia-honegger\" target=\"_blank\" rel=\"nofollow noopener\"><strong>Edoardo Lupo<\/strong><\/a>, nato lo scorso 16 luglio. L<\/p>\n<p>o scatto \u00e8 stato realizzato in <a href=\"https:\/\/www.vanityfair.it\/gallery\/airbnb-sardegna-migliori\" target=\"_blank\" rel=\"nofollow noopener\"><strong>Sardegna<\/strong><\/a>, dove la coppia sta trascorrendo alcuni giorni di vacanza: \u00e8 un selfie davanti a uno specchio, con alle spalle una piscina e, sullo sfondo, il <a href=\"https:\/\/www.vanityfair.it\/topic\/mare\" isautogenerated=\"true\" rel=\"nofollow noopener\" target=\"_blank\">mare<\/a>. Giulia tiene in braccio il cane, mentre accanto a lei si vede la culla con il piccolo Edoardo.<\/p>\n<p>\u00c8 una <strong>fotografia di famiglia<\/strong>, ma con un piccolo dettaglio che non \u00e8 passato inosservato. Nel selfie davanti allo specchio, Fedez e Giulia sono insieme al piccolo <a href=\"https:\/\/www.vanityfair.it\/article\/fedez-retroscena-gravidanza-giulia-honegger-nascita-figlio-motivo-rottura-pio-amedeo\" target=\"_blank\" rel=\"nofollow noopener\"><strong>Edoardo<\/strong><\/a>, che per\u00f2 non \u00e8 in braccio a nessuno: il neonato \u00e8 nella sua culla, mentre Giulia tiene stretto il cane di famiglia. Sullo sfondo, oltre alla piscina della casa (o dell&#8217;hotel) in cui stanno trascorrendo le vacanze, si intravede il mare della Sardegna. Non ci sono scritte, se non un cuore bianco, ma \u00e8 la prima volta che il rapper mostra insieme, nello stesso scatto, Giulia, Edoardo e s\u00e9 stesso, dopo la nascita del bambino.<\/p>\n<p>Un&#8217;immagine coerente con il <strong>modo molto pi\u00f9 riservato<\/strong> con cui Fedez ha scelto di raccontare questa nuova fase della sua vita. Edoardo Lupo Lucia <strong>\u00e8 il terzo figlio del rapper<\/strong>, dopo Leone e Vittoria, nati dalla relazione con <a href=\"https:\/\/www.vanityfair.it\/topic\/chiara-ferragni\" isautogenerated=\"true\" rel=\"nofollow noopener\" target=\"_blank\"><strong>Chiara Ferragni<\/strong><\/a> (che si trova in vacanza con la famiglia a <a href=\"https:\/\/www.vanityfair.it\/article\/case-vacanze-mare-formentera-yoga\" target=\"_blank\" rel=\"nofollow noopener\"><strong>Formentera<\/strong><\/a>) e il primo avuto con Giulia Honegger. La sua nascita era stata infatti tenuta inizialmente lontana dai riflettori: la notizia aveva iniziato a circolare il 17 luglio, il giorno dopo il <a href=\"https:\/\/www.vanityfair.it\/topic\/parto\" isautogenerated=\"true\" rel=\"nofollow noopener\" target=\"_blank\">parto<\/a>, e Fedez l&#8217;aveva confermata sui social il 18 luglio con alcune fotografie dall&#8217;ospedale e una breve dedica: <strong>\u00abUna gioia cos\u00ec grande\u00bb<\/strong>.<\/p>\n<p>Anche la <a href=\"https:\/\/www.vanityfair.it\/topic\/gravidanza\" isautogenerated=\"true\" rel=\"nofollow noopener\" target=\"_blank\">gravidanza<\/a> era stata raccontata in modo molto diverso rispetto al passato. Fedez aveva ufficializzato l&#8217;arrivo del terzo figlio ad aprile con una <strong>fotografia di Giulia con il pancione<\/strong>, ma nei mesi successivi aveva scelto di condividere molto meno della propria vita privata rispetto agli anni trascorsi accanto a <a href=\"https:\/\/www.vanityfair.it\/article\/chiara-ferragni-film-come-distruggere-ex-rapporti-oggi-fedez\" target=\"_blank\" rel=\"nofollow noopener\"><strong>Chiara Ferragni<\/strong><\/a>. Anche l&#8217;arrivo di Edoardo al <a href=\"https:\/\/www.vanityfair.it\/article\/san-raffaele-embrione-impiantato-paziente-sbagliata-cosa-successo-conseguenze\" target=\"_blank\" rel=\"nofollow noopener\"><strong>San Raffaele di Milano<\/strong><\/a> era avvenuto lontano dal clamore, prima che il rapper decidesse di presentarlo pubblicamente. Una scelta che aveva segnato un cambiamento rispetto alla grande esposizione social con cui erano state raccontate le nascite, e pi\u00f9 in generale la crescita, di <strong>Leone e Vittoria<\/strong>.<\/p>\n<p><script async src=\"\/\/www.instagram.com\/embed.js\"><\/script><\/p>\n","protected":false},"excerpt":{"rendered":"Una fotografia semplice, quasi privata, per raccontare un&#8217;estate che per Fedez \u00e8 iniziata in modo tutt&#8217;altro che semplice.&hellip;\n","protected":false},"author":3,"featured_media":596759,"comment_status":"","ping_status":"","sticky":false,"template":"","format":"standard","meta":{"footnotes":"","_share_on_mastodon":"0"},"categories":[1451],"tags":[1621,1620,203,466,204,1537,90,89],"class_list":["post-625345","post","type-post","status-publish","format-standard","has-post-thumbnail","category-celebrita","tag-celebrita","tag-celebrities","tag-entertainment","tag-fedez","tag-intrattenimento","tag-it","tag-italia","tag-italy"],"share_on_mastodon":{"url":"https:\/\/pubeurope.com\/@it\/117066341197056732","error":""},"_links":{"self":[{"href":"https:\/\/www.europesays.com\/it\/wp-json\/wp\/v2\/posts\/625345","targetHints":{"allow":["GET"]}}],"collection":[{"href":"https:\/\/www.europesays.com\/it\/wp-json\/wp\/v2\/posts"}],"about":[{"href":"https:\/\/www.europesays.com\/it\/wp-json\/wp\/v2\/types\/post"}],"author":[{"embeddable":true,"href":"https:\/\/www.europesays.com\/it\/wp-json\/wp\/v2\/users\/3"}],"replies":[{"embeddable":true,"href":"https:\/\/www.europesays.com\/it\/wp-json\/wp\/v2\/comments?post=625345"}],"version-history":[{"count":0,"href":"https:\/\/www.europesays.com\/it\/wp-json\/wp\/v2\/posts\/625345\/revisions"}],"wp:featuredmedia":[{"embeddable":true,"href":"https:\/\/www.europesays.com\/it\/wp-json\/wp\/v2\/media\/596759"}],"wp:attachment":[{"href":"https:\/\/www.europesays.com\/it\/wp-json\/wp\/v2\/media?parent=625345"}],"wp:term":[{"taxonomy":"category","embeddable":true,"href":"https:\/\/www.europesays.com\/it\/wp-json\/wp\/v2\/categories?post=625345"},{"taxonomy":"post_tag","embeddable":true,"href":"https:\/\/www.europesays.com\/it\/wp-json\/wp\/v2\/tags?post=625345"}],"curies":[{"name":"wp","href":"https:\/\/api.w.org\/{rel}","templated":true}]}}