{"id":625429,"date":"2026-08-09T17:09:16","date_gmt":"2026-08-09T17:09:16","guid":{"rendered":"https:\/\/www.europesays.com\/it\/625429\/"},"modified":"2026-08-09T17:09:16","modified_gmt":"2026-08-09T17:09:16","slug":"tallulah-willis-si-e-sposata-la-figlia-di-bruce-willis-e-demi-moore-ha-detto-si-a-justin-acee","status":"publish","type":"post","link":"https:\/\/www.europesays.com\/it\/625429\/","title":{"rendered":"Tallulah Willis si \u00e8 sposata: la figlia di Bruce Willis e Demi Moore ha detto s\u00ec a Justin Acee"},"content":{"rendered":"<p class=\"has-dropcap body dropcap\"><strong>Tallulah Willis si \u00e8 sposata<\/strong>. La figlia pi\u00f9 giovane di <a href=\"https:\/\/www.vanityfair.it\/topic\/bruce-willis\" target=\"_blank\" rel=\"nofollow noopener\"><strong>Bruce Willis<\/strong><\/a> e <a href=\"https:\/\/www.vanityfair.it\/article\/bruce-willis-71-anni-dediche-social-emma-heming-demi-moore-tutto-cio-di-cui-hai-bisogno-amore\" target=\"_blank\" rel=\"nofollow noopener\"><strong>Demi Moore<\/strong><\/a> ha detto s\u00ec al musicista Justin Acee a Sun Valley, in Idaho, in una cerimonia circondata dalla famiglia e dagli amici. Per il grande giorno c&#8217;erano le persone pi\u00f9 importanti della sua vita, a partire dalla madre e dalle sorelle maggiori <a href=\"https:\/\/www.vanityfair.it\/article\/rumer-willis-malattia-cambiato-mio-padre-bruce-willis-macho-tenerezza\" target=\"_blank\" rel=\"nofollow noopener\"><strong>Rumer<\/strong><\/a> e <a href=\"https:\/\/www.vanityfair.it\/article\/bruce-willis-malattia-nuova-foto-figlie-talullah-scout-sei-papa-migliore-di-sempre\" target=\"_blank\" rel=\"nofollow noopener\"><strong>Scout Willis<\/strong><\/a>, che hanno accompagnato Tallulah nei giorni precedenti alle <a href=\"https:\/\/www.vanityfair.it\/topic\/nozze\" isautogenerated=\"true\" rel=\"nofollow noopener\" target=\"_blank\">nozze<\/a> e durante i preparativi.<\/p>\n<p>Il <a href=\"https:\/\/www.vanityfair.it\/topic\/matrimonio\" isautogenerated=\"true\" rel=\"nofollow noopener\" target=\"_blank\">matrimonio<\/a> arriva dopo il fidanzamento della coppia, annunciato nel dicembre 2024. <strong>Justin Acee<\/strong>, musicista che si esibisce con il nome Nighties, aveva fatto la proposta durante le festivit\u00e0 natalizie, in un momento molto intimo che <a href=\"https:\/\/www.vanityfair.it\/article\/la-figlia-di-bruce-willis-critica-foto-del-padre-malato-instagram-ho-scelto-di-condividere-la-sua-gioia\" target=\"_blank\" rel=\"nofollow noopener\"><strong>Tallulah<\/strong><\/a> aveva poi condiviso sui social mostrando anche l&#8217;anello. Da allora la figlia di Bruce Willis e <a href=\"https:\/\/www.vanityfair.it\/article\/demi-moore-difende-emma-heming-attaccata-per-aver-spostato-bruce-willis-in-unaltra-casa-ha-fatto-un-lavoro-magistrale\" target=\"_blank\" rel=\"nofollow noopener\"><strong>Demi Moore<\/strong><\/a> aveva raccontato con discrezione l&#8217;avvicinamento al matrimonio, senza per\u00f2 svelare troppo dei preparativi.<\/p>\n<p>L&#8217;abito Balenciaga di Tallulah Willis<\/p>\n<p>Per il s\u00ec Tallulah ha scelto un abito couture di <a href=\"https:\/\/www.vanityfair.it\/topic\/balenciaga\" isautogenerated=\"true\" rel=\"nofollow noopener\" target=\"_blank\"><strong>Balenciaga<\/strong><\/a>, disegnato da <strong>Pierpaolo Piccioli<\/strong> e realizzato appositamente per lei. La prova finale, raccontata da <a href=\"https:\/\/www.vanityfair.it\/topic\/vogue\" isautogenerated=\"true\" rel=\"nofollow noopener\" target=\"_blank\">Vogue<\/a> America, \u00e8 diventata anche un momento di famiglia: Tallulah ha indossato l&#8217;abito davanti alla madre Demi Moore e alle sorelle <a href=\"https:\/\/www.vanityfair.it\/article\/rumer-willis-mantenuta-genitori-polemica\" target=\"_blank\" rel=\"nofollow noopener\"><strong>Rumer<\/strong><\/a> e Scout, che hanno assistito emozionate all&#8217;ultima prova.<\/p>\n<p>L&#8217;abito \u00e8 <strong>in raso di seta<\/strong>, senza spalline, con un corpetto strutturato, una silhouette aderente, un lungo strascico e un grande fiocco sul retro. Anche il velo \u00e8 stato realizzato a mano nell&#8217;atelier Balenciaga. Per completare il progetto sono state necessarie <strong>centinaia di ore di lavoro (712, per l&#8217;esattezza)<\/strong>, tra costruzione, modifiche e ricami.<\/p>\n<p>La scelta di Piccioli ha anche un legame con Demi Moore. La scollatura dell&#8217;abito di Tallulah prende infatti ispirazione da una creazione Balenciaga indossata dalla madre <strong>alla festa degli <a href=\"https:\/\/www.vanityfair.it\/topic\/oscar\" isautogenerated=\"true\" rel=\"nofollow noopener\" target=\"_blank\">Oscar<\/a> di <a href=\"https:\/\/www.vanityfair.it\/topic\/vanity-fair\" isautogenerated=\"true\" rel=\"nofollow noopener\" target=\"_blank\">Vanity Fair<\/a><\/strong> all&#8217;inizio dell&#8217;anno. Un piccolo omaggio al rapporto tra madre e figlia.<\/p>\n","protected":false},"excerpt":{"rendered":"Tallulah Willis si \u00e8 sposata. La figlia pi\u00f9 giovane di Bruce Willis e Demi Moore ha detto s\u00ec&hellip;\n","protected":false},"author":3,"featured_media":625430,"comment_status":"","ping_status":"","sticky":false,"template":"","format":"standard","meta":{"footnotes":"","_share_on_mastodon":"0"},"categories":[1451],"tags":[1622,1621,1620,62836,203,204,1537,90,89,8866],"class_list":["post-625429","post","type-post","status-publish","format-standard","has-post-thumbnail","category-celebrita","tag-bruce-willis","tag-celebrita","tag-celebrities","tag-demi-moore","tag-entertainment","tag-intrattenimento","tag-it","tag-italia","tag-italy","tag-matrimonio"],"share_on_mastodon":{"url":"https:\/\/pubeurope.com\/@it\/117066659657377256","error":""},"_links":{"self":[{"href":"https:\/\/www.europesays.com\/it\/wp-json\/wp\/v2\/posts\/625429","targetHints":{"allow":["GET"]}}],"collection":[{"href":"https:\/\/www.europesays.com\/it\/wp-json\/wp\/v2\/posts"}],"about":[{"href":"https:\/\/www.europesays.com\/it\/wp-json\/wp\/v2\/types\/post"}],"author":[{"embeddable":true,"href":"https:\/\/www.europesays.com\/it\/wp-json\/wp\/v2\/users\/3"}],"replies":[{"embeddable":true,"href":"https:\/\/www.europesays.com\/it\/wp-json\/wp\/v2\/comments?post=625429"}],"version-history":[{"count":0,"href":"https:\/\/www.europesays.com\/it\/wp-json\/wp\/v2\/posts\/625429\/revisions"}],"wp:featuredmedia":[{"embeddable":true,"href":"https:\/\/www.europesays.com\/it\/wp-json\/wp\/v2\/media\/625430"}],"wp:attachment":[{"href":"https:\/\/www.europesays.com\/it\/wp-json\/wp\/v2\/media?parent=625429"}],"wp:term":[{"taxonomy":"category","embeddable":true,"href":"https:\/\/www.europesays.com\/it\/wp-json\/wp\/v2\/categories?post=625429"},{"taxonomy":"post_tag","embeddable":true,"href":"https:\/\/www.europesays.com\/it\/wp-json\/wp\/v2\/tags?post=625429"}],"curies":[{"name":"wp","href":"https:\/\/api.w.org\/{rel}","templated":true}]}}