{"id":625603,"date":"2026-08-09T19:33:16","date_gmt":"2026-08-09T19:33:16","guid":{"rendered":"https:\/\/www.europesays.com\/it\/625603\/"},"modified":"2026-08-09T19:33:16","modified_gmt":"2026-08-09T19:33:16","slug":"li-auto-fa-sul-serio-cosa-sappiamo-del-nuovo-brand-cinese-che-sta-per-arrivare-in-europa-news","status":"publish","type":"post","link":"https:\/\/www.europesays.com\/it\/625603\/","title":{"rendered":"Li Auto fa sul serio. Cosa sappiamo del nuovo brand cinese che sta per arrivare in Europa &#8211; News"},"content":{"rendered":"<p>\n            Anche Li Auto accelera sull&#8217;Europa. Il marchio cinese delle auto elettriche e dei SUV intelligenti prepara il debutto europeo con l&#8217;i6, il modello che in Cina \u00e8 gi\u00e0 diventato un bestseller e che punta direttamente a BMW, Mercedes e Audi\n        <\/p>\n<p>              9 agosto 2026<\/p>\n<p>La nuova generazione di marchi cinesi che guarda <a href=\"https:\/\/www.automoto.it\/news\/toyota-gr86-2027-arriva-l-aggiornamento-migliora-la-dinamica-di-guida-e-debutta-il-nuovo-eyesight.html\" rel=\"nofollow noopener\" target=\"_blank\"><strong>all&#8217;Europa<\/strong><\/a> non punta solo su prezzi aggressivi, ma su tecnologia, comfort e software, e <strong>Li<\/strong> <strong>Auto<\/strong> \u00e8 uno dei nomi che sta crescendo pi\u00f9 <strong>rapidamente<\/strong>.<\/p>\n<p>Fondata nel <strong>2015<\/strong>, l&#8217;azienda si \u00e8 fatta conoscere in <a href=\"https:\/\/www.automoto.it\/prove\/zeekr-8x-primo-contatto-con-il-maxi-suv-ibrido-plug-in-da-oltre-1-000-kw-arrivera-in-europa.html\" rel=\"nofollow noopener\" target=\"_blank\"><strong>Cina<\/strong><\/a> con grandi SUV elettrificati a lunga autonomia, ma oggi sta accelerando anche sulle auto elettriche pure. I numeri aiutano a capire perch\u00e9 il marchio venga seguito con attenzione: nel <strong>2025<\/strong> Li Auto ha superato le <strong>420.000<\/strong> <strong>consegne<\/strong> <strong>globali<\/strong>, mentre nel primo trimestre del <strong>2026<\/strong> ha consegnato oltre <strong>95.000<\/strong> <strong>veicoli<\/strong>.<\/p>\n<p>Finora il gruppo era rimasto quasi totalmente concentrato sul mercato cinese, ma il <strong>2026<\/strong> segna un cambio di passo. L&#8217;azienda ha aperto un centro di ricerca e sviluppo a <strong>Monaco<\/strong> <strong>di<\/strong> <strong>Baviera<\/strong>, \u00e8 entrata nella Camera di Commercio cinese presso <strong>l&#8217;Ue<\/strong> e sta costruendo una struttura dedicata all&#8217;espansione internazionale. <strong>L&#8217;obiettivo \u00e8 chiaro<\/strong>: trasformare <strong>l&#8217;export<\/strong> in uno dei pilastri della crescita futura. Per questo motivo Li Auto sta investendo non solo nei prodotti, ma anche in <strong>rete<\/strong> <strong>commerciale<\/strong>, <strong>assistenza<\/strong>, <strong>logistica<\/strong>, <strong>ricambi<\/strong> e adattamento alle <strong>normative<\/strong> <strong>europee<\/strong>.<\/p>\n<p>            La carica europea di Li Auto<\/p>\n<p>Il <strong>modello<\/strong> che guider\u00e0 l&#8217;ingresso in Europa sar\u00e0 il nuovo <strong>Li Auto i6<\/strong>, e secondo Automotive News Europe il debutto commerciale \u00e8 previsto nella seconda met\u00e0 del <strong>2026<\/strong>. Si tratta di un <strong>SUV<\/strong> <strong>elettrico<\/strong> lungo quasi <strong>5<\/strong> <strong>metri<\/strong>, quindi pi\u00f9 grande di molti rivali premium europei della stessa categoria. In Cina l&#8217;i6 \u00e8 gi\u00e0 diventato il modello pi\u00f9 venduto del <strong>marchio<\/strong>, con quasi <strong>99.000<\/strong> <strong>unit\u00e0<\/strong> <strong>immatricolate<\/strong> nei primi cinque mesi del <strong>2026<\/strong>.<\/p>\n<p>Il posizionamento \u00e8 molto ambizioso: l&#8217;i6 andr\u00e0 a sfidare direttamente <strong>Audi Q4 e-tron, BMW iX3, Polestar 4 e la Mercedes GLC elettrica<\/strong>. La scheda tecnica punta chiaramente su autonomia e ricarica. Il SUV utilizza una batteria da <strong>87<\/strong> <strong>kWh<\/strong>, dichiara fino a <strong>720<\/strong> <strong>km<\/strong> nel ciclo cinese <strong>CLTC<\/strong> e supporta una ricarica fino a <strong>500<\/strong> <strong>kW<\/strong>, un valore superiore a quello di molti concorrenti attuali.<\/p>\n<p>Li Auto mette inoltre l&#8217;accento su comfort e silenziosit\u00e0: <strong>sospensioni<\/strong> <strong>attive<\/strong>, impianto audio con 20 altoparlanti, doppio schermo da 15,7 pollici e schermo posteriore per i passeggeri. Il <strong>debutto<\/strong> <strong>europeo<\/strong> \u00e8 atteso al <strong>Salone<\/strong> <strong>di<\/strong> <strong>Parigi<\/strong> <strong>2026<\/strong>, primo grande palcoscenico continentale per il nuovo SUV elettrico.<\/p>\n<p>            La strategia del brand cinese<\/p>\n<p>Dietro al lancio <strong>dell&#8217;i6<\/strong> c\u2019\u00e8 una strategia pi\u00f9 ampia. Li Auto ha imparato che <strong>affidarsi<\/strong> alle <strong>esportazioni<\/strong> parallele non basta per costruire un marchio globale. Dopo aver registrato la sua prima entit\u00e0 di ricerca all\u2019estero nel <strong>2024<\/strong>, ha aperto nel <strong>2025<\/strong> il centro <strong>R&amp;D tedesco<\/strong> con team dedicati a design, powertrain elettrici, semiconduttori, telaio e certificazioni europee.<\/p>\n<p>In parallelo sta facendo esperienza in <strong>Medio<\/strong> <strong>Oriente<\/strong> e <strong>Asia<\/strong> <strong>Centrale<\/strong> con centri vendita e assistenza diretti. L&#8217;Europa, per\u00f2, rappresenta la fase pi\u00f9 delicata. L&#8217;azienda sta assumendo manager locali per mercati come <strong>Spagna<\/strong> e <strong>Polonia<\/strong> e cerca profili con competenze su privacy dei dati, antitrust e incentivi alle auto elettriche.<\/p>\n<p>Questo indica che Li Auto vuole <strong>localizzare<\/strong> davvero il <strong>business<\/strong>, non limitarsi a spedire auto dalla Cina. Per il momento non sono stati annunciati impianti produttivi europei e la strategia iniziale rester\u00e0 basata sull&#8217;export. A differenza del <strong>Medio<\/strong> <strong>Oriente<\/strong>, dove il marchio lancer\u00e0 soprattutto i suoi SUV a lunga autonomia con <strong>range<\/strong> <strong>extender<\/strong>, in Europa la priorit\u00e0 sar\u00e0 la gamma <strong>100%<\/strong> <strong>elettrica<\/strong>, con l&#8217;i6 e gli altri modelli della serie i.<\/p>\n<p><strong>La sfida sar\u00e0 complessa<\/strong>: Volkswagen, BMW, Mercedes, Tesla e i marchi cinesi gi\u00e0 presenti hanno un vantaggio di notoriet\u00e0 e rete. Ma Li Auto arriva con una combinazione interessante di spazio, tecnologia, ricarica ultrarapida e forte esperienza software maturata in Cina. E soprattutto con la consapevolezza che il mercato europeo non si conquista in <strong>pochi<\/strong> <strong>mesi<\/strong>, ma costruendo nel tempo fiducia, assistenza e qualit\u00e0 percepita.<\/p>\n","protected":false},"excerpt":{"rendered":"Anche Li Auto accelera sull&#8217;Europa. Il marchio cinese delle auto elettriche e dei SUV intelligenti prepara il debutto&hellip;\n","protected":false},"author":3,"featured_media":625604,"comment_status":"","ping_status":"","sticky":false,"template":"","format":"standard","meta":{"footnotes":"","_share_on_mastodon":"0"},"categories":[173],"tags":[2765,28889,4463,181,356,3085,1537,90,89,345204,7,195,198,199,197,200,201,194,196],"class_list":["post-625603","post","type-post","status-publish","format-standard","has-post-thumbnail","category-scienza-e-tecnologia","tag-auto","tag-auto-cinesi","tag-auto-elettrica","tag-auto-elettriche","tag-cina","tag-europa","tag-it","tag-italia","tag-italy","tag-li-auto","tag-news","tag-science","tag-science-and-technology","tag-scienceandtechnology","tag-scienza","tag-scienza-e-tecnologia","tag-scienzaetecnologia","tag-technology","tag-tecnologia"],"share_on_mastodon":{"url":"https:\/\/pubeurope.com\/@it\/117067226294062035","error":""},"_links":{"self":[{"href":"https:\/\/www.europesays.com\/it\/wp-json\/wp\/v2\/posts\/625603","targetHints":{"allow":["GET"]}}],"collection":[{"href":"https:\/\/www.europesays.com\/it\/wp-json\/wp\/v2\/posts"}],"about":[{"href":"https:\/\/www.europesays.com\/it\/wp-json\/wp\/v2\/types\/post"}],"author":[{"embeddable":true,"href":"https:\/\/www.europesays.com\/it\/wp-json\/wp\/v2\/users\/3"}],"replies":[{"embeddable":true,"href":"https:\/\/www.europesays.com\/it\/wp-json\/wp\/v2\/comments?post=625603"}],"version-history":[{"count":0,"href":"https:\/\/www.europesays.com\/it\/wp-json\/wp\/v2\/posts\/625603\/revisions"}],"wp:featuredmedia":[{"embeddable":true,"href":"https:\/\/www.europesays.com\/it\/wp-json\/wp\/v2\/media\/625604"}],"wp:attachment":[{"href":"https:\/\/www.europesays.com\/it\/wp-json\/wp\/v2\/media?parent=625603"}],"wp:term":[{"taxonomy":"category","embeddable":true,"href":"https:\/\/www.europesays.com\/it\/wp-json\/wp\/v2\/categories?post=625603"},{"taxonomy":"post_tag","embeddable":true,"href":"https:\/\/www.europesays.com\/it\/wp-json\/wp\/v2\/tags?post=625603"}],"curies":[{"name":"wp","href":"https:\/\/api.w.org\/{rel}","templated":true}]}}