{"id":625862,"date":"2026-08-09T23:40:21","date_gmt":"2026-08-09T23:40:21","guid":{"rendered":"https:\/\/www.europesays.com\/it\/625862\/"},"modified":"2026-08-09T23:40:21","modified_gmt":"2026-08-09T23:40:21","slug":"i-luoghi-e-le-notizie-piu-letti-della-settimana-su-siviaggia","status":"publish","type":"post","link":"https:\/\/www.europesays.com\/it\/625862\/","title":{"rendered":"I luoghi e le notizie pi\u00f9 letti della settimana su SiViaggia"},"content":{"rendered":"<p>Dall\u2019eclissi pi\u00f9 attesa del secolo ai borghi sospesi tra cielo e roccia, passando per cascate cristalline, fortezze medievali e vacanze da re e regine, ecco <strong>gli articoli che hanno conquistato i lettori<\/strong> di SiViaggia questa settimana. Una selezione per non perdersi proprio nulla di ci\u00f2 che accade e che racconta le <strong>destinazioni e le curiosit\u00e0<\/strong> che hanno acceso la voglia di partire e di esplorare il mondo in tutte le sue sfaccettature.\n<\/p>\n<p>L\u2019eclissi del 12 agosto: dove vederla dall\u2019Italia e nel mondo<\/p>\n<p>\u00c8 senza dubbio<strong> uno degli appuntamenti pi\u00f9 attesi dell\u2019estate 2026<\/strong> e l\u2019interesse dei viaggiatori lo dimostra: l\u2019<strong>eclissi totale di Sole<\/strong> del 12 agosto \u00e8 tra i contenuti pi\u00f9 letti della settimana su SiViaggia.<\/p>\n<p>La fascia della totalit\u00e0 attraverser\u00e0 alcuni dei luoghi pi\u00f9 spettacolari del Nord Atlantico e dell\u2019Europa,<strong> dalla Groenlandia all\u2019Islanda<\/strong>, passando per <a href=\"https:\/\/siviaggia.it\/destinazioni\/europa\/spagna\/\" rel=\"nofollow noopener\" target=\"_blank\">Spagna<\/a> e <a href=\"https:\/\/siviaggia.it\/destinazioni\/europa\/portogallo\/\" rel=\"nofollow noopener\" target=\"_blank\">Portogallo<\/a>. In particolare, la penisola iberica sar\u00e0 una delle destinazioni pi\u00f9 interessanti per assistere allo spettacolo, con il Sole che verr\u00e0 oscurato dalla Luna mentre si avvicina <strong>all\u2019orizzonte al tramonto<\/strong>: lo dimostra anche il <a href=\"https:\/\/siviaggia.it\/notizie\/eclissi-sole-12-agosto-2026-record-prenotazioni-spagna-islanda\/597954\/\" rel=\"nofollow noopener\" target=\"_blank\">boom di prenotazioni<\/a> che si stanno registrando\u2026nessuno vuole perdersi quest\u2019occasione rarissima.<\/p>\n<p>E <strong>dall\u2019Italia?<\/strong> Anche il nostro Paese potr\u00e0 godersi il fenomeno, ma soltanto in forma <strong>parziale<\/strong>. Le pi\u00f9 fortunate saranno le <strong>regioni del Nord-Ovest<\/strong>: in alcune zone del Piemonte l\u2019oscuramento superer\u00e0 il 90%, mentre anche Lombardia, Liguria, Valle d\u2019Aosta e altre aree del Nord potranno offrire scorci altamente suggestivi. Il momento dell\u2019eclissi coincider\u00e0 inoltre con il tramonto, rendendo ancora pi\u00f9 importante scegliere un <strong>punto con l\u2019orizzonte libero verso ovest<\/strong>. Siete pronti all\u2019evento pi\u00f9 atteso dell\u2019estate?<\/p>\n<p><strong>Qui il nostro articolo su dove ammirare l\u2019eclissi del secolo in Italia<\/strong>: <a href=\"https:\/\/siviaggia.it\/notizie\/eclissi-solare-italia-agosto-2026-dove-vederla\/596503\/\" rel=\"nofollow noopener\" target=\"_blank\">L\u2019eclissi solare pi\u00f9 attesa dell\u2019anno sar\u00e0 visibile anche dall\u2019Italia: i luoghi migliori per vederla<\/a><\/p>\n<p><strong>Qui il nostro articolo con tutte le info<\/strong>: <a href=\"https:\/\/siviaggia.it\/informazioni-utili\/eclissi-totale-sole-12-agosto-2026-dove-come-osservarla\/598297\/\" rel=\"nofollow noopener\" target=\"_blank\">Eclissi totale di sole del 12 agosto 2026: dove e come osservarla. La guida completa<\/a><\/p>\n<p>Puentedey, il borgo spagnolo costruito sul \u201cPonte di Dio\u201d<\/p>\n<p>Ci sono luoghi che sembrano<strong> usciti veramente da una fiaba<\/strong>, e <strong>Puentedey<\/strong> \u00e8 esattamente uno di questi.<\/p>\n<p>Nel nord della provincia di <strong>Burgos<\/strong>, in Spagna, un piccolo borgo medievale \u00e8 stato costruito sopra un <strong>enorme arco naturale di roccia<\/strong> scavato dal fiume Nela.\u00a0Il risultato \u00e8 sorprendente: le case in pietra e legno, la chiesa romanica e l\u2019antico palazzo fortificato sembrano poggiare direttamente sulla montagna. Non a caso il nome del luogo deriva dalla tradizione popolare che attribuiva la formazione del gigantesco ponte naturale a Dio.<\/p>\n<p>Con solo una <strong>cinquantina di abitanti,<\/strong> Puentedey \u00e8 entrato nella rete dei <strong>Pueblos M\u00e1s Bonitos de Espa\u00f1a<\/strong>, ma il fascino che emana va ben oltre le sue dimensioni. Una tappa da segnare per il vostro itinerario alla scoperta della regione spagnola di Castiglia e Le\u00f3n.<\/p>\n<p><strong>Qui il nostro articolo<\/strong>: <a href=\"https:\/\/siviaggia.it\/borghi\/puentedey-spagna\/597976\/\" rel=\"nofollow noopener\" target=\"_blank\">L\u2019incantevole borgo di pietra costruito sul leggendario Ponte di Dio: Puentedey, gioiello spagnolo<\/a><\/p>\n<p>Le Fonts d\u2019Algar, il paradiso d\u2019acqua nascosto in Costa Blanca<\/p>\n<p>Dimenticate per un momento le spiagge affollate e i grattacieli di Benidorm. A poca distanza dalla celebre localit\u00e0 della <a href=\"https:\/\/siviaggia.it\/idee-di-viaggio\/spiagge-costa-blanca-spagna\/598372\/\" rel=\"nofollow noopener\" target=\"_blank\">Costa Blanca<\/a> si nasconde un paesaggio completamente diverso, fatto di cascate, sorgenti e <a href=\"https:\/\/siviaggia.it\/vacanze-natura\/dove-fare-bagno-lombardia\/592497\/\" rel=\"nofollow noopener\" target=\"_blank\">piscine naturali<\/a> dalle acque turchesi.<\/p>\n<p>Sono le <strong>Fonts d\u2019Algar<\/strong>, un\u2019oasi verde modellata dall\u2019acqua nel cuore della Sierra de B\u00e8rnia. Il percorso segue il corso del fiume per circa un chilometro e mezzo, tra passerelle, ponticelli e pareti di roccia calcarea, ma il vero spettacolo sono i cosiddetti <strong>tolls<\/strong>: pozze naturali alimentate dalle sorgenti, in cui l\u2019acqua mantiene una temperatura intorno ai <strong>17-18 gradi<\/strong>. Un dettaglio che rende questo luogo particolarmente invitante proprio in questo periodo estivo dalle temperature estreme.<\/p>\n<p><strong>Qui il nostro articolo<\/strong>: <a href=\"https:\/\/siviaggia.it\/vacanze-natura\/fonts-d-algar-spagna\/597515\/\" rel=\"nofollow noopener\" target=\"_blank\">Frescura smeraldo tra le rocce della Costa Blanca: viaggio nel regno segreto delle Fonts d\u2019Algar<\/a><\/p>\n<p>Le fortezze della Linguadoca diventate Patrimonio UNESCO<\/p>\n<p>Hanno conquistato il primo posto degli <a href=\"https:\/\/siviaggia.it\/notizie\/luoghi-viaggi-hanno-fatto-sognare-luglio-2026\/597649\/\" rel=\"nofollow noopener\" target=\"_blank\">articoli pi\u00f9 letti di luglio<\/a> e continuano ad affascinare i nostri lettori: le <strong>Fortezze reali della Linguadoca<\/strong> sono tornate sotto ai riflettori per perch\u00e9 sono entrate ufficialmente nella lista del <strong>Patrimonio Mondiale UNESCO <\/strong>(cos\u00ec come gli splendidi <a href=\"https:\/\/siviaggia.it\/idee-di-viaggio\/teatri-condominiali-patrimonio-unesco-itinerario-italia-centrale\/597213\/\" rel=\"nofollow noopener\" target=\"_blank\">teatri condominiali italiani<\/a>).<\/p>\n<p>Costruite in posizione strategica tra montagne, vallate e paesaggi selvaggi, queste\u00a0<strong>otto imponenti roccaforti<\/strong> raccontano una parte fondamentale della storia del sud della Francia e della nascita del potere reale nella regione. Tra le pi\u00f9 spettacolari ci sono il <a href=\"https:\/\/siviaggia.it\/posti-incredibili\/castello-montsegur-francia\/598260\/\" rel=\"nofollow noopener\" target=\"_blank\">castello di Monts\u00e9gur<\/a>, arroccato a oltre 1.200 metri, la f<a href=\"https:\/\/siviaggia.it\/posti-incredibili\/castello-peyrepertuse-francia\/571407\/\" rel=\"nofollow noopener\" target=\"_blank\">ortezza di Peyrepertuse<\/a>, lunga circa 300 metri, e il celebre complesso fortificato di <a href=\"https:\/\/siviaggia.it\/idee-di-viaggio\/carcassonne-francia\/523126\/\" rel=\"nofollow noopener\" target=\"_blank\">Carcassonne<\/a>.<\/p>\n<p><strong>Qui il nostro articolo:<\/strong> <a href=\"https:\/\/siviaggia.it\/idee-di-viaggio\/fortezze-reali-linguadoca-occitania-francia\/597348\/\" rel=\"nofollow noopener\" target=\"_blank\">Fortezze reali della Linguadoca, un viaggio tra i castelli medievali dell\u2019Occitania<\/a><\/p>\n<p>Dove vanno in vacanza i reali nell\u2019estate 2026<\/p>\n<p>Anche le famiglie reali hanno le loro destinazioni del cuore, ed \u00e8 curioso scoprire dove hanno deciso di trascorre questa calda estate re, regine, principi e principesse.<\/p>\n<p>La famiglia reale britannica si ritrova come da tradizione a <a href=\"https:\/\/siviaggia.it\/notizie\/visitare-castello-balmoral-regina-elisabetta\/451874\/\" rel=\"nofollow noopener\" target=\"_blank\">Balmoral<\/a>, in Scozia, mentre <strong>William e Kate<\/strong> hanno raggiunto la tenuta insieme ai figli. <strong>Harry e Meghan<\/strong> hanno invece trascorso parte dell\u2019estate tra diverse destinazioni europee.<\/p>\n<p>In Spagna, la famiglia reale ha scelto ancora una volta <a href=\"https:\/\/siviaggia.it\/idee-di-viaggio\/cosa-vedere-a-palma-di-maiorca\/207832\/\" rel=\"nofollow noopener\" target=\"_blank\">Palma di Maiorca<\/a>, mentre i giovani reali danesi hanno optato per i festival musicali. Le principesse dei Paesi Bassi si sono invece concesse una fuga in Grecia, nella loro villa sull\u2019Egeo, e la famiglia reale belga ha scelto una localit\u00e0 sulla costa atlantica francese.<\/p>\n<p><strong>Qui il nostro articolo<\/strong>: <a href=\"https:\/\/siviaggia.it\/notizie\/dove-vanno-vacanza-famiglie-reali-estate-2026\/597850\/\" rel=\"nofollow noopener\" target=\"_blank\">Dove vanno in vacanza i reali quest\u2019estate, tra isole segrete e fughe da favola<\/a><\/p>\n<p>Le migliori citt\u00e0 al mondo dove vivere se hai meno di 30 anni<\/p>\n<p>Quali sono le citt\u00e0 in cui i<strong> giovani under 30<\/strong> vorrebbero vivere almeno una volta? A rispondere \u00e8 una <strong>nuova classifica internazionale<\/strong> di Time Out, che ha messo a confronto diverse metropoli tenendo conto di aspetti come qualit\u00e0 della vita, divertimento, cultura, socialit\u00e0 e opportunit\u00e0 per le nuove generazioni.<\/p>\n<p>Il risultato porta alla scoperta di destinazioni molto diverse tra loro, da grandi capitali internazionali a citt\u00e0 meno scontate, considerate particolarmente interessanti per chi cerca un ambiente dinamico e ricco di possibilit\u00e0. Nella top 20 <strong>spunta anche una citt\u00e0 italiana<\/strong>, che ha ottenuto grandi apprezzamenti per determinate categorie. Secondo voi, di quale metropoli si tratta?<\/p>\n<p><strong>Qui il nostro articolo:<\/strong> <a href=\"https:\/\/siviaggia.it\/notizie\/migliori-citta-mondo-dove-vivere-sotto-30-anni-classifica-2026-time-out\/598602\/\" rel=\"nofollow noopener\" target=\"_blank\">Le 20 migliori citt\u00e0 al mondo in cui vivere sotto i 30 anni: nella classifica 2026 c\u2019\u00e8 un\u2019italiana<\/a><\/p>\n","protected":false},"excerpt":{"rendered":"Dall\u2019eclissi pi\u00f9 attesa del secolo ai borghi sospesi tra cielo e roccia, passando per cascate cristalline, fortezze medievali&hellip;\n","protected":false},"author":3,"featured_media":625863,"comment_status":"","ping_status":"","sticky":false,"template":"","format":"standard","meta":{"footnotes":"","_share_on_mastodon":"0"},"categories":[6],"tags":[29557,14,1533,8,1537,90,89,5857,7,15,82,9,83,10,13,11,80,84,12,81,85],"class_list":["post-625862","post","type-post","status-publish","format-standard","has-post-thumbnail","category-ultime-notizie","tag-cascate","tag-cronaca","tag-estate","tag-headlines","tag-it","tag-italia","tag-italy","tag-itinerari-culturali","tag-news","tag-notizie","tag-notizie-di-cronaca","tag-notizie-principali","tag-notiziedicronaca","tag-notizieprincipali","tag-titoli","tag-ultime-notizie","tag-ultime-notizie-di-cronaca","tag-ultime-notizie-e-news-di-oggi","tag-ultimenotizie","tag-ultimenotiziedicronaca","tag-ultimenotizieenewsdioggi"],"share_on_mastodon":{"url":"https:\/\/pubeurope.com\/@it\/117068197204547329","error":""},"_links":{"self":[{"href":"https:\/\/www.europesays.com\/it\/wp-json\/wp\/v2\/posts\/625862","targetHints":{"allow":["GET"]}}],"collection":[{"href":"https:\/\/www.europesays.com\/it\/wp-json\/wp\/v2\/posts"}],"about":[{"href":"https:\/\/www.europesays.com\/it\/wp-json\/wp\/v2\/types\/post"}],"author":[{"embeddable":true,"href":"https:\/\/www.europesays.com\/it\/wp-json\/wp\/v2\/users\/3"}],"replies":[{"embeddable":true,"href":"https:\/\/www.europesays.com\/it\/wp-json\/wp\/v2\/comments?post=625862"}],"version-history":[{"count":0,"href":"https:\/\/www.europesays.com\/it\/wp-json\/wp\/v2\/posts\/625862\/revisions"}],"wp:featuredmedia":[{"embeddable":true,"href":"https:\/\/www.europesays.com\/it\/wp-json\/wp\/v2\/media\/625863"}],"wp:attachment":[{"href":"https:\/\/www.europesays.com\/it\/wp-json\/wp\/v2\/media?parent=625862"}],"wp:term":[{"taxonomy":"category","embeddable":true,"href":"https:\/\/www.europesays.com\/it\/wp-json\/wp\/v2\/categories?post=625862"},{"taxonomy":"post_tag","embeddable":true,"href":"https:\/\/www.europesays.com\/it\/wp-json\/wp\/v2\/tags?post=625862"}],"curies":[{"name":"wp","href":"https:\/\/api.w.org\/{rel}","templated":true}]}}