{"id":626088,"date":"2026-08-10T05:07:03","date_gmt":"2026-08-10T05:07:03","guid":{"rendered":"https:\/\/www.europesays.com\/it\/626088\/"},"modified":"2026-08-10T05:07:03","modified_gmt":"2026-08-10T05:07:03","slug":"gimenez-pellegrino-pinamonti-e-piccoli-che-intrecci-e-il-ballo-delle-punte","status":"publish","type":"post","link":"https:\/\/www.europesays.com\/it\/626088\/","title":{"rendered":"Gimenez, Pellegrino, Pinamonti e Piccoli: che intrecci! \u00c8 il ballo delle punte"},"content":{"rendered":"<p>Tutti li cercano, tutti li vogliono, nessuno se li prende.<b><strong> Il mercato degli attaccanti per i club di Serie A <\/strong><\/b>sembra essere giorno dopo giorno uno dei pi\u00f9 floridi e invece pi\u00f9 passa il tempo e meno movimenti concreti si riescono a registrare nonostante interessamenti e soprattutto necessit\u00e0.<\/p>\n<p>E i nomi in ballo sono anche importanti, vanno da <b><strong>Gimenez a Pinamonti, da Piccoli a Pellegrino <\/strong><\/b>e riguardano societ\u00e0 altrettanto importanti come Juventus, Fiorentina, Bologna e soprattutto Lazio, ma l&#8217;intreccio che riguarda tutte queste societ\u00e0 oggi non riesce a sbloccare neanche un acquisto\/cessione.<\/p>\n","protected":false},"excerpt":{"rendered":"Tutti li cercano, tutti li vogliono, nessuno se li prende. Il mercato degli attaccanti per i club di&hellip;\n","protected":false},"author":3,"featured_media":626089,"comment_status":"","ping_status":"","sticky":false,"template":"","format":"standard","meta":{"footnotes":"","_share_on_mastodon":"0"},"categories":[176],"tags":[132890,1744,586,2263,1537,90,89,558,5188,315842,553,1543,50483,6299,245,244],"class_list":["post-626088","post","type-post","status-publish","format-standard","has-post-thumbnail","category-sport","tag-a-pinamonti","tag-ac-milan","tag-bologna","tag-fiorentina","tag-it","tag-italia","tag-italy","tag-juventus","tag-lazio","tag-m-pellegrino","tag-milan","tag-parma-calcio-1913","tag-s-gimenez","tag-sassuolo","tag-sport","tag-sports"],"share_on_mastodon":{"url":"https:\/\/pubeurope.com\/@it\/117069483798401201","error":""},"_links":{"self":[{"href":"https:\/\/www.europesays.com\/it\/wp-json\/wp\/v2\/posts\/626088","targetHints":{"allow":["GET"]}}],"collection":[{"href":"https:\/\/www.europesays.com\/it\/wp-json\/wp\/v2\/posts"}],"about":[{"href":"https:\/\/www.europesays.com\/it\/wp-json\/wp\/v2\/types\/post"}],"author":[{"embeddable":true,"href":"https:\/\/www.europesays.com\/it\/wp-json\/wp\/v2\/users\/3"}],"replies":[{"embeddable":true,"href":"https:\/\/www.europesays.com\/it\/wp-json\/wp\/v2\/comments?post=626088"}],"version-history":[{"count":0,"href":"https:\/\/www.europesays.com\/it\/wp-json\/wp\/v2\/posts\/626088\/revisions"}],"wp:featuredmedia":[{"embeddable":true,"href":"https:\/\/www.europesays.com\/it\/wp-json\/wp\/v2\/media\/626089"}],"wp:attachment":[{"href":"https:\/\/www.europesays.com\/it\/wp-json\/wp\/v2\/media?parent=626088"}],"wp:term":[{"taxonomy":"category","embeddable":true,"href":"https:\/\/www.europesays.com\/it\/wp-json\/wp\/v2\/categories?post=626088"},{"taxonomy":"post_tag","embeddable":true,"href":"https:\/\/www.europesays.com\/it\/wp-json\/wp\/v2\/tags?post=626088"}],"curies":[{"name":"wp","href":"https:\/\/api.w.org\/{rel}","templated":true}]}}