{"id":626098,"date":"2026-08-10T05:15:15","date_gmt":"2026-08-10T05:15:15","guid":{"rendered":"https:\/\/www.europesays.com\/it\/626098\/"},"modified":"2026-08-10T05:15:15","modified_gmt":"2026-08-10T05:15:15","slug":"caldo-e-notti-tropicali-luca-mercalli-il-mare-non-fa-piu-dormire-meglio-non-andarci-destate-cosa-succede-al-corpo-umano","status":"publish","type":"post","link":"https:\/\/www.europesays.com\/it\/626098\/","title":{"rendered":"Caldo e notti tropicali, Luca Mercalli: \u00abIl mare non fa pi\u00f9 dormire, meglio non andarci d&#8217;estate\u00bb. Cosa succede al corpo umano"},"content":{"rendered":"<p>Ci sono notti in cui il termometro, anche dopo mezzanotte, sembra essersi fermato l\u00ec dove era rimasto nel pomeriggio. Non \u00e8 una sensazione: \u00e8 un fenomeno che ha un nome preciso, <strong>notti tropicali<\/strong>, ed \u00e8 al centro della riflessione del climatologo <strong><a href=\"https:\/\/www.leggo.it\/t\/luca-mercalli\" rel=\"nofollow noopener\" target=\"_blank\">Luca Mercalli<\/a><\/strong>, che ne spiega origine e conseguenze, arrivando a una conclusione che ha fatto discutere: \u00abParadossalmente, sarebbe meglio non andare al mare d&#8217;estate, e andarci a maggio e giugno\u00bb.<\/p>\n<p><a class=\"link_item\" data-linked_from=\"null\" href=\"https:\/\/www.leggo.it\/italia\/cronache\/07_agosto_2026_caldo_record_mediterraneo_acqua_mare_calda-9695787.html\" rel=\"nofollow noopener\" target=\"_blank\"> Caldo record, il Mediterraneo \u00e8 bollente con 33 gradi anche in profondit\u00e0: \u00abCorrenti fresche possono causare eventi estremi\u00bb<\/a><\/p>\n<p> Cosa sono le notti tropicali  <\/p>\n<p>Per notte tropicale si intende, convenzionalmente, quella in cui la temperatura minima non scende sotto i 20 gradi, ma nelle zone costiere di questa estate si registrano valori ben pi\u00f9 alti, fino a 25-27 gradi. Il motivo, spiega Mercalli in un&#8217;intervista al Fatto Quotidiano, va cercato nel comportamento fisico del mare: \u00abIl mare \u00e8 un gigantesco volano termico, impiega molto tempo a scaldarsi, per\u00f2 una volta che \u00e8 caldo resta tale per mesi\u00bb. Un meccanismo che, con il progressivo riscaldamento del Mediterraneo, sta trasformando le coste italiane in una delle zone pi\u00f9 colpite dal fenomeno.<\/p>\n","protected":false},"excerpt":{"rendered":"Ci sono notti in cui il termometro, anche dopo mezzanotte, sembra essersi fermato l\u00ec dove era rimasto nel&hellip;\n","protected":false},"author":3,"featured_media":626099,"comment_status":"","ping_status":"","sticky":false,"template":"","format":"standard","meta":{"footnotes":"","_share_on_mastodon":"0"},"categories":[79],"tags":[3118,14,93,94,1537,90,89,309071,7,15,11,84,91,12,85,92],"class_list":["post-626098","post","type-post","status-publish","format-standard","has-post-thumbnail","category-italia","tag-caldo-record","tag-cronaca","tag-cronaca-italiana","tag-cronacaitaliana","tag-it","tag-italia","tag-italy","tag-luca-mercalli","tag-news","tag-notizie","tag-ultime-notizie","tag-ultime-notizie-e-news-di-oggi","tag-ultime-notizie-italia","tag-ultimenotizie","tag-ultimenotizieenewsdioggi","tag-ultimenotizieitalia"],"share_on_mastodon":{"url":"https:\/\/pubeurope.com\/@it\/117069518799588502","error":""},"_links":{"self":[{"href":"https:\/\/www.europesays.com\/it\/wp-json\/wp\/v2\/posts\/626098","targetHints":{"allow":["GET"]}}],"collection":[{"href":"https:\/\/www.europesays.com\/it\/wp-json\/wp\/v2\/posts"}],"about":[{"href":"https:\/\/www.europesays.com\/it\/wp-json\/wp\/v2\/types\/post"}],"author":[{"embeddable":true,"href":"https:\/\/www.europesays.com\/it\/wp-json\/wp\/v2\/users\/3"}],"replies":[{"embeddable":true,"href":"https:\/\/www.europesays.com\/it\/wp-json\/wp\/v2\/comments?post=626098"}],"version-history":[{"count":0,"href":"https:\/\/www.europesays.com\/it\/wp-json\/wp\/v2\/posts\/626098\/revisions"}],"wp:featuredmedia":[{"embeddable":true,"href":"https:\/\/www.europesays.com\/it\/wp-json\/wp\/v2\/media\/626099"}],"wp:attachment":[{"href":"https:\/\/www.europesays.com\/it\/wp-json\/wp\/v2\/media?parent=626098"}],"wp:term":[{"taxonomy":"category","embeddable":true,"href":"https:\/\/www.europesays.com\/it\/wp-json\/wp\/v2\/categories?post=626098"},{"taxonomy":"post_tag","embeddable":true,"href":"https:\/\/www.europesays.com\/it\/wp-json\/wp\/v2\/tags?post=626098"}],"curies":[{"name":"wp","href":"https:\/\/api.w.org\/{rel}","templated":true}]}}