{"id":626183,"date":"2026-08-10T06:39:22","date_gmt":"2026-08-10T06:39:22","guid":{"rendered":"https:\/\/www.europesays.com\/it\/626183\/"},"modified":"2026-08-10T06:39:22","modified_gmt":"2026-08-10T06:39:22","slug":"stellantis-richiama-20-mila-modelli-rischio-incendio-per-un-guasto","status":"publish","type":"post","link":"https:\/\/www.europesays.com\/it\/626183\/","title":{"rendered":"Stellantis richiama 20 mila modelli, rischio incendio per un guasto"},"content":{"rendered":"<p>Un difetto nel posizionamento di alcuni cavi mette in pericolo la sicurezza di circa <strong>20 mila auto<\/strong> dei marchi <strong>Stellantis<\/strong> prodotte e distribuite in Francia. L\u2019azienda ha quindi indetto un richiamo, per assicurarsi che l\u2019usura non porti a un rischio di incendio.<\/p>\n<p>Si tratta di auto piuttosto diffuse, tra cui anche la <strong>Grande<\/strong> <strong>Panda<\/strong>. Il difetto \u00e8 per\u00f2 stato registrato soltanto nei primi modelli prodotti nel 2025, e quindi il richiamo risulta relativamente limitato.\n<\/p>\n<p>Perch\u00e9 20 mila auto di Stellantis sono state richiamate<\/p>\n<p>Il problema che ha portato a questo richiamo riguarda i cavi che servono ad alimentare il servosterzo. Nelle auto prodotte su piattaforma <strong>Smart<\/strong> <strong>Car<\/strong> all\u2019inizio del 2025 e distribuite in Francia, il fascio di cavi \u00e8 posizionato in modo tale che le normali vibrazioni che si verificano durante la marcia rischiano di danneggiare la guaina protettiva.<\/p>\n<p>Alla lunga, questa potrebbe consumarsi completamente, esponendo i cavi e portando al rischio concreto di un cortocircuito. Le conseguenze di questo incidente potrebbero essere molto gravi, fino all\u2019incendio dell\u2019intero veicolo. Per questa ragione \u00e8 molto importante far riparare questo difetto <strong>il prima possibile<\/strong>.<\/p>\n<p>Quali sono i modelli coinvolti<\/p>\n<p>Non sono ancora stati segnalati incidenti relativi a questo difetto, anche perch\u00e9 si tratta di un problema che emerge con l\u2019usura e le auto coinvolte hanno poco pi\u00f9 di un anno di vita. <strong>I modelli coinvolti sono<\/strong>:<\/p>\n<ul>\n<li>Citro\u00ebn C3, prodotte tra il 21 febbraio e il 21 maggio 2025;<\/li>\n<li>Citro\u00ebn C3 Aircross, prodotte tra il 24 febbraio e il 21 maggio 2025;<\/li>\n<li>Fiat Grande Panda, prodotte tra agosto 2024 e aprile 2025;<\/li>\n<li>Opel Frontera, prodotte tra l\u201911 marzo e il 21 maggio 2025.<\/li>\n<\/ul>\n<p>Il richiamo di ognuno di questi\u00a0 marchi ha un suo codice identificativo relativo al richiamo: GW9 per Citro\u00ebn, F60B per <a href=\"https:\/\/quifinanza.it\/economia\/stellantis-nuovo-piano-sviluppo-italia-mirafiori\/869622\/\" rel=\"nofollow noopener\" target=\"_blank\">Fiat<\/a> e KV9 per Opel.<\/p>\n<p>Come sapere se la propria auto \u00e8 coinvolta<\/p>\n<p>Per sapere se la propria auto \u00e8 coinvolta nel richiamo si hanno<strong> due opzioni<\/strong>:<\/p>\n<ul>\n<li>o si attende la lettera del produttore, che Stellantis invier\u00e0 a ogni proprietario che ha acquistato un\u2019auto richiamata;<\/li>\n<li>o si pu\u00f2 verificare se il codice VIN della propria auto \u00e8 tra quelli dell\u2019elenco elle auto richiamate.<\/li>\n<\/ul>\n<p>Il<strong> codice VIN<\/strong> identifica il telaio di ogni singolo modello e si trova sia sulla carta di circolazione, sia sul contrassegno visibile dal parabrezza anteriore dell\u2019auto.<\/p>\n<p>Quanto dura e quanto costa la riparazione<\/p>\n<p>La riparazione \u00e8 relativamente rapida. Un\u2019officina certificata <a href=\"https:\/\/quifinanza.it\/lavoro\/stellantis-mirafiori-ferma-blocco-500\/1007868\/\" rel=\"nofollow noopener\" target=\"_blank\">Stellantis<\/a> dovrebbe poterla effettuare in poco pi\u00f9 di <strong>un\u2019ora e mezza.<\/strong> A seguito delle modifiche, l\u2019auto sar\u00e0 completamente sicura e le vibrazioni non metteranno pi\u00f9 in pericolo la guaina del fascio di cavi elettrici che alimentano il servo sterzo.<\/p>\n<p><strong>La riparazione \u00e8 completamente gratuita<\/strong>, visto che si tratta di un guasto causato da un difetto di produzione. Anche se le conseguenze pi\u00f9 gravi di questo difetto provengono dall\u2019usura, \u00e8 sconsigliato attendere. Se si \u00e8 sicuri che la propria auto \u00e8 tra quelle richiamate, \u00e8 pi\u00f9 sicuro portarla immediatamente in officina.<\/p>\n","protected":false},"excerpt":{"rendered":"Un difetto nel posizionamento di alcuni cavi mette in pericolo la sicurezza di circa 20 mila auto dei&hellip;\n","protected":false},"author":3,"featured_media":626184,"comment_status":"","ping_status":"","sticky":false,"template":"","format":"standard","meta":{"footnotes":"","_share_on_mastodon":"0"},"categories":[172],"tags":[178,7511,2765,177,1537,90,89,718],"class_list":["post-626183","post","type-post","status-publish","format-standard","has-post-thumbnail","category-affari","tag-affari","tag-attualita","tag-auto","tag-business","tag-it","tag-italia","tag-italy","tag-stellantis"],"share_on_mastodon":{"url":"https:\/\/pubeurope.com\/@it\/117069844656305488","error":""},"_links":{"self":[{"href":"https:\/\/www.europesays.com\/it\/wp-json\/wp\/v2\/posts\/626183","targetHints":{"allow":["GET"]}}],"collection":[{"href":"https:\/\/www.europesays.com\/it\/wp-json\/wp\/v2\/posts"}],"about":[{"href":"https:\/\/www.europesays.com\/it\/wp-json\/wp\/v2\/types\/post"}],"author":[{"embeddable":true,"href":"https:\/\/www.europesays.com\/it\/wp-json\/wp\/v2\/users\/3"}],"replies":[{"embeddable":true,"href":"https:\/\/www.europesays.com\/it\/wp-json\/wp\/v2\/comments?post=626183"}],"version-history":[{"count":0,"href":"https:\/\/www.europesays.com\/it\/wp-json\/wp\/v2\/posts\/626183\/revisions"}],"wp:featuredmedia":[{"embeddable":true,"href":"https:\/\/www.europesays.com\/it\/wp-json\/wp\/v2\/media\/626184"}],"wp:attachment":[{"href":"https:\/\/www.europesays.com\/it\/wp-json\/wp\/v2\/media?parent=626183"}],"wp:term":[{"taxonomy":"category","embeddable":true,"href":"https:\/\/www.europesays.com\/it\/wp-json\/wp\/v2\/categories?post=626183"},{"taxonomy":"post_tag","embeddable":true,"href":"https:\/\/www.europesays.com\/it\/wp-json\/wp\/v2\/tags?post=626183"}],"curies":[{"name":"wp","href":"https:\/\/api.w.org\/{rel}","templated":true}]}}