{"id":626188,"date":"2026-08-10T06:42:15","date_gmt":"2026-08-10T06:42:15","guid":{"rendered":"https:\/\/www.europesays.com\/it\/626188\/"},"modified":"2026-08-10T06:42:15","modified_gmt":"2026-08-10T06:42:15","slug":"batterio-mangiacarne-nello-stretto-di-messina-bassetti-e-pericoloso-attenti-a-dove-nuotate-cosa-e-i-sintomi-e-i-rischi","status":"publish","type":"post","link":"https:\/\/www.europesays.com\/it\/626188\/","title":{"rendered":"Batterio mangiacarne nello Stretto di Messina, Bassetti: \u00ab\u00c8 pericoloso, attenti a dove nuotate\u00bb. Cosa \u00e8, i sintomi e i rischi"},"content":{"rendered":"<p>Il <strong><a href=\"https:\/\/www.ilmessaggero.it\/t\/vibrio-vulnificus\" rel=\"nofollow noopener\" target=\"_blank\">Vibrio vulnificus<\/a><\/strong>, noto come <strong><a href=\"https:\/\/www.ilmessaggero.it\/t\/batterio-mangiacarne\" rel=\"nofollow noopener\" target=\"_blank\">batterio mangiacarne<\/a><\/strong>, \u00e8 ora sotto osservazione nello <strong><a href=\"https:\/\/www.ilmessaggero.it\/t\/stretto-di-messina\" rel=\"nofollow noopener\" target=\"_blank\">Stretto di Messina<\/a><\/strong>, dove uno studio condotto 21 anni fa dall&#8217;Universit\u00e0 locale ne aveva gi\u00e0 rilevato la presenza nel plancton e nelle acque. A riportare la notizia \u00e8 la Gazzetta del Mezzogiorno. L&#8217;allerta \u00e8 alta a causa dell&#8217;aumento dei casi negli Usa dove il batterio prolifera in acque calde e innalza il rischio di gravi infezioni, inclusa la fascite necrotizzante, per ingestione di frutti di mare crudi o contatto diretto con ferite. Il Dipartimento della Salute americano ha segnalato un decesso nella contea di Palm Beach, su un totale di 12 casi di infezione registrati al 30 luglio. L&#8217;anno scorso i casi erano stati 33 con 5 decessi, e nel 2024 ben 82 con 19 morti, si legge sul sito del Florida Department of Healt.<\/p>\n","protected":false},"excerpt":{"rendered":"Il Vibrio vulnificus, noto come batterio mangiacarne, \u00e8 ora sotto osservazione nello Stretto di Messina, dove uno studio&hellip;\n","protected":false},"author":3,"featured_media":626189,"comment_status":"","ping_status":"","sticky":false,"template":"","format":"standard","meta":{"footnotes":"","_share_on_mastodon":"0"},"categories":[6],"tags":[36620,317943,14,8,1537,90,89,9076,7,15,82,9,83,10,30671,13,11,80,84,12,81,85,309763],"class_list":["post-626188","post","type-post","status-publish","format-standard","has-post-thumbnail","category-ultime-notizie","tag-batterio","tag-batterio-mangia-carne","tag-cronaca","tag-headlines","tag-it","tag-italia","tag-italy","tag-matteo-bassetti","tag-news","tag-notizie","tag-notizie-di-cronaca","tag-notizie-principali","tag-notiziedicronaca","tag-notizieprincipali","tag-stretto-di-messina","tag-titoli","tag-ultime-notizie","tag-ultime-notizie-di-cronaca","tag-ultime-notizie-e-news-di-oggi","tag-ultimenotizie","tag-ultimenotiziedicronaca","tag-ultimenotizieenewsdioggi","tag-vibrio-vulnificus"],"share_on_mastodon":{"url":"https:\/\/pubeurope.com\/@it\/117069856498681755","error":""},"_links":{"self":[{"href":"https:\/\/www.europesays.com\/it\/wp-json\/wp\/v2\/posts\/626188","targetHints":{"allow":["GET"]}}],"collection":[{"href":"https:\/\/www.europesays.com\/it\/wp-json\/wp\/v2\/posts"}],"about":[{"href":"https:\/\/www.europesays.com\/it\/wp-json\/wp\/v2\/types\/post"}],"author":[{"embeddable":true,"href":"https:\/\/www.europesays.com\/it\/wp-json\/wp\/v2\/users\/3"}],"replies":[{"embeddable":true,"href":"https:\/\/www.europesays.com\/it\/wp-json\/wp\/v2\/comments?post=626188"}],"version-history":[{"count":0,"href":"https:\/\/www.europesays.com\/it\/wp-json\/wp\/v2\/posts\/626188\/revisions"}],"wp:featuredmedia":[{"embeddable":true,"href":"https:\/\/www.europesays.com\/it\/wp-json\/wp\/v2\/media\/626189"}],"wp:attachment":[{"href":"https:\/\/www.europesays.com\/it\/wp-json\/wp\/v2\/media?parent=626188"}],"wp:term":[{"taxonomy":"category","embeddable":true,"href":"https:\/\/www.europesays.com\/it\/wp-json\/wp\/v2\/categories?post=626188"},{"taxonomy":"post_tag","embeddable":true,"href":"https:\/\/www.europesays.com\/it\/wp-json\/wp\/v2\/tags?post=626188"}],"curies":[{"name":"wp","href":"https:\/\/api.w.org\/{rel}","templated":true}]}}