{"id":626222,"date":"2026-08-10T07:09:15","date_gmt":"2026-08-10T07:09:15","guid":{"rendered":"https:\/\/www.europesays.com\/it\/626222\/"},"modified":"2026-08-10T07:09:15","modified_gmt":"2026-08-10T07:09:15","slug":"eclissi-totale-di-sole-le-mete-migliori-per-vederla-anche-in-treno-e-in-barca","status":"publish","type":"post","link":"https:\/\/www.europesays.com\/it\/626222\/","title":{"rendered":"Eclissi totale di sole, le mete migliori per vederla (anche in treno e in barca)"},"content":{"rendered":"<p>Per chi invece si trovasse alle isole Baleari, a <b>Palma di Maiorca,<\/b> al secondo posto, l&#8217;eclissi regaler\u00e0 uno scenario da cartolina, con il sole che si oscurer\u00e0 mentre tramonta direttamente sul Mediterraneo prima di regalare 1 minuto e 36 secondi di totalit\u00e0. Qui, il pontile di un traghetto potrebbe essere una delle opzioni pi\u00f9 pratiche per godersi lo spettacolo.<\/p>\n<p>\t\t\t\t\t\t<img decoding=\"async\" class=\"c-extended-card__image j-lazyload\" src=\"https:\/\/www.europesays.com\/it\/wp-content\/uploads\/2026\/08\/palma_di_maiorca_ipa.jpg\" loading=\"lazy\" alt=\"Palma di Maiorca\"\/><\/p>\n<p>Palma di Maiorca  &#8211;  \u00a9IPA\/Fotogramma<\/p>\n","protected":false},"excerpt":{"rendered":"Per chi invece si trovasse alle isole Baleari, a Palma di Maiorca, al secondo posto, l&#8217;eclissi regaler\u00e0 uno&hellip;\n","protected":false},"author":3,"featured_media":626223,"comment_status":"","ping_status":"","sticky":false,"template":"","format":"standard","meta":{"footnotes":"","_share_on_mastodon":"0"},"categories":[6],"tags":[29856,21322,14,369,62924,8,1537,90,89,7,15,82,9,83,10,360,6059,13,11,80,84,12,81,85,7146],"class_list":["post-626222","post","type-post","status-publish","format-standard","has-post-thumbnail","category-ultime-notizie","tag-alto-adige","tag-classifiche","tag-cronaca","tag-digitall","tag-eclissi","tag-headlines","tag-it","tag-italia","tag-italy","tag-news","tag-notizie","tag-notizie-di-cronaca","tag-notizie-principali","tag-notiziedicronaca","tag-notizieprincipali","tag-sole","tag-spagna","tag-titoli","tag-ultime-notizie","tag-ultime-notizie-di-cronaca","tag-ultime-notizie-e-news-di-oggi","tag-ultimenotizie","tag-ultimenotiziedicronaca","tag-ultimenotizieenewsdioggi","tag-viaggi"],"share_on_mastodon":{"url":"https:\/\/pubeurope.com\/@it\/117069963438056587","error":""},"_links":{"self":[{"href":"https:\/\/www.europesays.com\/it\/wp-json\/wp\/v2\/posts\/626222","targetHints":{"allow":["GET"]}}],"collection":[{"href":"https:\/\/www.europesays.com\/it\/wp-json\/wp\/v2\/posts"}],"about":[{"href":"https:\/\/www.europesays.com\/it\/wp-json\/wp\/v2\/types\/post"}],"author":[{"embeddable":true,"href":"https:\/\/www.europesays.com\/it\/wp-json\/wp\/v2\/users\/3"}],"replies":[{"embeddable":true,"href":"https:\/\/www.europesays.com\/it\/wp-json\/wp\/v2\/comments?post=626222"}],"version-history":[{"count":0,"href":"https:\/\/www.europesays.com\/it\/wp-json\/wp\/v2\/posts\/626222\/revisions"}],"wp:featuredmedia":[{"embeddable":true,"href":"https:\/\/www.europesays.com\/it\/wp-json\/wp\/v2\/media\/626223"}],"wp:attachment":[{"href":"https:\/\/www.europesays.com\/it\/wp-json\/wp\/v2\/media?parent=626222"}],"wp:term":[{"taxonomy":"category","embeddable":true,"href":"https:\/\/www.europesays.com\/it\/wp-json\/wp\/v2\/categories?post=626222"},{"taxonomy":"post_tag","embeddable":true,"href":"https:\/\/www.europesays.com\/it\/wp-json\/wp\/v2\/tags?post=626222"}],"curies":[{"name":"wp","href":"https:\/\/api.w.org\/{rel}","templated":true}]}}