{"id":626529,"date":"2026-08-10T11:46:20","date_gmt":"2026-08-10T11:46:20","guid":{"rendered":"https:\/\/www.europesays.com\/it\/626529\/"},"modified":"2026-08-10T11:46:20","modified_gmt":"2026-08-10T11:46:20","slug":"volley-litalia-riprende-la-marcia-verso-gli-europei-i-convocati-per-il-collegiale-con-tre-novita-torna-michieletto","status":"publish","type":"post","link":"https:\/\/www.europesays.com\/it\/626529\/","title":{"rendered":"Volley, l&#8217;Italia riprende la marcia verso gli Europei: i convocati per il collegiale, con tre novit\u00e0. Torna Michieletto!"},"content":{"rendered":"<p><strong>L\u2019Italia si appresta a riprendere la marcia di avvicinamento agli Europei<\/strong> 2026 di volley maschile, che scatteranno il prossimo 9 settembre (gli azzurri incroceranno la Svezia nel match d\u2019apertura presso la Piazza del Plebiscito a Napoli). Dopo aver perso contro gli USA nei quarti di finale della Nations League e avere staccato la spina per qualche giorno, gli azzurri si <strong>rimetteranno al lavoro con un collegiale in quel di Cervia<\/strong> (in provincia di Ravenna).<\/p>\n<p>L\u2019appuntamento \u00e8 per <strong>luned\u00ec 10 agosto<\/strong> nella localit\u00e0 romagnola, dove i Campioni del Mondo rimarranno fino a gioved\u00ec 13 agosto. Il <strong>CT Fef\u00e9 De Giorgi ha selezionato diciassette atleti,<\/strong> ovvero i quattordici uomini che hanno preso parte alla massima competizione internazionale itineranti e tre innesti. Al gruppo <strong>si sono aggregati l\u2019attesissimo schiacciatore Alessandro Michieletto, l\u2019opposto Kamil Rychlicki e il centrale Lorenzo Cortesia.<\/strong><\/p>\n<p><strong>Confermati tutti i big:<\/strong> il palleggiatore <strong>Simone Giannelli<\/strong>, l\u2019opposto<strong> Yuri Roman\u00f2<\/strong>, i martelli <strong>Daniele Lavia e Mattia Bottolo<\/strong>, i centrali <strong>Gianluca Galassi, Roberto Russo e Giovanni Sanguinetti<\/strong>, il libero <strong>Fabio Balaso<\/strong>. Confermati anche il bomber Alessandro Bovolenta, l\u2019emergente centrale Pardo Mati, il secondo regista Riccardo Sbertoli, gli schiacciatori Francesco Sani e Luca Porro, il libero Gabriele Laurenzano.<\/p>\n<p>CONVOCATI RADUNO ITALIA VOLLEY A CERVIA<\/p>\n<p><strong>Palleggiatori:<\/strong>\u00a0Simone Giannelli, Riccardo Sbertoli.<\/p>\n<p><strong>Opposti:<\/strong>\u00a0Alessandro Bovolenta, Kamil Rychlicki, Yuri Roman\u00f2.<\/p>\n<p><strong>Schiacciatori:<\/strong>\u00a0Mattia Bottolo, Daniele Lavia, Alessandro Michieletto, Francesco Sani, Luca Porro.<\/p>\n<p><strong>Centrali:<\/strong>\u00a0Lorenzo Cortesia, Gianluca Galassi, Roberto Russo, Giovanni Sanguinetti, Pardo Mati.<\/p>\n<p><strong>Liberi:<\/strong>\u00a0Fabio Balaso, Gabriele Laurenzano.<\/p>\n","protected":false},"excerpt":{"rendered":"L\u2019Italia si appresta a riprendere la marcia di avvicinamento agli Europei 2026 di volley maschile, che scatteranno il&hellip;\n","protected":false},"author":3,"featured_media":593346,"comment_status":"","ping_status":"","sticky":false,"template":"","format":"standard","meta":{"footnotes":"","_share_on_mastodon":"0"},"categories":[1474],"tags":[113495,24471,24472,24474,1537,90,89,57456,193557,112031,24476,77136,24477,245,244,1869],"class_list":["post-626529","post","type-post","status-publish","format-standard","has-post-thumbnail","category-volley","tag-alessandro-bovolenta","tag-alessandro-michieletto","tag-daniele-lavia","tag-gianluca-galassi","tag-it","tag-italia","tag-italy","tag-mattia-bottolo","tag-nations-league-volley-2026","tag-paolo-porro","tag-riccardo-sbertoli","tag-roberto-russo","tag-simone-giannelli","tag-sport","tag-sports","tag-volley"],"share_on_mastodon":{"url":"https:\/\/pubeurope.com\/@it\/117071051819608461","error":""},"_links":{"self":[{"href":"https:\/\/www.europesays.com\/it\/wp-json\/wp\/v2\/posts\/626529","targetHints":{"allow":["GET"]}}],"collection":[{"href":"https:\/\/www.europesays.com\/it\/wp-json\/wp\/v2\/posts"}],"about":[{"href":"https:\/\/www.europesays.com\/it\/wp-json\/wp\/v2\/types\/post"}],"author":[{"embeddable":true,"href":"https:\/\/www.europesays.com\/it\/wp-json\/wp\/v2\/users\/3"}],"replies":[{"embeddable":true,"href":"https:\/\/www.europesays.com\/it\/wp-json\/wp\/v2\/comments?post=626529"}],"version-history":[{"count":0,"href":"https:\/\/www.europesays.com\/it\/wp-json\/wp\/v2\/posts\/626529\/revisions"}],"wp:featuredmedia":[{"embeddable":true,"href":"https:\/\/www.europesays.com\/it\/wp-json\/wp\/v2\/media\/593346"}],"wp:attachment":[{"href":"https:\/\/www.europesays.com\/it\/wp-json\/wp\/v2\/media?parent=626529"}],"wp:term":[{"taxonomy":"category","embeddable":true,"href":"https:\/\/www.europesays.com\/it\/wp-json\/wp\/v2\/categories?post=626529"},{"taxonomy":"post_tag","embeddable":true,"href":"https:\/\/www.europesays.com\/it\/wp-json\/wp\/v2\/tags?post=626529"}],"curies":[{"name":"wp","href":"https:\/\/api.w.org\/{rel}","templated":true}]}}