{"id":626790,"date":"2026-08-10T15:31:17","date_gmt":"2026-08-10T15:31:17","guid":{"rendered":"https:\/\/www.europesays.com\/it\/626790\/"},"modified":"2026-08-10T15:31:17","modified_gmt":"2026-08-10T15:31:17","slug":"basket-nuova-avventura-per-matteo-cassinerio","status":"publish","type":"post","link":"https:\/\/www.europesays.com\/it\/626790\/","title":{"rendered":"Basket: nuova avventura per Matteo Cassinerio"},"content":{"rendered":"<p>Nuova avventura per Matteo Cassinerio: l&#8217;assistant coach valtellinese, infatti, \u00e8 stato ufficializzato nei giorni scorsi dalla Pallacanestro Trieste, squadra di serie A1 di cui ricoprir\u00e0 il ruolo di assistant coach nello staff tecnico guidato da Francesco Taccetti.<\/p>\n<p>\u201cL&#8217;arrivo di Matteo Cassinerio<strong> <\/strong>rappresenta un tassello fondamentale nel processo di consolidamento e internazionalizzazione della struttura sportiva &#8211; cos\u00ec proprio la Pallacanestro Trieste d\u00e0 il benvenuto a Cassinerio sul suo sito ufficiale -. Reduce da stagioni vissute nell&#8217;\u00e9lite assoluta del basket europeo, il nuovo assistente porter\u00e0 a Trieste un patrimonio di competenze di grande valore. La sua pluriennale esperienza come offensive coordinator, unita a una meticolosa applicazione nell&#8217;analisi video e nello scouting avanzato, arricchir\u00e0 il bagaglio tecnico a disposizione di coach Taccetti e della squadra\u201d.<\/p>\n<p>Al top<\/p>\n<p>Nelle ultime stagioni, Matteo Cassinerio ha fatto effettivamente parte di staff di societ\u00e0 di assoluto livello, come quello della Virtus Bologna, con cui si \u00e8 laureato anche campione d&#8217;Italia, e quello del Real Madrid, con cui ha preso parte all&#8217;Eurolega.<\/p>\n<p>Ora questa nuova avventura a Trieste, societ\u00e0 ambiziosa che punta a essere tra le protagoniste del campionato di serie A1.\u00a0<\/p>\n<p>\u00a0<\/p>\n","protected":false},"excerpt":{"rendered":"Nuova avventura per Matteo Cassinerio: l&#8217;assistant coach valtellinese, infatti, \u00e8 stato ufficializzato nei giorni scorsi dalla Pallacanestro Trieste,&hellip;\n","protected":false},"author":3,"featured_media":626791,"comment_status":"","ping_status":"","sticky":false,"template":"","format":"standard","meta":{"footnotes":"","_share_on_mastodon":"0"},"categories":[1453],"tags":[3825,1756,1757,12414,1537,90,89,345934,18406,245,244],"class_list":["post-626790","post","type-post","status-publish","format-standard","has-post-thumbnail","category-basket","tag-annuncio","tag-basket","tag-basketball","tag-curriculum","tag-it","tag-italia","tag-italy","tag-pallacanestro-trieste-assistant-coach","tag-serie-a1","tag-sport","tag-sports"],"share_on_mastodon":{"url":"https:\/\/pubeurope.com\/@it\/117071937042136331","error":""},"_links":{"self":[{"href":"https:\/\/www.europesays.com\/it\/wp-json\/wp\/v2\/posts\/626790","targetHints":{"allow":["GET"]}}],"collection":[{"href":"https:\/\/www.europesays.com\/it\/wp-json\/wp\/v2\/posts"}],"about":[{"href":"https:\/\/www.europesays.com\/it\/wp-json\/wp\/v2\/types\/post"}],"author":[{"embeddable":true,"href":"https:\/\/www.europesays.com\/it\/wp-json\/wp\/v2\/users\/3"}],"replies":[{"embeddable":true,"href":"https:\/\/www.europesays.com\/it\/wp-json\/wp\/v2\/comments?post=626790"}],"version-history":[{"count":0,"href":"https:\/\/www.europesays.com\/it\/wp-json\/wp\/v2\/posts\/626790\/revisions"}],"wp:featuredmedia":[{"embeddable":true,"href":"https:\/\/www.europesays.com\/it\/wp-json\/wp\/v2\/media\/626791"}],"wp:attachment":[{"href":"https:\/\/www.europesays.com\/it\/wp-json\/wp\/v2\/media?parent=626790"}],"wp:term":[{"taxonomy":"category","embeddable":true,"href":"https:\/\/www.europesays.com\/it\/wp-json\/wp\/v2\/categories?post=626790"},{"taxonomy":"post_tag","embeddable":true,"href":"https:\/\/www.europesays.com\/it\/wp-json\/wp\/v2\/tags?post=626790"}],"curies":[{"name":"wp","href":"https:\/\/api.w.org\/{rel}","templated":true}]}}