{"id":626792,"date":"2026-08-10T15:33:55","date_gmt":"2026-08-10T15:33:55","guid":{"rendered":"https:\/\/www.europesays.com\/it\/626792\/"},"modified":"2026-08-10T15:33:55","modified_gmt":"2026-08-10T15:33:55","slug":"juve-spalletti-col-palermo-gioca-perin-di-gregorio-in-panchina","status":"publish","type":"post","link":"https:\/\/www.europesays.com\/it\/626792\/","title":{"rendered":"Juve, Spalletti: &#8220;Col Palermo gioca Perin&#8221;. Di Gregorio in panchina"},"content":{"rendered":"<p>                                Dopo la papera con l&#8217;Inter, il tecnico della Juve parla di avvicendamento concordato tra i due portieri: &#8220;Dall&#8217;inizio del mercato sappiamo quali sono le priorit\u00e0&#8221;<\/p>\n<p class=\"paragraph\" spellcheck=\"true\">&#8220;Dall&#8217;inizio del mercato a oggi abbiamo le stesse idee, si va avanti per la nostra strada. Di Gregorio ha fatto delle parate meritevoli di complimenti nel primo tempo, \u00e8 stato sfortunato sul secondo gol. Domani giocher\u00e0 Perin, lo avevamo gi\u00e0 concordato&#8221;. Luciano Spalletti ha tentato di smarcarsi cos\u00ec, ai microfoni di Sky Sport, sull\u2019attivit\u00e0 di ricerca del portiere della <a href=\"https:\/\/www.gazzetta.it\/calcio\/squadre\/juventus\/notizie\/\" rel=\"nofollow noopener\" target=\"_blank\">Juventus<\/a>.\u00a0<\/p>\n<p>    LE PAROLE\u2014 \u00a0<\/p>\n<p class=\"paragraph is-inline\" spellcheck=\"true\">\u00a0I bianconeri sono attesi dal terzo e ultimo impegno amichevole in tourn\u00e9e, contro il Palermo. Il tecnico ha fornito qualche indicazione sulle scelte: \u201cGatti non partir\u00e0 dall&#8217;inizio perch\u00e9 ha un affaticamento, vedremo se ce ne sar\u00e0 bisogno&#8230; Giocher\u00e0 al massimo 20-30 minuti \u2013 ha detto -. Inzaghi? Diventer\u00e0 sicuramente un allenatore top, \u00e8 stato un campione da calciatore ed \u00e8 una persona molto umile, sa usare le caratteristiche di quello che cerca di portare a casa il pi\u00f9 possibile\u201d. E sul Palermo: \u201cHanno giocatori che hanno calcato tutti i campi della Serie A, conoscono benissimo il loro mestiere, sar\u00e0 un match difficile&#8221;.<\/p>\n","protected":false},"excerpt":{"rendered":"Dopo la papera con l&#8217;Inter, il tecnico della Juve parla di avvicendamento concordato tra i due portieri: &#8220;Dall&#8217;inizio&hellip;\n","protected":false},"author":3,"featured_media":626793,"comment_status":"","ping_status":"","sticky":false,"template":"","format":"standard","meta":{"footnotes":"","_share_on_mastodon":"0"},"categories":[1452],"tags":[13638,345936,345937,721,9940,1740,2250,56827,1302,345935,1537,90,89,1412,6652,80595,1739,24806,245,244,3375],"class_list":["post-626792","post","type-post","status-publish","format-standard","has-post-thumbnail","category-calcio","tag-affaticamento","tag-affaticamento-vedremo","tag-affaticamento-vedremo-ce","tag-calcio","tag-concordato","tag-football","tag-giochera","tag-gregorio","tag-inizio","tag-inizio-mercato","tag-it","tag-italia","tag-italy","tag-mercato","tag-palermo","tag-perin","tag-soccer","tag-spalletti","tag-sport","tag-sports","tag-tecnico"],"share_on_mastodon":{"url":"https:\/\/pubeurope.com\/@it\/117071948320411657","error":""},"_links":{"self":[{"href":"https:\/\/www.europesays.com\/it\/wp-json\/wp\/v2\/posts\/626792","targetHints":{"allow":["GET"]}}],"collection":[{"href":"https:\/\/www.europesays.com\/it\/wp-json\/wp\/v2\/posts"}],"about":[{"href":"https:\/\/www.europesays.com\/it\/wp-json\/wp\/v2\/types\/post"}],"author":[{"embeddable":true,"href":"https:\/\/www.europesays.com\/it\/wp-json\/wp\/v2\/users\/3"}],"replies":[{"embeddable":true,"href":"https:\/\/www.europesays.com\/it\/wp-json\/wp\/v2\/comments?post=626792"}],"version-history":[{"count":0,"href":"https:\/\/www.europesays.com\/it\/wp-json\/wp\/v2\/posts\/626792\/revisions"}],"wp:featuredmedia":[{"embeddable":true,"href":"https:\/\/www.europesays.com\/it\/wp-json\/wp\/v2\/media\/626793"}],"wp:attachment":[{"href":"https:\/\/www.europesays.com\/it\/wp-json\/wp\/v2\/media?parent=626792"}],"wp:term":[{"taxonomy":"category","embeddable":true,"href":"https:\/\/www.europesays.com\/it\/wp-json\/wp\/v2\/categories?post=626792"},{"taxonomy":"post_tag","embeddable":true,"href":"https:\/\/www.europesays.com\/it\/wp-json\/wp\/v2\/tags?post=626792"}],"curies":[{"name":"wp","href":"https:\/\/api.w.org\/{rel}","templated":true}]}}