{"id":626878,"date":"2026-08-10T17:34:37","date_gmt":"2026-08-10T17:34:37","guid":{"rendered":"https:\/\/www.europesays.com\/it\/626878\/"},"modified":"2026-08-10T17:34:37","modified_gmt":"2026-08-10T17:34:37","slug":"omicidio-musiani-gli-indagati-sentiti-dal-gip-quella-notte-gia-in-corso-una-rissa-sul-posto-anche-altri-gruppi-sconosciuti","status":"publish","type":"post","link":"https:\/\/www.europesays.com\/it\/626878\/","title":{"rendered":"Omicidio Musiani, gli indagati sentiti dal Gip: &#8220;Quella notte gi\u00e0 in corso una rissa. Sul posto anche altri gruppi sconosciuti&#8221;"},"content":{"rendered":"<p>Erano presenti sul luogo dell&#8217;omicidio, ma l\u00ec &#8211; in quel momento in cui sono arrivati &#8211; c&#8217;erano altri gruppi che stavano gi\u00e0 litigando, impegnati in una rissa. E&#8217; cos\u00ec che hanno rigettato le accuse i quattro giovani accusati del \u00a0drammatico omicidio di <a href=\"https:\/\/www.ravennatoday.it\/persone\/nicola-musiani\/\" rel=\"nofollow noopener\" target=\"_blank\">Nicola Musiani<\/a>, il 54enne <a href=\"https:\/\/www.ravennatoday.it\/cronaca\/trovato-esanime-in-un-parcheggio-l-uomo-pestato-a-sangue-ricoverato-d-urgenza-al-bufalini-di-cesena.html\" rel=\"nofollow noopener\" target=\"_blank\">picchiato brutalmente nella notte tra il 18 e il 19 luglio<\/a> nel parcheggio di viale Tritone a Pinarella di Cervia.<\/p>\n<p>Per la sua morte, venerd\u00ec scorso, su mandato della Procura di Ravenna<a href=\"https:\/\/www.ravennatoday.it\/cronaca\/picchiato-morte-pinarella-quattro-giovani-arrestati-omicidio-nicola-musiani.html\" rel=\"nofollow noopener\" target=\"_blank\"> sono stati arrestati quattro ragazzi tra i 19 e i 23 anni<\/a>, tutti del Forlivese, accusati dagli inquirenti, guidati dalla pm Angela Scorza, di omicidio in concorso aggravato dai futili motivi. Oggi, luned\u00ec, al tribunale di Forl\u00ec si \u00e8 tenuta l&#8217;udienza di convalida dei quattro fermati davanti al giudice per le indagini preliminari Massimo De Paoli. L&#8217;udienza di convalida si \u00e8 tenuta per competenza territoriale a Forl\u00ec in quanto i fermi sono avvenuti tra Forl\u00ec, Meldola e Santa Sofia. Poi il gip di Ravenna dovr\u00e0 vidimare entro 20 giorni la decisione del giudice forlivese.<\/p>\n<p>Le quattro persone indagate per l&#8217;<a href=\"https:\/\/www.ravennatoday.it\/cronaca\/omicidio-nicola--musiani-pestaggio-pinarelli-indagati.html\" rel=\"nofollow noopener\" target=\"_blank\">omicidio<\/a> di Nicola Musiani sono Oussama Ragme, 22 anni di Meldola, Conor Finn Long, 19 anni anche lui di Meldola, Houssam Abir, 22 anni, residente a Forl\u00ec e Bilal Mahboubi, 23 anni, residente a Santa Sofia. Tra i coinvolti c\u2019\u00e8 <a href=\"https:\/\/www.ravennatoday.it\/cronaca\/omicidio-nicola-musiani-indagini-minorenne-sequestrati-abiti-cellulari.html\" rel=\"nofollow noopener\" target=\"_blank\">anche un minorenne<\/a>, la cui identit\u00e0 \u00e8 gi\u00e0 nota agli investigatori e gi\u00e0 segnalato alla Procura dei Minorenni di Bologna, e una sesta persona ancora non identificata. Tranne che per Abir, gli avvocati delle difese hanno chiesto l&#8217;attenuazione della misura detentiva, uscendo dal carcere della Rocca di Forl\u00ec verso le loro case, ai domiciliari. <a href=\"https:\/\/www.forlitoday.it\/cronaca\/omicidio--musiani-conferma-carcere-indagati-forlivesi.html\" rel=\"nofollow noopener\" target=\"_blank\">Il giudice ha deciso per\u00f2 di mantenere tutti e quattro in carcere.<\/a><\/p>\n<p><img loading=\"lazy\" decoding=\"async\" style=\"aspect-ratio:1200\/676;\" src=\"https:\/\/www.europesays.com\/it\/wp-content\/uploads\/2026\/08\/omicidio-musiani-arrivo-arrestati.jpeg\" alt=\"Omicidio Musiani arrivo arrestati\" width=\"1200\" height=\"676\" title=\"Omicidio Musiani arrivo arrestati\"\/>L&#8217;arrivo degli arrestati in Tribunale a Forl\u00ecLe versioni difensive<\/p>\n<p>I quattro ragazzi questa mattina sono stati sentiti dal giudice, e diversi di loro hanno parlato, dicendo la loro versione e soprattutto facendo altri nomi. I due ragazzi meldolesi, Oussama Ragme e Conor Finn Long, rappresentati dal legale Elia Valentini hanno dato risposte al gip. \u201cI miei assistiti hanno fornito elementi che saranno utili alle indagini, indicando una serie di testimoni che erano presenti e che poi potranno essere sentiti \u2013 ha spiegato il legale \u2013. Loro confermano che la notte del 19 luglio erano presenti sul luogo ma respingono l&#8217;accusa di aver aggredito Musiani\u201d.<\/p>\n<p>Ragme e Long avrebbero ribadito davanti al Gip di essere arrivati sul luogo intorno alle 4 del mattino di quella domenica quando per\u00f2 una rissa sarebbe gi\u00e0 stata in corso coinvolgendo diverse persone.\u00a0<\/p>\n<p><img loading=\"lazy\" decoding=\"async\" style=\"aspect-ratio:1200\/801;\" src=\"https:\/\/www.europesays.com\/it\/wp-content\/uploads\/2026\/08\/avvocato-elia-valentini.jpg\" alt=\"Avvocato Elia Valentini\" width=\"1200\" height=\"801\" title=\"Avvocato Elia Valentini\"\/>L&#8217;avvocato Elia Valentini, legale di Oussama Ragme e Conor Finn Long<\/p>\n<p>Centrale rimane anche un altro tema: quello del viaggio in Marocco che i due ragazzi avrebbero organizzato lo scorso 22 luglio, a pochi giorni dal pestaggio. \u201cI due ragazzi hanno spiegato di essersi spaventati e per questo hanno detto di aver lasciato l&#8217;Italia. Poi hanno pensato di rientrare spontaneamente\u201d, ha spiegato l&#8217;avvocato.<\/p>\n<p>Houssam Abir, il 22enne residente a Forl\u00ec, rappresentato dal legale Fabio Malpezzi, non ha invece risposto al giudice avvalendosi della facolt\u00e0 di non rispondere. \u201cAbbiamo potuto vedere gli atti solo questa mattina quindi attendiamo di leggerli e poi faremo richiesta di interrogatorio alla procura \u2013 sottolinea l&#8217;avvocato \u2013. Il mio assistito sostiene che le cose siano andate in maniera diversa rispetto al capo di imputazione che gli \u00e8 stato riconosciuto. Al giudice abbiamo chiesto quindi di revocare le misure cautelari\u201d.\u00a0<\/p>\n<p><img loading=\"lazy\" decoding=\"async\" style=\"aspect-ratio:1200\/801;\" src=\"https:\/\/www.europesays.com\/it\/wp-content\/uploads\/2026\/08\/fabio-malpezzi-avvocato.jpg\" alt=\"Fabio Malpezzi avvocato\" width=\"1200\" height=\"801\" title=\"Fabio Malpezzi avvocato\"\/>Fabio Malpezzi, l&#8217;avvocato di Houssam Abir<\/p>\n<p>Ad aver risposto alle domande del giudice De Paoli \u00e8 stato anche il 23enne residente a Santa Sofia, Bilal Mahboubi, difeso dall&#8217;avvocata Serena Sansavini. \u201cIl mio assistito ha cercato di aiutare a ricostruire la dinamica degli eventi per quanto ha potuto vedere, collocandosi sul posto per un breve lasso temporale, e ha elencato i nomi delle persone che erano presenti \u2013 ha spiegato l&#8217;avvocata \u2013. Bilal si dichiara per\u00f2 estraneo al pestaggio\u201d.\u00a0<\/p>\n<p>La legale ha sostenuto che quella mattina sul posto sarebbero state presenti anche altre persone, di cui alcune ancora non note. Il legale dei due ragazzi meldolesi sostiene che in viale Tritone, all&#8217;arrivo dei suoi assistiti, sarebbe gi\u00e0 \u201cstata in corso una rissa e presenti numerose persone\u201d con gruppi del tutto sconosciuti agli indagati.<\/p>\n<p><img loading=\"lazy\" decoding=\"async\" style=\"aspect-ratio:1200\/801;\" src=\"https:\/\/www.europesays.com\/it\/wp-content\/uploads\/2026\/08\/avvocato-serena-sansavini.jpg\" alt=\"Avvocato Serena Sansavini\" width=\"1200\" height=\"801\" title=\"Avvocato Serena Sansavini\"\/>L&#8217;avvocata Serena Sansavini, legale di Bilal MahboubiIl quadro ricostruito degli inquirenti\u00a0<\/p>\n<p>Il drammatico pestaggio di Musiani, secondo quanto raccolto dagli inquirenti, sarebbe scattato nella tarda serata di sabato 18 luglio, intorno alle 23.30, quando il ragazzo minorenne, 16 anni, avrebbe apostrofato il 54enne come \u201ctossico\u201d facendo scattare poi un violento litigio.\u00a0<\/p>\n<p>Intorno alle 4 di domenica, all&#8217;uscita dalla discoteca di poco distante, il minore si sarebbe nuovamente avvicinato al parcheggio nel quale viveva Nicola Musiani con ulteriori insulti e provocazioni. Di l\u00ec a poco sarebbero arrivati i quattro ragazzi oggi indagati dalla procura, su una Fiat Punto, che lo avrebbero iniziato a colpire con calci e sassi. Prima Houssam Abir e Conor Finn long con sassate e il lancio di una bicicletta, e poi con l&#8217;aiuto degli altri due. Mentre il 54 avrebbe cercato di scappare i quattro, secondo quanto ricostruito dalla procura, lo avrebbero inseguito picchiandolo selvaggiamente colpendolo sul cranio anche con una bottiglia di vodka.\u00a0<\/p>\n","protected":false},"excerpt":{"rendered":"Erano presenti sul luogo dell&#8217;omicidio, ma l\u00ec &#8211; in quel momento in cui sono arrivati &#8211; c&#8217;erano altri&hellip;\n","protected":false},"author":3,"featured_media":626879,"comment_status":"","ping_status":"","sticky":false,"template":"","format":"standard","meta":{"footnotes":"","_share_on_mastodon":"0"},"categories":[79],"tags":[14,93,94,1537,90,89,7,15,345973,34216,11,84,91,12,85,92],"class_list":["post-626878","post","type-post","status-publish","format-standard","has-post-thumbnail","category-italia","tag-cronaca","tag-cronaca-italiana","tag-cronacaitaliana","tag-it","tag-italia","tag-italy","tag-news","tag-notizie","tag-omicidio-nicola-musiani","tag-pestaggi","tag-ultime-notizie","tag-ultime-notizie-e-news-di-oggi","tag-ultime-notizie-italia","tag-ultimenotizie","tag-ultimenotizieenewsdioggi","tag-ultimenotizieitalia"],"share_on_mastodon":{"url":"https:\/\/pubeurope.com\/@it\/117072421246599493","error":""},"_links":{"self":[{"href":"https:\/\/www.europesays.com\/it\/wp-json\/wp\/v2\/posts\/626878","targetHints":{"allow":["GET"]}}],"collection":[{"href":"https:\/\/www.europesays.com\/it\/wp-json\/wp\/v2\/posts"}],"about":[{"href":"https:\/\/www.europesays.com\/it\/wp-json\/wp\/v2\/types\/post"}],"author":[{"embeddable":true,"href":"https:\/\/www.europesays.com\/it\/wp-json\/wp\/v2\/users\/3"}],"replies":[{"embeddable":true,"href":"https:\/\/www.europesays.com\/it\/wp-json\/wp\/v2\/comments?post=626878"}],"version-history":[{"count":0,"href":"https:\/\/www.europesays.com\/it\/wp-json\/wp\/v2\/posts\/626878\/revisions"}],"wp:featuredmedia":[{"embeddable":true,"href":"https:\/\/www.europesays.com\/it\/wp-json\/wp\/v2\/media\/626879"}],"wp:attachment":[{"href":"https:\/\/www.europesays.com\/it\/wp-json\/wp\/v2\/media?parent=626878"}],"wp:term":[{"taxonomy":"category","embeddable":true,"href":"https:\/\/www.europesays.com\/it\/wp-json\/wp\/v2\/categories?post=626878"},{"taxonomy":"post_tag","embeddable":true,"href":"https:\/\/www.europesays.com\/it\/wp-json\/wp\/v2\/tags?post=626878"}],"curies":[{"name":"wp","href":"https:\/\/api.w.org\/{rel}","templated":true}]}}