{"id":62716,"date":"2025-08-22T17:25:10","date_gmt":"2025-08-22T17:25:10","guid":{"rendered":"https:\/\/www.europesays.com\/it\/62716\/"},"modified":"2025-08-22T17:25:10","modified_gmt":"2025-08-22T17:25:10","slug":"travolto-dal-trattore-a-ragusa-morto-ragazzo-di-15-anni","status":"publish","type":"post","link":"https:\/\/www.europesays.com\/it\/62716\/","title":{"rendered":"Travolto dal trattore a Ragusa: morto ragazzo di 15 anni"},"content":{"rendered":"<p>Dramma nel Ragusano, dove un ragazzo di 15 anni \u00e8 stato trovato morto vicino a una stalla nell&#8217;azienda agricola di famiglia. Il giovane, secondo una prima ricostruzione, sarebbe stato travolto da un trattore durante una manovra, ma non si sa ancora chi fosse alla guida del mezzo e resta da accertare la dinamica dell&#8217;accaduto.\u00a0La vittima si chiama Andrea Passalacqua e l&#8217;azienda agricola e zootecnica in cui \u00e8 avvenuta la tragedia \u00e8 di propriet\u00e0 del padre della vittima, tra Ragusa e Chiaramonte Gulfi. Sono intervenuti un&#8217;ambulanza del 118 ed \u00e8 stato attivato anche l&#8217;elisoccorso, ma per il ragazzo non c&#8217;\u00e8 stato nulla da fare. Indagano i carabinieri.<\/p>\n","protected":false},"excerpt":{"rendered":"Dramma nel Ragusano, dove un ragazzo di 15 anni \u00e8 stato trovato morto vicino a una stalla nell&#8217;azienda&hellip;\n","protected":false},"author":3,"featured_media":38420,"comment_status":"","ping_status":"","sticky":false,"template":"","format":"standard","meta":{"footnotes":"","_share_on_mastodon":"0"},"categories":[6],"tags":[364,14,8,298,1537,90,89,7,15,82,9,83,10,17600,13,43293,11,80,84,12,81,85],"class_list":["post-62716","post","type-post","status-publish","format-standard","has-post-thumbnail","category-ultime-notizie","tag-collaboratori","tag-cronaca","tag-headlines","tag-incidente","tag-it","tag-italia","tag-italy","tag-news","tag-notizie","tag-notizie-di-cronaca","tag-notizie-principali","tag-notiziedicronaca","tag-notizieprincipali","tag-ragusa","tag-titoli","tag-trattore","tag-ultime-notizie","tag-ultime-notizie-di-cronaca","tag-ultime-notizie-e-news-di-oggi","tag-ultimenotizie","tag-ultimenotiziedicronaca","tag-ultimenotizieenewsdioggi"],"share_on_mastodon":{"url":"","error":""},"_links":{"self":[{"href":"https:\/\/www.europesays.com\/it\/wp-json\/wp\/v2\/posts\/62716","targetHints":{"allow":["GET"]}}],"collection":[{"href":"https:\/\/www.europesays.com\/it\/wp-json\/wp\/v2\/posts"}],"about":[{"href":"https:\/\/www.europesays.com\/it\/wp-json\/wp\/v2\/types\/post"}],"author":[{"embeddable":true,"href":"https:\/\/www.europesays.com\/it\/wp-json\/wp\/v2\/users\/3"}],"replies":[{"embeddable":true,"href":"https:\/\/www.europesays.com\/it\/wp-json\/wp\/v2\/comments?post=62716"}],"version-history":[{"count":0,"href":"https:\/\/www.europesays.com\/it\/wp-json\/wp\/v2\/posts\/62716\/revisions"}],"wp:featuredmedia":[{"embeddable":true,"href":"https:\/\/www.europesays.com\/it\/wp-json\/wp\/v2\/media\/38420"}],"wp:attachment":[{"href":"https:\/\/www.europesays.com\/it\/wp-json\/wp\/v2\/media?parent=62716"}],"wp:term":[{"taxonomy":"category","embeddable":true,"href":"https:\/\/www.europesays.com\/it\/wp-json\/wp\/v2\/categories?post=62716"},{"taxonomy":"post_tag","embeddable":true,"href":"https:\/\/www.europesays.com\/it\/wp-json\/wp\/v2\/tags?post=62716"}],"curies":[{"name":"wp","href":"https:\/\/api.w.org\/{rel}","templated":true}]}}