{"id":627382,"date":"2026-08-11T06:40:17","date_gmt":"2026-08-11T06:40:17","guid":{"rendered":"https:\/\/www.europesays.com\/it\/627382\/"},"modified":"2026-08-11T06:40:17","modified_gmt":"2026-08-11T06:40:17","slug":"padova-due-bimbi-di-10-e-11-anni-fermati-dopo-un-tentativo-di-furto-in-appartamento","status":"publish","type":"post","link":"https:\/\/www.europesays.com\/it\/627382\/","title":{"rendered":"Padova, due bimbi di 10 e 11 anni fermati dopo un tentativo di furto in appartamento"},"content":{"rendered":"<p>Sono partiti da Bologna nelle prime ore del mattino per mettere a segno un colpo a Padova. Uno dei due \u00e8 stato sorpreso a scavalcare il balcone di un appartamento in zona Palestro: nello zaino aveva un cacciavite a taglio lungo circa 26 centimetri. A far notizia non \u00e8 tanto il fatto in s\u00e9 quanto l&#8217;et\u00e0 dei due presunti ladri: due bambini di appena 10 e 11 anni.<\/p>\n<p>Il tentativo di intrusione<\/p>\n<p>I fatti risalgono alle 10.20 di domenica 9 agosto. La proprietaria dell&#8217;abitazione si trovava in soggiorno con il compagno e, a causa del caldo, aveva lasciato aperta la porta-finestra del balcone. Si \u00e8 accorta improvvisamente della presenza di un ragazzo sul poggiolo, che aveva scavalcato il parapetto e si stava dirigendo verso l&#8217;interno.<\/p>\n<p>La donna ha urlato, richiamando il compagno. Quando l&#8217;uomo \u00e8 arrivato, il ragazzino era gi\u00e0 sceso nel giardino condominiale, dove lo attendeva un secondo giovane. I due sono fuggiti, ma il compagno della donna li ha inseguiti per il quartiere, riuscendo a bloccarli e a ricondurli nell&#8217;abitazione, dove ha atteso l&#8217;arrivo della polizia.<\/p>\n<p>L&#8217;identificazione in questura<\/p>\n<p>Gli agenti della volante hanno identificato i due giovani, entrambi privi di documenti. Nello zaino del ragazzino indicato come quello salito sul balcone sono stati trovati il cacciavite e un cellulare. Accompagnati in questura per gli accertamenti, i due sono stati identificati tramite rilievi foto-dattiloscopici: un bambino macedone di 10 anni e un ragazzino italiano di 11 anni. Hanno dichiarato di essere cugini, figli di due sorelle.<\/p>\n<p>\u00c8 emerso che i due minori erano riconducibili a un insediamento di persone di etnia rom nel territorio bolognese. Nessun familiare era in grado di raggiungere Padova: un presunto parente contattato dalla polizia ha riferito di non poter arrivare in citt\u00e0, mentre i genitori dei due bambini si trovavano in vacanza.<\/p>\n<p>Non essendo possibile riaffidare i bambini alla famiglia, sono state attivate le procedure previste per la tutela dei minori non imputabili. Sono state informate le procure della Repubblica presso i tribunali per i minorenni di Bologna e Venezia. Gli agenti hanno quindi affidato i due ragazzini a un operatore sociale e li hanno accompagnati in una struttura di accoglienza.<\/p>\n<p>La questura: &#8220;Giovanissimi sfruttati per la non imputabilit\u00e0&#8221;<\/p>\n<p>&#8220;La vicenda ha consentito di portare alla luce, ancora una volta, un fenomeno particolarmente delicato che interessa il contrasto ai reati predatori&#8221;, spiegano dalla questura di Padova, ovvero &#8220;l&#8217;impiego di minori giovanissimi in condotte illecite, proprio in ragione della loro et\u00e0 e della conseguente non imputabilit\u00e0&#8221;.<\/p>\n<p>&#8220;Nel caso specifico &#8211; prosegue la nota -, i due bambini non sono stati trovati casualmente nei pressi dell&#8217;abitazione, ma hanno riferito di essere partiti insieme da Bologna nelle prime ore della mattina e di avere raggiunto Padova in treno, circostanza che rende particolarmente significativo il loro spostamento autonomo verso un&#8217;altra citt\u00e0 e la loro presenza, poche ore dopo, nell&#8217;ambito di un tentativo di intrusione in un&#8217;abitazione&#8221;.<\/p>\n<p>&#8220;La giovanissima et\u00e0 dei due soggetti &#8211; dicono ancora dalla questura &#8211; impone particolare attenzione anche sotto il diverso profilo della possibile strumentalizzazione di minori non imputabili da parte di soggetti adulti interessati a sfruttare la loro posizione giuridica per la commissione di reati predatori. La non imputabilit\u00e0 dei bambini, infatti, non pu\u00f2 essere trasformata in uno strumento attraverso il quale soggetti maggiorenni possano utilizzare minori per commettere furti o altre condotte illecite, sottraendosi cos\u00ec alle conseguenze derivanti dall&#8217;intervento delle forze di polizia&#8221;.<\/p>\n<p>Il nuovo ddl sull&#8217;imputabilit\u00e0<\/p>\n<p>Il tema \u00e8 all&#8217;attenzione del governo che lo scorso 23 luglio <a href=\"https:\/\/www.governo.it\/it\/node\/32393\" target=\"_blank\" rel=\"nofollow noopener\">ha approvato<\/a> in consiglio dei ministri un disegno di legge che interviene su questa materia, con l&#8217;obiettivo di rendere pi\u00f9 facile processare i minori accusati di un reato. Essendo un disegno di legge non entra subito in vigore, ma dovr\u00e0 essere discusso e approvato dai due rami del Parlamento, Camera e Senato. Oggi i minori sono imputabili e quindi processabili, ma la loro capacit\u00e0 di intendere e di volere va verificata caso per caso da un giudice, e non pu\u00f2 essere presunta come succede per gli adulti.\u00a0<\/p>\n<p>Il disegno di legge prevede invece che in futuro anche chi ha un&#8217;et\u00e0 compresa tra 14 e 18 anni sia considerato in grado di intendere e di volere, a meno che si accerti il contrario. Ma nel caso in questione la nuova norma non avrebbe comunque trovato applicazione visto che i due bimbi sorpresi a rubare avevano meno di 14 anni.\u00a0<\/p>\n","protected":false},"excerpt":{"rendered":"Sono partiti da Bologna nelle prime ore del mattino per mettere a segno un colpo a Padova. Uno&hellip;\n","protected":false},"author":3,"featured_media":627383,"comment_status":"","ping_status":"","sticky":false,"template":"","format":"standard","meta":{"footnotes":"","_share_on_mastodon":"0"},"categories":[79],"tags":[14,93,94,2001,1537,90,89,13750,7,15,346285,11,84,91,12,85,92],"class_list":["post-627382","post","type-post","status-publish","format-standard","has-post-thumbnail","category-italia","tag-cronaca","tag-cronaca-italiana","tag-cronacaitaliana","tag-furti","tag-it","tag-italia","tag-italy","tag-minori","tag-news","tag-notizie","tag-sfruttamento-minorile","tag-ultime-notizie","tag-ultime-notizie-e-news-di-oggi","tag-ultime-notizie-italia","tag-ultimenotizie","tag-ultimenotizieenewsdioggi","tag-ultimenotizieitalia"],"share_on_mastodon":{"url":"https:\/\/pubeurope.com\/@it\/117075511166548986","error":""},"_links":{"self":[{"href":"https:\/\/www.europesays.com\/it\/wp-json\/wp\/v2\/posts\/627382","targetHints":{"allow":["GET"]}}],"collection":[{"href":"https:\/\/www.europesays.com\/it\/wp-json\/wp\/v2\/posts"}],"about":[{"href":"https:\/\/www.europesays.com\/it\/wp-json\/wp\/v2\/types\/post"}],"author":[{"embeddable":true,"href":"https:\/\/www.europesays.com\/it\/wp-json\/wp\/v2\/users\/3"}],"replies":[{"embeddable":true,"href":"https:\/\/www.europesays.com\/it\/wp-json\/wp\/v2\/comments?post=627382"}],"version-history":[{"count":0,"href":"https:\/\/www.europesays.com\/it\/wp-json\/wp\/v2\/posts\/627382\/revisions"}],"wp:featuredmedia":[{"embeddable":true,"href":"https:\/\/www.europesays.com\/it\/wp-json\/wp\/v2\/media\/627383"}],"wp:attachment":[{"href":"https:\/\/www.europesays.com\/it\/wp-json\/wp\/v2\/media?parent=627382"}],"wp:term":[{"taxonomy":"category","embeddable":true,"href":"https:\/\/www.europesays.com\/it\/wp-json\/wp\/v2\/categories?post=627382"},{"taxonomy":"post_tag","embeddable":true,"href":"https:\/\/www.europesays.com\/it\/wp-json\/wp\/v2\/tags?post=627382"}],"curies":[{"name":"wp","href":"https:\/\/api.w.org\/{rel}","templated":true}]}}