{"id":627400,"date":"2026-08-11T06:59:15","date_gmt":"2026-08-11T06:59:15","guid":{"rendered":"https:\/\/www.europesays.com\/it\/627400\/"},"modified":"2026-08-11T06:59:15","modified_gmt":"2026-08-11T06:59:15","slug":"gli-80-anni-di-beppe-carletti-per-sempre-nomadi-meritiamo-una-serie-tv","status":"publish","type":"post","link":"https:\/\/www.europesays.com\/it\/627400\/","title":{"rendered":"Gli 80 anni di Beppe Carletti: \u00abPer sempre Nomadi: meritiamo una serie tv\u00bb"},"content":{"rendered":"<p>Un compleanno pi\u00f9 carico di luci e ombre non poteva immaginarselo. Beppe Carletti, fondatore e anima dei Nomadi, arriva domani ai suoi 80 anni. Che potevano essere pi\u00f9 festosi, allegri e spensierati, se solo il destino, pochi giorni fa, non gli avesse portato via uno degli amici pi\u00f9 antichi e pi\u00f9 cari, Francesco Guccini. Beppe, da quando l\u2019ha saputo, non si d\u00e0 pace, non ci crede. Con i Nomadi, come sempre, \u00e8 in tourn\u00e9e. Un centinaio di date all&#8217;anno, con particolare concentrazione nella stagione estiva, su e gi\u00f9 dall&#8217;Italia. Stasera saranno in provincia di Latina, ad esempio. <\/p>\n<p><p>APPROFONDIMENTI<\/p>\n<\/p>\n<p><a class=\"link_item\" data-linked_from=\"9700984\" href=\"https:\/\/www.ilmattino.it\/spettacoli\/musica\/i_nomadi_commento_morte_francesco_guccini_preferimmo_lui_a_battisti_mogol_dio_morto_ci_diede_ragione-9694411.html\" rel=\"nofollow noopener\" target=\"_blank\">I Nomadi: \u00abPreferimmo Guccini a Mogol\/Battisti. E \u201cDio \u00e8 morto\u201d ci diede ragione\u00bb<\/a><\/p>\n<p>\u00abCon Francesco siamo cresciuti insieme. Ci ha insegnato tantissimo. Senza di lui, senza le sue canzoni, io e i Nomadi non saremmo qui. \u201cDio \u00e8 morto\u201d, \u201cAuschwitz\u201d, \u201cCanzone per un\u2019amica\u201d, sono ancora nel repertorio delle nostre serate, un punto fermo che il pubblico aspetta per cantare insieme a noi. In quella area del modenese dei primi anni \u201860m quando con Augusto Daolio abbiamo cominciato a muovere i primi passi, Francesco era gi\u00e0 uno conosciuto. Lavorava come giornalista, scriveva i suoi primi versi, ispirati al beat e alla letteratura americana. Noi avevamo per lui un enorme rispetto. L&#8217;amicizia che ci sald\u00f2 con lui era tipica del sentimento che si porta per un fratello maggiore. Sapere di avere accanto a noi una persona, un artista, un poeta come lui \u00e8 stato fondamentale\u00bb.  <\/p>\n<p><strong>Eravate rimasti in contatto in tutti questi anni?  <\/strong><\/p>\n<p>\u00abCertamente. Lui si muoveva di meno, per cui capitava a me di andarlo a trovare a Pavana ogni tanto, ed era pi\u00f9 facile sentirsi al telefono. Negli ultimi tempi era pi\u00f9 stanco, acciaccato, ma l&#8217;affetto, il legame tra noi era quello di sempre\u00bb.  <\/p>\n<p><strong>Con Guccini avete condiviso molti ideali sociali e di vita.  <\/strong><\/p>\n<p>\u00abIo, Augusto e lui abbiamo passato tantissimo tempo insieme, a cantare, discutere, fare musica, mangiare, bere, viaggiare. Siamo stati a contatto nelle cose belle e in quelle brutte. Per noi la gente, il contatto con chi ci ascoltava, il senso di giustizia, di equit\u00e0, di solidariet\u00e0, \u00e8 stato in cima al modo di pensare e di lavorare. Altrimenti le canzoni di Francesco non sarebbero durate sessant&#8217;anni attraverso diverse generazioni\u00bb. <\/p>\n<p><strong>I Nomadi sono nati nel 1963. Che effetto vi fa esserci ancora? <\/strong><\/p>\n<p>\u00abPer me andare ogni sera sul palco \u00e8 una gioia, una conferma di avere fatto bene in tutto questo tempo. Siamo il gruppo pi\u00f9 longevo in Italia. Nel mondo siamo dietro solo i Rolling Stones e i Beach Boys. La nostra gente, le nostre serate sono sempre affollate di ragazzi con i loro genitori e magari i loro nonni. E per me il successo \u00e8 questo. Poi ci sono i dischi venduti, le tante cover band, oltre cento, che portano in giro il nostro repertorio. Ma il segnale principale resta l&#8217;affetto che continuano a manifestarci nei teatri delle grandi citt\u00e0, come nei campi sportivi o nelle feste, nelle sagre dei luoghi pi\u00f9 sperduti. Per noi l&#8217;impegno e la gratificazione sono gli stessi\u00bb. <\/p>\n<p><strong>L&#8217;attivit\u00e0 dei Nomadi non si \u00e8 mai fermata. Quali obiettivi vi siete posti?  <\/strong><\/p>\n<p>\u00abAndare avanti finch\u00e9 il pubblico lo chiede, lo desidera, e fino a quando noi potremo, sapremo, rispettare le attese e mantenere uno standard professionale che ci si aspetta da noi. Siamo Nomadi per storia e per vocazione. Andiamo dove c&#8217;\u00e8 voglia di ascoltarci\u00bb. <\/p>\n<p><strong>Desideri, progetti, traguardi da inseguire?  <\/strong><\/p>\n<p>\u00abAbbiamo una produzione discografica cos\u00ec fitta e apprezzata che possiamo permetterci di fare cose nuove solo se c&#8217;\u00e8 qualcosa davvero importante da dire. Canzoni nel cassetto ne abbiamo e verr\u00e0 il momento di portarle alla luce. Da tempo penso che con la nostra storia potremmo anche avere la soddisfazione di essere chiamati a Festival di Sanremo. Magari succeder\u00e0\u00bb. <\/p>\n<p><strong>Tutto qui?  <\/strong><\/p>\n<p>\u00abE poi sogno di poter fare un lavoro che ricostruisca i primi anni miei e di Augusto. Un periodo di utopie, tentativi, voglia di fare, con la musica al centro delle nostre vite. Libri che hanno parlato di quella stagione ce ne sono, ma mi piacerebbe raccontare tutto in un film, con gli episodi della nostra giovent\u00f9. Mi hanno contattato per avere il mio consenso, che ho dato molto volentieri. Sarebbe bello ripercorrere le tappe di quei due adolescenti di Novellara pronti a inventarsi un mestiere e i Nomadi\u00bb. <\/p>\n<p><strong>Ha provato a spiegarsi la vostra longevit\u00e0?  <\/strong><\/p>\n<p>\u00abSiamo sinceri, genuini, abbiamo la faccia e ci vestiamo come la gente normale, senza fingere di essere altro. I nostri concerti costano una miseria rispetto a quelli di ragazzi appena arrivati e gi\u00e0 pieni di pretese. La differenza \u00e8 solo nel fatto che i Nomadi non passano mai in radio o alla televisione, ma le autostrade di tutta Italia le conosciamo benissimo e continuiamo ad avere la passione dei tempi migliori. Abbiamo incontrato due Papi, il Dalai Lama, il presidente Mattarella. E siamo ancora on the road\u00bb.  <\/p>\n<p><strong>Cosa far\u00e0 domani, allo scoccare del compleanno?  <\/strong><\/p>\n<p>\u00abSaremo in viaggio, poi sul palco in provincia di Vibo Valentia. Per me \u00e8 il miglior regalo possibile, quello di condividere con i ragazzi del gruppo e con le migliaia di spettatori che verranno a trovarci. In questi giorni ho perso due persone come Francesco e don Mazzi. Sono fatti che mi ricordano di essere anch&#8217;io vicino ai tempi supplementari. Per\u00f2 mi sento benone, in forze, e il piacere di brindare una volta di pi\u00f9 me lo conceder\u00f2 sicuramente\u00bb.<\/p>\n","protected":false},"excerpt":{"rendered":"Un compleanno pi\u00f9 carico di luci e ombre non poteva immaginarselo. Beppe Carletti, fondatore e anima dei Nomadi,&hellip;\n","protected":false},"author":3,"featured_media":627401,"comment_status":"","ping_status":"","sticky":false,"template":"","format":"standard","meta":{"footnotes":"","_share_on_mastodon":"0"},"categories":[1443],"tags":[145901,203,204,1537,90,89,1538,1539,38897],"class_list":["post-627400","post","type-post","status-publish","format-standard","has-post-thumbnail","category-musica","tag-beppe-carletti","tag-entertainment","tag-intrattenimento","tag-it","tag-italia","tag-italy","tag-music","tag-musica","tag-nomadi"],"share_on_mastodon":{"url":"https:\/\/pubeurope.com\/@it\/117075585732627987","error":""},"_links":{"self":[{"href":"https:\/\/www.europesays.com\/it\/wp-json\/wp\/v2\/posts\/627400","targetHints":{"allow":["GET"]}}],"collection":[{"href":"https:\/\/www.europesays.com\/it\/wp-json\/wp\/v2\/posts"}],"about":[{"href":"https:\/\/www.europesays.com\/it\/wp-json\/wp\/v2\/types\/post"}],"author":[{"embeddable":true,"href":"https:\/\/www.europesays.com\/it\/wp-json\/wp\/v2\/users\/3"}],"replies":[{"embeddable":true,"href":"https:\/\/www.europesays.com\/it\/wp-json\/wp\/v2\/comments?post=627400"}],"version-history":[{"count":0,"href":"https:\/\/www.europesays.com\/it\/wp-json\/wp\/v2\/posts\/627400\/revisions"}],"wp:featuredmedia":[{"embeddable":true,"href":"https:\/\/www.europesays.com\/it\/wp-json\/wp\/v2\/media\/627401"}],"wp:attachment":[{"href":"https:\/\/www.europesays.com\/it\/wp-json\/wp\/v2\/media?parent=627400"}],"wp:term":[{"taxonomy":"category","embeddable":true,"href":"https:\/\/www.europesays.com\/it\/wp-json\/wp\/v2\/categories?post=627400"},{"taxonomy":"post_tag","embeddable":true,"href":"https:\/\/www.europesays.com\/it\/wp-json\/wp\/v2\/tags?post=627400"}],"curies":[{"name":"wp","href":"https:\/\/api.w.org\/{rel}","templated":true}]}}