{"id":627441,"date":"2026-08-11T07:31:19","date_gmt":"2026-08-11T07:31:19","guid":{"rendered":"https:\/\/www.europesays.com\/it\/627441\/"},"modified":"2026-08-11T07:31:19","modified_gmt":"2026-08-11T07:31:19","slug":"netatmo-incontra-alexa-la-smart-home-diventa-ancora-piu-intuitiva","status":"publish","type":"post","link":"https:\/\/www.europesays.com\/it\/627441\/","title":{"rendered":"Netatmo incontra Alexa+: la smart home diventa ancora pi\u00f9 intuitiva"},"content":{"rendered":"<p class=\"wp-block-paragraph\">Netatmo integra i propri dispositivi smart home con Alexa+, l\u2019assistente personale di nuova generazione di Amazon <strong>dotato di intelligenza artificiale generativa<\/strong>, disponibile in Italia dallo scorso 15 aprile. Quattro dei prodotti di punta dell\u2019azienda francese \u2013 la videocamera interna Advance, la videocamera da esterni Original, il termostato Original e il Controllo Intelligente di Climatizzazione (Smart AC Controller) \u2013 entrano ora a far parte di questa esperienza evoluta, con l\u2019obiettivo di offrire una gestione della casa pi\u00f9 fluida e intuitiva attraverso il controllo vocale.<\/p>\n<p>Sicurezza domestica sotto controllo, anche a distanza<\/p>\n<p class=\"wp-block-paragraph\">L\u2019integrazione con Alexa+ semplifica il monitoraggio della casa quando si \u00e8 fuori. Con un comando vocale, gli utenti possono accedere allo streaming live della videocamera da esterni Original tramite l\u2019app Amazon Alexa da qualsiasi luogo, mentre la videocamera interna Advance garantisce una sorveglianza continua degli ambienti interni.<\/p>\n<p><img data-lazyloaded=\"1\" loading=\"lazy\" decoding=\"async\" width=\"1000\" height=\"475\" src=\"https:\/\/www.europesays.com\/it\/wp-content\/uploads\/2026\/08\/Netatmo-telecamera-interno.jpg\" alt=\"Netatmo telecamera interno\" class=\"wp-image-117615\"  data-\/><\/p>\n<p class=\"wp-block-paragraph\">Quest\u2019ultima combina protezione della privacy e monitoraggio intelligente: la copertura meccanica si apre e si chiude automaticamente in base alla presenza degli occupanti, mentre il riconoscimento di persone, animali e veicoli limita le notifiche ai soli eventi rilevanti. La videocamera a esterni Original si propone invece come soluzione all-in-one per l\u2019area esterna, integrando in un unico corpo in alluminio una videocamera ad alta risoluzione, una sirena da 105 dB e un faretto Led, con visione notturna a infrarossi per riprese nitide in ogni condizione di luce. Entrambi i dispositivi restano gestibili tramite la Home + Security App, ora affiancata dal <strong>controllo vocale di Alexa+<\/strong>.<\/p>\n<p><img data-lazyloaded=\"1\" loading=\"lazy\" decoding=\"async\" width=\"1000\" height=\"682\" src=\"https:\/\/www.europesays.com\/it\/wp-content\/uploads\/2026\/08\/Netatmo-telecamera-esterno.jpg\" alt=\"Netatmo telecamera esterno\" class=\"wp-image-117616\"  data-\/>Climatizzazione gestita a voce con Alexa+<\/p>\n<p class=\"wp-block-paragraph\">Anche la gestione della temperatura domestica beneficia dell\u2019integrazione. Con un comando semplice come \u201cAlexa, fa molto caldo\u201d, <strong>l\u2019assistente dialoga con lo Smart AC Controller di Netatmo<\/strong> e regola automaticamente il condizionatore. Grazie alla tecnologia a infrarossi omnidirezionale, l\u2019integrazione con condizionatori e pompe di calore richiede pochi minuti di configurazione; tramite l\u2019app Home + Control gli utenti possono inoltre impostare programmi settimanali, monitorare i consumi in tempo reale e gestire il clima da remoto.<\/p>\n<p class=\"wp-block-paragraph\">Funzionamento analogo per il riscaldamento: la frase \u201cAlexa, fa un po\u2019 freddo qui\u201d attiva il termostato Original senza necessit\u00e0 di richiamare il dispositivo per nome. Il termostato, dal design minimalista con touchscreen, <strong><a href=\"https:\/\/elettricomagazine.it\/smart-tech-tecnologie-intelligenti\/10-cose-da-sapere-smart-home\/#5_%E2%80%93_Interoperabilita_dispositivi\" type=\"link\" id=\"https:\/\/elettricomagazine.it\/smart-tech-tecnologie-intelligenti\/10-cose-da-sapere-smart-home\/#5_%E2%80%93_Interoperabilita_dispositivi\" target=\"_blank\" rel=\"noreferrer noopener nofollow\">supporta lo standard Matter<\/a><\/strong>, ora esteso ad Alexa+, e integra funzioni evolute come il riscaldamento predittivo, la geolocalizzazione Eco-Assist e scenari personalizzabili per l\u2019automazione della casa.<\/p>\n<p class=\"wp-block-paragraph\">L\u2019aspetto distintivo dell\u2019integrazione riguarda la modalit\u00e0 di interazione: grazie all\u2019intelligenza artificiale generativa di Alexa+, non \u00e8 pi\u00f9 necessario ricorrere a comandi rigidi o al nome specifico del dispositivo, ma \u00e8 sufficiente esprimere un bisogno in linguaggio naturale, lasciando che il sistema interpreti l\u2019intento e attivi la funzione corretta.<\/p>\n","protected":false},"excerpt":{"rendered":"Netatmo integra i propri dispositivi smart home con Alexa+, l\u2019assistente personale di nuova generazione di Amazon dotato di&hellip;\n","protected":false},"author":3,"featured_media":627442,"comment_status":"","ping_status":"","sticky":false,"template":"","format":"standard","meta":{"footnotes":"","_share_on_mastodon":"0"},"categories":[173],"tags":[20646,64513,1537,90,89,191900,195,198,199,197,200,201,27495,194,196],"class_list":["post-627441","post","type-post","status-publish","format-standard","has-post-thumbnail","category-scienza-e-tecnologia","tag-alexa","tag-domotica","tag-it","tag-italia","tag-italy","tag-netatmo","tag-science","tag-science-and-technology","tag-scienceandtechnology","tag-scienza","tag-scienza-e-tecnologia","tag-scienzaetecnologia","tag-smart-home","tag-technology","tag-tecnologia"],"share_on_mastodon":{"url":"https:\/\/pubeurope.com\/@it\/117075712215312347","error":""},"_links":{"self":[{"href":"https:\/\/www.europesays.com\/it\/wp-json\/wp\/v2\/posts\/627441","targetHints":{"allow":["GET"]}}],"collection":[{"href":"https:\/\/www.europesays.com\/it\/wp-json\/wp\/v2\/posts"}],"about":[{"href":"https:\/\/www.europesays.com\/it\/wp-json\/wp\/v2\/types\/post"}],"author":[{"embeddable":true,"href":"https:\/\/www.europesays.com\/it\/wp-json\/wp\/v2\/users\/3"}],"replies":[{"embeddable":true,"href":"https:\/\/www.europesays.com\/it\/wp-json\/wp\/v2\/comments?post=627441"}],"version-history":[{"count":0,"href":"https:\/\/www.europesays.com\/it\/wp-json\/wp\/v2\/posts\/627441\/revisions"}],"wp:featuredmedia":[{"embeddable":true,"href":"https:\/\/www.europesays.com\/it\/wp-json\/wp\/v2\/media\/627442"}],"wp:attachment":[{"href":"https:\/\/www.europesays.com\/it\/wp-json\/wp\/v2\/media?parent=627441"}],"wp:term":[{"taxonomy":"category","embeddable":true,"href":"https:\/\/www.europesays.com\/it\/wp-json\/wp\/v2\/categories?post=627441"},{"taxonomy":"post_tag","embeddable":true,"href":"https:\/\/www.europesays.com\/it\/wp-json\/wp\/v2\/tags?post=627441"}],"curies":[{"name":"wp","href":"https:\/\/api.w.org\/{rel}","templated":true}]}}