{"id":627744,"date":"2026-08-11T11:38:16","date_gmt":"2026-08-11T11:38:16","guid":{"rendered":"https:\/\/www.europesays.com\/it\/627744\/"},"modified":"2026-08-11T11:38:16","modified_gmt":"2026-08-11T11:38:16","slug":"fiat-panda-si-scontra-con-un-jet-a-linate-attimi-di-panico-sulla-pista","status":"publish","type":"post","link":"https:\/\/www.europesays.com\/it\/627744\/","title":{"rendered":"Fiat Panda si scontra con un jet a Linate, attimi di panico sulla pista"},"content":{"rendered":"<p>Una <strong>Fiat Panda<\/strong> contro un<strong> jet privato<\/strong> da milioni di euro. Sembra la trama di una commedia all\u2019italiana, invece \u00e8 quanto accaduto realmente nella tarda mattinata di luned\u00ec 10 agosto all\u2019aeroporto di <strong>Milano-Linate<\/strong>, dove un veicolo di servizio ha finito la propria corsa contro il muso di un Hawker Beechcraft 400A mentre il velivolo stava effettuando le operazioni di rullaggio in vista del decollo.<\/p>\n<p>L\u2019episodio, tanto insolito quanto raro per uno scalo aeroportuale moderno, ha provocato l\u2019immediata sospensione delle attivit\u00e0 nell\u2019area interessata e ha richiesto l\u2019intervento dei soccorsi. Fortunatamente il bilancio finale \u00e8 stato privo di conseguenze fisiche per le persone coinvolte, ma l\u2019accaduto ha inevitabilmente acceso l\u2019attenzione sulle procedure di sicurezza all\u2019interno delle aree operative aeroportuali.\n<\/p>\n<p>Lo schianto nell\u2019area dell\u2019aviazione generale<\/p>\n<p>L\u2019incidente si \u00e8 verificato intorno alle 11.20 nell\u2019area dedicata all\u2019aviazione generale dello scalo milanese. Secondo le prime ricostruzioni, una <a href=\"https:\/\/www.virgilio.it\/motori\/auto\/auto-italiana-piu-economica\/321586\/\" rel=\"nofollow noopener\" target=\"_blank\">Fiat Panda<\/a> bianca utilizzata da una societ\u00e0 di handling stava percorrendo una delle vie di servizio quando, per ragioni ancora da chiarire, ha impattato contro la parte anteriore di un jet privato Hawker Beechcraft 400A, identificato dalle marche I-AERB.<\/p>\n<blockquote class=\"instagram-media\" data-instgrm-captioned=\"\" data-instgrm-permalink=\"https:\/\/www.instagram.com\/p\/Db3eeJpD42o\/?utm_source=ig_embed&amp;utm_campaign=loading\" data-instgrm-version=\"14\" style=\" background:#FFF; border:0; border-radius:3px; box-shadow:0 0 1px 0 rgba(0,0,0,0.5),0 1px 10px 0 rgba(0,0,0,0.15); margin: 1px; max-width:100%; min-width:326px; padding:0; width:99.375%; width:-webkit-calc(100% - 2px); width:calc(100% - 2px);\"\/>\n<p>Il velivolo si trovava in fase di rullaggio verso la pista di decollo quando \u00e8 avvenuto l\u2019urto. Le immagini registrate dai sistemi di videosorveglianza avrebbero mostrato una circostanza particolarmente curiosa: l\u2019automobile non avrebbe accennato alcuna frenata prima dell\u2019impatto. Un dettaglio che rappresenta oggi uno degli elementi centrali dell\u2019indagine avviata per comprendere con precisione la dinamica dei fatti.<\/p>\n<p>La collisione \u00e8 avvenuta nella zona del radome, la struttura che costituisce il muso dell\u2019aereo e che ospita le apparecchiature radar. Nonostante la spettacolarit\u00e0 della scena, i <strong>danni riportati<\/strong> dal jet sembrerebbero essere contenuti e <strong>limitati<\/strong> alla parte interessata dall\u2019urto.<\/p>\n<p>I soccorsi e il blocco delle operazioni<\/p>\n<p>Immediatamente dopo l\u2019incidente sono scattate le <strong>procedure di emergenza<\/strong> previste per questo tipo di eventi. Sul posto sono intervenuti i vigili del fuoco aeroportuali, il personale di sicurezza e i sanitari del 118.<\/p>\n<p>La conducente della Panda, una donna di 54 anni impiegata nelle attivit\u00e0 di servizio dello scalo, \u00e8 stata assistita dai soccorritori. Le sue condizioni non hanno destato preoccupazione dal punto di vista fisico, ma la donna \u00e8 apparsa comprensibilmente molto scossa per quanto accaduto.<\/p>\n<p>Nessuna conseguenza per l\u2019equipaggio e gli eventuali passeggeri presenti a bordo del <a href=\"https:\/\/www.virgilio.it\/motori\/curiosita\/cristiano-ronaldo-jet\/324477\/\" rel=\"nofollow noopener\" target=\"_blank\">jet<\/a> privato. L\u2019assenza di feriti rappresenta senza dubbio la notizia pi\u00f9 importante di una vicenda che avrebbe potuto assumere contorni molto pi\u00f9 seri.\u00a0L\u2019area \u00e8 stata immediatamente messa in sicurezza e le operazioni aeroportuali hanno subito un\u2019interruzione temporanea stimata tra i 30 e i 40 minuti.<\/p>\n<p>Le ipotesi al vaglio degli investigatori<\/p>\n<p>Le autorit\u00e0 competenti stanno ora analizzando ogni elemento disponibile per ricostruire l\u2019accaduto. Tra le ipotesi prese in considerazione figurano un <strong>possibile malore<\/strong> improvviso della conducente oppure una <strong>distrazione<\/strong> che potrebbe aver impedito alla donna di accorgersi del velivolo in movimento.<\/p>\n<p>Durante la fase di gestione dell\u2019emergenza, due voli diretti a Linate sono stati dirottati in via precauzionale verso altri aeroporti lombardi: uno \u00e8 atterrato a Bergamo-Orio al Serio, mentre il secondo \u00e8 stato indirizzato a Milano Malpensa.<\/p>\n<p>Una volta completate le verifiche di sicurezza e rimossi i mezzi coinvolti, la situazione \u00e8 tornata rapidamente alla normalit\u00e0. Lo scalo ha ripreso la propria attivit\u00e0 regolare nel giro di pochi minuti, lasciando dietro di s\u00e9 una vicenda destinata a rimanere tra gli episodi pi\u00f9 insoliti registrati negli ultimi anni sulle piste italiane.<\/p>\n<p>\t<script async src=\"\/\/www.instagram.com\/embed.js\"><\/script><\/p>\n","protected":false},"excerpt":{"rendered":"Una Fiat Panda contro un jet privato da milioni di euro. Sembra la trama di una commedia all\u2019italiana,&hellip;\n","protected":false},"author":3,"featured_media":627745,"comment_status":"","ping_status":"","sticky":false,"template":"","format":"standard","meta":{"footnotes":"","_share_on_mastodon":"0"},"categories":[6],"tags":[14,7508,8,1537,90,89,7,15,82,9,83,10,13,11,80,84,12,81,85],"class_list":["post-627744","post","type-post","status-publish","format-standard","has-post-thumbnail","category-ultime-notizie","tag-cronaca","tag-fiat-panda","tag-headlines","tag-it","tag-italia","tag-italy","tag-news","tag-notizie","tag-notizie-di-cronaca","tag-notizie-principali","tag-notiziedicronaca","tag-notizieprincipali","tag-titoli","tag-ultime-notizie","tag-ultime-notizie-di-cronaca","tag-ultime-notizie-e-news-di-oggi","tag-ultimenotizie","tag-ultimenotiziedicronaca","tag-ultimenotizieenewsdioggi"],"share_on_mastodon":{"url":"https:\/\/pubeurope.com\/@it\/117076682662639454","error":""},"_links":{"self":[{"href":"https:\/\/www.europesays.com\/it\/wp-json\/wp\/v2\/posts\/627744","targetHints":{"allow":["GET"]}}],"collection":[{"href":"https:\/\/www.europesays.com\/it\/wp-json\/wp\/v2\/posts"}],"about":[{"href":"https:\/\/www.europesays.com\/it\/wp-json\/wp\/v2\/types\/post"}],"author":[{"embeddable":true,"href":"https:\/\/www.europesays.com\/it\/wp-json\/wp\/v2\/users\/3"}],"replies":[{"embeddable":true,"href":"https:\/\/www.europesays.com\/it\/wp-json\/wp\/v2\/comments?post=627744"}],"version-history":[{"count":0,"href":"https:\/\/www.europesays.com\/it\/wp-json\/wp\/v2\/posts\/627744\/revisions"}],"wp:featuredmedia":[{"embeddable":true,"href":"https:\/\/www.europesays.com\/it\/wp-json\/wp\/v2\/media\/627745"}],"wp:attachment":[{"href":"https:\/\/www.europesays.com\/it\/wp-json\/wp\/v2\/media?parent=627744"}],"wp:term":[{"taxonomy":"category","embeddable":true,"href":"https:\/\/www.europesays.com\/it\/wp-json\/wp\/v2\/categories?post=627744"},{"taxonomy":"post_tag","embeddable":true,"href":"https:\/\/www.europesays.com\/it\/wp-json\/wp\/v2\/tags?post=627744"}],"curies":[{"name":"wp","href":"https:\/\/api.w.org\/{rel}","templated":true}]}}