{"id":627770,"date":"2026-08-11T12:04:15","date_gmt":"2026-08-11T12:04:15","guid":{"rendered":"https:\/\/www.europesays.com\/it\/627770\/"},"modified":"2026-08-11T12:04:15","modified_gmt":"2026-08-11T12:04:15","slug":"meteo-cosa-succede-dopo-ferragosto-calo-delle-temperature-temporali-e-grandine-ecco-le-previsioni","status":"publish","type":"post","link":"https:\/\/www.europesays.com\/it\/627770\/","title":{"rendered":"Meteo, cosa succede dopo Ferragosto? Calo delle temperature, temporali e grandine: ecco le previsioni"},"content":{"rendered":"<p>&#13;<br \/>\n                La <strong>quarta ondata di calore<\/strong> dell&#8217;estate 2026 ha gi\u00e0 battuto i record di durata rispetto alle precedenti e sembra destinata a proseguire almeno fino al 17 agosto, raggiungendo cos\u00ec ben 20 giorni consecutivi di caldo torrido. \u00ab\u00c8 in corso un cambiamento strutturale, nel quale l&#8217;anticiclone africano si \u00e8 spostato pi\u00f9 a Nord rispetto al passato\u00bb, dice all&#8217;Ansa <strong>Lorenzo Giovannini<\/strong>, fisico dell&#8217;atmosfera dell&#8217;Universit\u00e0 di Trento. La prima ondata di calore dell&#8217;estate 2026 \u00e8 durata tra 8 e 9 giorni, dal 23-24 al 31 maggio, e dopo 18 giorni di temperature nella norma \u00e8 stata seguita dalla seconda ondata, che si \u00e8 protratta per 12-13 giorni, dal 18 al 30 giugno. Quindi un nuovo periodo di tregua, ma questa volta di circa una settimana, e il 7-8 luglio \u00e8 iniziata la terza ondata, con caldo persistente per 13-14 giorni, fino al 20 luglio. Il 29 luglio \u00e8 iniziata la quarta ondata, tuttora in corso e secondo i modelli meteorologici destinata a durare almeno fino al 17 agosto.            <\/p>\n<p>&#13;<br \/>\n                        \u00a9 RIPRODUZIONE RISERVATA &#13;<\/p>\n<p>&#13;<\/p>\n","protected":false},"excerpt":{"rendered":"&#13; La quarta ondata di calore dell&#8217;estate 2026 ha gi\u00e0 battuto i record di durata rispetto alle precedenti&hellip;\n","protected":false},"author":3,"featured_media":627771,"comment_status":"","ping_status":"","sticky":false,"template":"","format":"standard","meta":{"footnotes":"","_share_on_mastodon":"0"},"categories":[79],"tags":[346531,1534,3118,14,93,94,27136,6491,1537,90,89,419,7,15,6490,103,11,84,91,12,85,92],"class_list":["post-627770","post","type-post","status-publish","format-standard","has-post-thumbnail","category-italia","tag-agosto-2026","tag-caldo","tag-caldo-record","tag-cronaca","tag-cronaca-italiana","tag-cronacaitaliana","tag-ferragosto","tag-grandine","tag-it","tag-italia","tag-italy","tag-meteo","tag-news","tag-notizie","tag-previsioni-meteo","tag-temporali","tag-ultime-notizie","tag-ultime-notizie-e-news-di-oggi","tag-ultime-notizie-italia","tag-ultimenotizie","tag-ultimenotizieenewsdioggi","tag-ultimenotizieitalia"],"share_on_mastodon":{"url":"https:\/\/pubeurope.com\/@it\/117076784930589205","error":""},"_links":{"self":[{"href":"https:\/\/www.europesays.com\/it\/wp-json\/wp\/v2\/posts\/627770","targetHints":{"allow":["GET"]}}],"collection":[{"href":"https:\/\/www.europesays.com\/it\/wp-json\/wp\/v2\/posts"}],"about":[{"href":"https:\/\/www.europesays.com\/it\/wp-json\/wp\/v2\/types\/post"}],"author":[{"embeddable":true,"href":"https:\/\/www.europesays.com\/it\/wp-json\/wp\/v2\/users\/3"}],"replies":[{"embeddable":true,"href":"https:\/\/www.europesays.com\/it\/wp-json\/wp\/v2\/comments?post=627770"}],"version-history":[{"count":0,"href":"https:\/\/www.europesays.com\/it\/wp-json\/wp\/v2\/posts\/627770\/revisions"}],"wp:featuredmedia":[{"embeddable":true,"href":"https:\/\/www.europesays.com\/it\/wp-json\/wp\/v2\/media\/627771"}],"wp:attachment":[{"href":"https:\/\/www.europesays.com\/it\/wp-json\/wp\/v2\/media?parent=627770"}],"wp:term":[{"taxonomy":"category","embeddable":true,"href":"https:\/\/www.europesays.com\/it\/wp-json\/wp\/v2\/categories?post=627770"},{"taxonomy":"post_tag","embeddable":true,"href":"https:\/\/www.europesays.com\/it\/wp-json\/wp\/v2\/tags?post=627770"}],"curies":[{"name":"wp","href":"https:\/\/api.w.org\/{rel}","templated":true}]}}