{"id":628124,"date":"2026-08-11T17:31:15","date_gmt":"2026-08-11T17:31:15","guid":{"rendered":"https:\/\/www.europesays.com\/it\/628124\/"},"modified":"2026-08-11T17:31:15","modified_gmt":"2026-08-11T17:31:15","slug":"sfera-ebbasta-la-possibile-scaletta-del-concerto-a-gallipoli","status":"publish","type":"post","link":"https:\/\/www.europesays.com\/it\/628124\/","title":{"rendered":"Sfera Ebbasta, la possibile scaletta del concerto a Gallipoli"},"content":{"rendered":"<p><strong>Venerd\u00ec 14 agosto<\/strong> <a data-intcmp=\"skytg24_foglia articolo_interlink_text\" href=\"https:\/\/tg24.sky.it\/spettacolo\/musica\/2026\/07\/09\/sfera-ebbasta-concerto-milano-san-siro\" rel=\"nofollow noopener\" target=\"_blank\">Sfera Ebbasta<\/a> chiuder\u00e0 la tourn\u00e9e estiva con lo show in programma a Gallipoli per l\u2019<strong>Oversound Music Festival<\/strong>. Ecco tutto quello che c\u2019\u00e8 da sapere sull\u2019atteso appuntamento live del trapper: dall\u2019orario di inizio alle canzoni che potrebbero essere proposte.<\/p>\n<p>\t\t \tsfera ebbasta a gallipoli, la possibile scaletta<\/p>\n<p>Ultimo appuntamento del tour estivo. Il 14 agosto Sfera Ebbasta porter\u00e0 la sua musica a <strong>Gallipoli<\/strong>. Stando a quanto comunicato dal sito di <a data-intcmp-qp=\"skytg24_foglia articolo_interlink_text\" href=\"https:\/\/www.ticketone.it\/event\/sfera-ebbasta-raffo-parco-gondar-21476210\/\" rel=\"nofollow noopener\" target=\"_blank\">Ticketone<\/a>, lo spettacolo avr\u00e0 inizio alle <strong>ore 21.30<\/strong>. Al momento l\u2019artista non ha rilasciato anticipazioni sulla possibile scaletta della serata, attesi i suoi brani pi\u00f9 popolari: da Giovani Re a Rockstar passando per Happy Bithday. Queste le canzoni eseguite mercoled\u00ec 8 luglio al concerto allo stadio San Siro di Milano:<\/p>\n<p>1. INTRO<\/p>\n<p>2. CINY<\/p>\n<p>3. PANETTE<\/p>\n<p>4. CAVALLINI<\/p>\n<p>5. LINGERIE ft Tedua<\/p>\n<p>6. PARLATO<\/p>\n<p>7. XDVR<\/p>\n<p>8. FIORI DEL MALE + DARKMONEY ft Pyrex<\/p>\n<p>9. BRNBQ<\/p>\n<p>10. BANG BANG<\/p>\n<p>11. ACCENSIONE \u201cMONEY GANG\u201d<\/p>\n<p>12. 20 COLLANE<\/p>\n<p>13. SERPENTI A SONAGLI<\/p>\n<p>14. RICCHI PER SEMPRE<\/p>\n<p>15. ROCKSTAR<\/p>\n<p>16. PARLATO<\/p>\n<p>17. CUPIDO<\/p>\n<p>18. HAPPY BIRTHDAY<\/p>\n<p>19. PABLO<\/p>\n<p>20. SCIROPPO ft Drefgold<\/p>\n<p>21. TRAN TRAN<\/p>\n<p>22. PIENXA EN MI ft Feid<\/p>\n<p>23. LUNA (solo Feid)<\/p>\n<p>24. INTERMEZZO<\/p>\n<p>25. NOTTI<\/p>\n<p>26. BOTTIGLIE PRIV\u00c9<\/p>\n<p>27. 15 PIANI ft Marracash<\/p>\n<p>28. TIK TOK ft Marracash + Gu\u00e8<\/p>\n<p>29. COOKIES\u2019N CREAM ft Gu\u00e8 + Anna<\/p>\n<p>30. VDLC<\/p>\n<p>31. GIOVANI RE<\/p>\n<p>32. MOMENTO \u201cMONEY GANG\u201d<\/p>\n<p>33. CALCOLATICI + G63<\/p>\n<p>34. PIOVE ft Lazza<\/p>\n<p>35. D&amp;G ft Shiva<\/p>\n<p>36. NON METTERCI BECCO ft Shiva<\/p>\n<p>37. NEON ft Shiva<\/p>\n<p>38. AYAYAY<\/p>\n<p>39. BIS<\/p>\n<p>40. VISIERA A BECCO<\/p>\n<p>\t\t\t<a class=\"c-inline-card j-inline-card c-inline-card--with-image\" href=\"https:\/\/tg24.sky.it\/spettacolo\/musica\/2026\/07\/09\/sfera-ebbasta-concerto-milano-san-siro\" rel=\"follow nofollow noopener\" data-intcmp=\"skytg24_articolo_approfondimenti_inline\" target=\"_blank\"><\/p>\n<p>\t\t\t         <img decoding=\"async\" crossorigin=\"anonymous\" alt=\"\"  loading=\"lazy\"  src=\"https:\/\/www.europesays.com\/it\/wp-content\/uploads\/2026\/07\/1783943956_598_crediti-foto-nino-saetti.jpg\"\/><\/p>\n<p>\n\t\t\t         Approfondimento<br \/>\n\t\t\t         Sfera Ebbasta celebra 10 anni di carriera a San Siro. Annunciato album\n\t\t\t      <\/p>\n<p>\t\t\t<\/a><\/p>\n<p>A gennaio <a data-intcmp=\"skytg24_foglia articolo_interlink_text\" href=\"https:\/\/tg24.sky.it\/spettacolo\/musica\/2026\/07\/31\/concerti-sfera-ebbasta-tour-2027\" rel=\"nofollow noopener\" target=\"_blank\">il trapper<\/a> dar\u00e0 il via al nuovo tour con lo spettacolo in scena al Palazzo del Turismo di <strong>Jesolo<\/strong>. Successivamente, Sfera Ebbasta sar\u00e0 in concerto a <strong>Torino<\/strong>, <strong>Roma<\/strong>, <strong>Milano<\/strong> e <strong>Bologna<\/strong>. Questo il calendario completo con i dettagli dei nove concerti in programma nel 2027:<\/p>\n<ul>\n<li>27 gennaio 2027, Jesolo &#8211; Palazzo del Turismo<\/li>\n<li>30 gennaio 2027, Torino &#8211; Inalpi Arena<\/li>\n<li>2 febbraio 2027, Roma &#8211; Palazzo dello Sport<\/li>\n<li>3 febbraio 2027, Roma &#8211; Palazzo dello Sport<\/li>\n<li>5 febbraio 2027, Milano &#8211; Unipol Dome<\/li>\n<li>6 febbraio 2027, Milano &#8211; Unipol Dome<\/li>\n<li>7 febbraio 2027, Milano &#8211; Unipol Dome<\/li>\n<li>13 febbraio 2027, Bologna &#8211; Unipol Arena<\/li>\n<li>5 marzo 2027, Roma &#8211; Palazzo dello Sport<\/li>\n<\/ul>\n<p>\t\t\t<a class=\"c-inline-card j-inline-card c-inline-card--with-image\" href=\"https:\/\/tg24.sky.it\/spettacolo\/musica\/2026\/07\/31\/concerti-sfera-ebbasta-tour-2027\" rel=\"follow nofollow noopener\" data-intcmp=\"skytg24_articolo_approfondimenti_inline\" target=\"_blank\"><\/p>\n<p>\t\t\t         <img decoding=\"async\" crossorigin=\"anonymous\" alt=\"\"  loading=\"lazy\"  src=\"https:\/\/www.europesays.com\/it\/wp-content\/uploads\/2026\/07\/1784054420_410_141-sfera-ebbasta-kikapress.jpg\"\/><\/p>\n<p>\n\t\t\t         Approfondimento<br \/>\n\t\t\t         Sfera Ebbasta, aggiunti tre concerti al tour 2027\n\t\t\t      <\/p>\n<p>\t\t\t<\/a><\/p>\n","protected":false},"excerpt":{"rendered":"Venerd\u00ec 14 agosto Sfera Ebbasta chiuder\u00e0 la tourn\u00e9e estiva con lo show in programma a Gallipoli per l\u2019Oversound&hellip;\n","protected":false},"author":3,"featured_media":628125,"comment_status":"","ping_status":"","sticky":false,"template":"","format":"standard","meta":{"footnotes":"","_share_on_mastodon":"0"},"categories":[1443],"tags":[2943,203,204,1537,90,89,1538,1539,7601],"class_list":["post-628124","post","type-post","status-publish","format-standard","has-post-thumbnail","category-musica","tag-concerti","tag-entertainment","tag-intrattenimento","tag-it","tag-italia","tag-italy","tag-music","tag-musica","tag-sfera-ebbasta"],"share_on_mastodon":{"url":"https:\/\/pubeurope.com\/@it\/117078071530468917","error":""},"_links":{"self":[{"href":"https:\/\/www.europesays.com\/it\/wp-json\/wp\/v2\/posts\/628124","targetHints":{"allow":["GET"]}}],"collection":[{"href":"https:\/\/www.europesays.com\/it\/wp-json\/wp\/v2\/posts"}],"about":[{"href":"https:\/\/www.europesays.com\/it\/wp-json\/wp\/v2\/types\/post"}],"author":[{"embeddable":true,"href":"https:\/\/www.europesays.com\/it\/wp-json\/wp\/v2\/users\/3"}],"replies":[{"embeddable":true,"href":"https:\/\/www.europesays.com\/it\/wp-json\/wp\/v2\/comments?post=628124"}],"version-history":[{"count":0,"href":"https:\/\/www.europesays.com\/it\/wp-json\/wp\/v2\/posts\/628124\/revisions"}],"wp:featuredmedia":[{"embeddable":true,"href":"https:\/\/www.europesays.com\/it\/wp-json\/wp\/v2\/media\/628125"}],"wp:attachment":[{"href":"https:\/\/www.europesays.com\/it\/wp-json\/wp\/v2\/media?parent=628124"}],"wp:term":[{"taxonomy":"category","embeddable":true,"href":"https:\/\/www.europesays.com\/it\/wp-json\/wp\/v2\/categories?post=628124"},{"taxonomy":"post_tag","embeddable":true,"href":"https:\/\/www.europesays.com\/it\/wp-json\/wp\/v2\/tags?post=628124"}],"curies":[{"name":"wp","href":"https:\/\/api.w.org\/{rel}","templated":true}]}}