{"id":628130,"date":"2026-08-11T17:35:18","date_gmt":"2026-08-11T17:35:18","guid":{"rendered":"https:\/\/www.europesays.com\/it\/628130\/"},"modified":"2026-08-11T17:35:18","modified_gmt":"2026-08-11T17:35:18","slug":"morto-marco-schiavina-ideatore-di-turisti-per-caso-laddio-di-patrizio-roversi","status":"publish","type":"post","link":"https:\/\/www.europesays.com\/it\/628130\/","title":{"rendered":"Morto Marco Schiavina ideatore di Turisti per caso, l&#8217;addio di Patrizio Roversi"},"content":{"rendered":"<p>A dare la notizia \u00e8 stato il <strong>Comune di San Giovanni in Persiceto<\/strong>, con un messaggio sui social: &#8220;Diamo la triste notizia della <strong>morte improvvisa di Marco Schiavina<\/strong>, conosciuto da tanti come <strong>Orso<\/strong>&#8220;. Un soprannome affettuoso che lo ha accompagnato per tutta la vita e con cui il grande pubblico lo ha imparato a conoscere, tra le puntate on the road di uno dei programmi di viaggio pi\u00f9 amati della televisione italiana.\u00a0<\/p>\n<p>Chi era &#8220;Orso&#8221;, stratega turistico del cult televisivo<\/p>\n<p>Marco Schiavina si \u00e8 sempre mosso tra cinema, teatro e televisione. Dal 1980 aveva iniziato a collaborare con diversi programmi televisivi e radiofonici, mentre a Persiceto costruiva un pezzo importante dell&#8217;offerta culturale locale. La citt\u00e0 lo ricorda soprattutto come <strong>uomo di teatro e di cinema<\/strong>: dal 1989 \u00e8 stato direttore artistico del Teatro comunale e fu tra gli ideatori della rassegna cinematografica &#8220;Film&amp;Film&#8221;, oltre che promotore di numerose iniziative legate alla settima arte.\u00a0<\/p>\n<p>\u00a0<\/p>\n<p>La popolarit\u00e0 nazionale arriv\u00f2 per\u00f2 con &#8220;Turisti per caso&#8221;, il format nato dalle avventure di Roversi e Syusy Blady. All&#8217;interno della piccola troupe, Schiavina ricopriva un ruolo tutt&#8217;altro che marginale: era lo stratega turistico, quello che studiava gli itinerari, immaginava gli incontri e teneva insieme l&#8217;intera programmazione dei viaggi. Un compito che, negli anni, lo ha trasformato da figura dietro le quinte a personaggio riconoscibile anche dal pubblico, complici il fisico imponente e il carattere bonario che avevano ispirato quel soprannome.<\/p>\n<p>\t\t\tIl lungo sodalizio con Patrizio Roversi<\/p>\n<p>Il legame tra Schiavina e Roversi affonda le radici molto prima della tv. Entrambi persicetani, i due avevano condiviso gli esordi nel teatro di strada e nel teatro per ragazzi, arrivando a fondare insieme una vera e propria societ\u00e0. \u00c8 lo stesso Roversi, nei suoi scritti, a raccontare quanto l&#8217;amico avesse inciso sulla sua formazione, insegnandogli a &#8220;tagliare, semplificare, sfrondare&#8221; e a lavorare con essenzialit\u00e0: una lezione che si sarebbe rivelata preziosa anche nel mestiere di giornalista e conduttore. Da quel sodalizio nacque poi l&#8217;avventura di <strong>Turisti per caso,<\/strong> che Roversi ha sempre descritto come <strong>un lavoro corale in cui &#8220;Orso&#8221; era l&#8217;anima della programmazione.\u00a0<\/strong><\/p>\n<p>\u00a0<\/p>\n<p>Il cordoglio della comunit\u00e0 persicetana \u00e8 stato affidato alle parole del sindaco Lorenzo Pellegatti e dell&#8217;assessore alla cultura Maura Pagnoni: &#8220;Abbiamo appreso la notizia con grande dolore e rammarico. <strong>Marco \u00e8 stato un collega e una figura importante nella vita culturale persicetana e non solo<\/strong>&#8220;. Alla famiglia e a chi gli era caro, hanno aggiunto, vanno &#8220;le nostre sentite condoglianze&#8221;.<\/p>\n","protected":false},"excerpt":{"rendered":"A dare la notizia \u00e8 stato il Comune di San Giovanni in Persiceto, con un messaggio sui social:&hellip;\n","protected":false},"author":3,"featured_media":628131,"comment_status":"","ping_status":"","sticky":false,"template":"","format":"standard","meta":{"footnotes":"","_share_on_mastodon":"0"},"categories":[174],"tags":[2922,203,204,1537,90,89,964],"class_list":["post-628130","post","type-post","status-publish","format-standard","has-post-thumbnail","category-intrattenimento","tag-addii","tag-entertainment","tag-intrattenimento","tag-it","tag-italia","tag-italy","tag-morte"],"share_on_mastodon":{"url":"https:\/\/pubeurope.com\/@it\/117078086566050347","error":""},"_links":{"self":[{"href":"https:\/\/www.europesays.com\/it\/wp-json\/wp\/v2\/posts\/628130","targetHints":{"allow":["GET"]}}],"collection":[{"href":"https:\/\/www.europesays.com\/it\/wp-json\/wp\/v2\/posts"}],"about":[{"href":"https:\/\/www.europesays.com\/it\/wp-json\/wp\/v2\/types\/post"}],"author":[{"embeddable":true,"href":"https:\/\/www.europesays.com\/it\/wp-json\/wp\/v2\/users\/3"}],"replies":[{"embeddable":true,"href":"https:\/\/www.europesays.com\/it\/wp-json\/wp\/v2\/comments?post=628130"}],"version-history":[{"count":0,"href":"https:\/\/www.europesays.com\/it\/wp-json\/wp\/v2\/posts\/628130\/revisions"}],"wp:featuredmedia":[{"embeddable":true,"href":"https:\/\/www.europesays.com\/it\/wp-json\/wp\/v2\/media\/628131"}],"wp:attachment":[{"href":"https:\/\/www.europesays.com\/it\/wp-json\/wp\/v2\/media?parent=628130"}],"wp:term":[{"taxonomy":"category","embeddable":true,"href":"https:\/\/www.europesays.com\/it\/wp-json\/wp\/v2\/categories?post=628130"},{"taxonomy":"post_tag","embeddable":true,"href":"https:\/\/www.europesays.com\/it\/wp-json\/wp\/v2\/tags?post=628130"}],"curies":[{"name":"wp","href":"https:\/\/api.w.org\/{rel}","templated":true}]}}