{"id":628143,"date":"2026-08-11T17:49:25","date_gmt":"2026-08-11T17:49:25","guid":{"rendered":"https:\/\/www.europesays.com\/it\/628143\/"},"modified":"2026-08-11T17:49:25","modified_gmt":"2026-08-11T17:49:25","slug":"ciclomercato-2027-la-lotto-intermarche-piomba-su-primoz-roglic-trattativa-in-corso-tra-le-parti","status":"publish","type":"post","link":"https:\/\/www.europesays.com\/it\/628143\/","title":{"rendered":"CicloMercato 2027, la Lotto &#8211; Intermarch\u00e9 piomba su Primo\u017e Rogli\u010d: trattativa in corso tra le parti"},"content":{"rendered":"<p>\t\t<img width=\"2560\" height=\"1707\" src=\"https:\/\/www.europesays.com\/it\/wp-content\/uploads\/2026\/03\/1259132690-scaled.jpg\" class=\"attachment-full size-full wp-post-image\" alt=\"\" data-main-img=\"1\" decoding=\"async\" fetchpriority=\"high\"  \/><\/p>\n<p>\t\t\t\t\t\t\t \u00a9 Sirotti<\/p>\n<p>\t\t\t\t\t<a href=\"https:\/\/cyclingpro.net\/spaziociclismo\/altro\/scopri-lapp-ufficiale-di-spaziociclismo\/\" title=\"\" rel=\"nofollow noopener\" target=\"_blank\"><br \/>\n\t\t\t\t\t\t<img loading=\"lazy\" decoding=\"async\" src=\"https:\/\/www.europesays.com\/it\/wp-content\/uploads\/2025\/09\/1758060682_662_Banner-App-SpazioCiclismo.png\" alt=\"\" width=\"728\" height=\"91\"\/><br \/>\n\t\t\t\t\t<\/a><\/p>\n<p>Tra i grandi nomi al centro delle trattative del <strong>CicloMercato<\/strong> 2027 c\u2019\u00e8 sicuramente quello di <strong>Primo\u017e Rogli\u010d<\/strong>. Il fuoriclasse sloveno \u00e8 in scadenza di contratto con la <strong>Red Bull \u2013 BORA \u2013 hansgrohe<\/strong> ed \u00e8 gi\u00e0 stato confermato dal team che non ci sar\u00e0 il rinnovo. Ad ottobre compir\u00e0 37 anni e si potrebbe prospettare anche un ritiro al termine della stagione, ma questa ipotesi sembra sempre meno probabile. La volont\u00e0 \u00e8 infatti quella di correre un altro anno, per chiudere la carriera in bellezza, cosa che quest\u2019anno non riuscirebbe a fare, visto che persino <a href=\"https:\/\/cyclingpro.net\/spaziociclismo\/vuelta-2026\/vuelta-a-espana-2026-la-partecipazione-di-primoz-roglic-e-in-dubbio-dopo-lincidente-in-allenamento\/\" rel=\"nofollow noopener\" target=\"_blank\">la sua partecipazione alla Vuelta a Espa\u00f1a 2026 \u00e8 in dubbio<\/a>, a causa del recupero dopo l\u2019incidente subito in allenamento a fine luglio. Per questo motivo molte squadre si sono interessate allo sloveno, per proporre un contratto.<\/p>\n<p> <a href=\"https:\/\/cyclingpro.net\/spaziociclismo\/abbonati\/\" rel=\"nofollow noopener\" target=\"_blank\"><img decoding=\"async\" src=\"https:\/\/www.europesays.com\/it\/wp-content\/uploads\/2026\/07\/Banner-AdFree-SpazioCiclismo.png\"\/><\/a><\/p>\n<p>I team accostati a Rogli\u010d sono stati numerosi e <a href=\"https:\/\/cyclingpro.net\/spaziociclismo\/ciclomercato\/ciclomercato-2027-si-rafforza-la-pista-pinarello-q36-5-per-primoz-roglic\/\" rel=\"nofollow noopener\" target=\"_blank\">la pista pi\u00f9 concreta restava quella della Pinarello Q36.5<\/a>, con un forte interesse mostrato. Negli ultimi giorni ci sarebbe stato per\u00f2 un cambio di scenario, con l\u2019inserimento di un nuovo team, ovvero la <strong>Lotto \u2013 Intermarch\u00e9<\/strong>, come riportato da <a href=\"https:\/\/www.hln.be\/wielrennen\/transferbom-in-de-maak-lotto-intermarche-onderhandelt-met-primoz-roglic-die-nog-niet-zeker-is-van-deelname-aan-de-vuelta~aa5a051c\/\" rel=\"nofollow noopener\" target=\"_blank\">HLN<\/a>. La squadra belga avrebbe avviato le trattative con l\u2019entourage dello sloveno per firmare l\u2019accordo per il 2027 e ci sarebbe un interesse reciproco a concluderlo. Rogli\u010d avrebbe cos\u00ec la possibilit\u00e0 di restare in una squadra WorldTour e allo stesso tempo di avere tutto lo spazio che necessita per essere protagonista, visto che diventerebbe il capitano indiscusso del team. Dall\u2019altra parte la Lotto \u2013 Intermarch\u00e9 si assicurerebbe un corridore di grande esperienza per essere il punto di riferimento dei tanti giovani presenti in squadra, permettendo cos\u00ec di far crescere un ulteriore anno Jarno Widar, futuro capitano designato per i Grandi Giri.<\/p>\n<p>Seguici<\/p>\n<p>\t\t\t\t\t\t\t\t\t\t<a href=\"https:\/\/news.google.com\/publications\/CAAqKQgKIiNDQklTRkFnTWFoQUtEbU41WTJ4cGJtZHdjbTh1Ym1WMEtBQVAB?hl=it&amp;gl=IT&amp;ceid=IT%3Ait\" title=\"Google News\" target=\"_blank\" rel=\"nofollow noopener\" class=\"post-followus-btn google-new-btn\"><br \/>\n\t\t\t\t\t\t<img decoding=\"async\" src=\"https:\/\/cyclingpro.net\/spaziociclismo\/wp-content\/themes\/jannah\/assets\/images\/google-news.svg\" alt=\"Google News\" loading=\"lazy\" width=\"120\" height=\"22\"\/><br \/>\n\t\t\t\t\t<\/a><br \/>\n\t\t\t\t\t\t\t\t\t\t<a href=\"https:\/\/flipboard.com\/@SpazioCiclismo\" title=\"Flipboard\" target=\"_blank\" rel=\"nofollow noopener\" class=\"post-followus-btn flipboard-btn\"><br \/>\n\t\t\t\t\t\t<img decoding=\"async\" src=\"https:\/\/cyclingpro.net\/spaziociclismo\/wp-content\/themes\/jannah\/assets\/images\/flipboard.svg\" alt=\"Flipboard\" loading=\"lazy\" width=\"152\" height=\"30\"\/><br \/>\n\t\t\t\t\t<\/a><\/p>\n","protected":false},"excerpt":{"rendered":"\u00a9 Sirotti Tra i grandi nomi al centro delle trattative del CicloMercato 2027 c\u2019\u00e8 sicuramente quello di Primo\u017e&hellip;\n","protected":false},"author":3,"featured_media":403866,"comment_status":"","ping_status":"","sticky":false,"template":"","format":"standard","meta":{"footnotes":"","_share_on_mastodon":"0"},"categories":[1456],"tags":[1824,1825,1537,90,89,1879,245,244],"class_list":["post-628143","post","type-post","status-publish","format-standard","has-post-thumbnail","category-ciclismo","tag-ciclismo","tag-cycling","tag-it","tag-italia","tag-italy","tag-primoz-roglic","tag-sport","tag-sports"],"share_on_mastodon":{"url":"https:\/\/pubeurope.com\/@it\/117078142661232204","error":""},"_links":{"self":[{"href":"https:\/\/www.europesays.com\/it\/wp-json\/wp\/v2\/posts\/628143","targetHints":{"allow":["GET"]}}],"collection":[{"href":"https:\/\/www.europesays.com\/it\/wp-json\/wp\/v2\/posts"}],"about":[{"href":"https:\/\/www.europesays.com\/it\/wp-json\/wp\/v2\/types\/post"}],"author":[{"embeddable":true,"href":"https:\/\/www.europesays.com\/it\/wp-json\/wp\/v2\/users\/3"}],"replies":[{"embeddable":true,"href":"https:\/\/www.europesays.com\/it\/wp-json\/wp\/v2\/comments?post=628143"}],"version-history":[{"count":0,"href":"https:\/\/www.europesays.com\/it\/wp-json\/wp\/v2\/posts\/628143\/revisions"}],"wp:featuredmedia":[{"embeddable":true,"href":"https:\/\/www.europesays.com\/it\/wp-json\/wp\/v2\/media\/403866"}],"wp:attachment":[{"href":"https:\/\/www.europesays.com\/it\/wp-json\/wp\/v2\/media?parent=628143"}],"wp:term":[{"taxonomy":"category","embeddable":true,"href":"https:\/\/www.europesays.com\/it\/wp-json\/wp\/v2\/categories?post=628143"},{"taxonomy":"post_tag","embeddable":true,"href":"https:\/\/www.europesays.com\/it\/wp-json\/wp\/v2\/tags?post=628143"}],"curies":[{"name":"wp","href":"https:\/\/api.w.org\/{rel}","templated":true}]}}