{"id":628176,"date":"2026-08-11T18:20:16","date_gmt":"2026-08-11T18:20:16","guid":{"rendered":"https:\/\/www.europesays.com\/it\/628176\/"},"modified":"2026-08-11T18:20:16","modified_gmt":"2026-08-11T18:20:16","slug":"calciomercato-2026-ultime-news-di-oggi-in-diretta-live-46","status":"publish","type":"post","link":"https:\/\/www.europesays.com\/it\/628176\/","title":{"rendered":"Calciomercato 2026, ultime news di oggi in diretta live"},"content":{"rendered":"<p>\\n  <\/p>\n<li><a href=\"\\&quot;https:\/\/sport.sky.it\/calciomercato\/2026\/08\/11\/leao-milan-calciomercato-news\\&quot;\" data-intcmp=\"\\&quot;skysport_liveblog_interlink_text\\&quot;\">Milan, parla Le\u00e3o: \\&#8221;Il mio unico pensiero \u00e8 il campo\\&#8221;<\/a><\/li>\n<p>\\n  <\/p>\n<li><a href=\"\\&quot;https:\/\/sport.sky.it\/calciomercato\/2026\/08\/11\/lukaku-fenerbahce-napoli-calciomercato-news\\&quot;\" data-intcmp=\"\\&quot;skysport_liveblog_interlink_text\\&quot;\">Lukaku al Fenerbahce: al Napoli 6 milioni pi\u00f9 bonus<\/a><\/li>\n<p>\\n  <\/p>\n<li><a href=\"\\&quot;#\\&quot;\">E in entrata si chiude per l&#8217;arrivo di Favasuli dal Catanzaro<\/a><\/li>\n<p>\\n  <\/p>\n<li><a href=\"\\&quot;https:\/\/sport.sky.it\/calciomercato\/2026\/08\/11\/atalanta-kristensen-calciomercato-news\\&quot;\" data-intcmp=\"\\&quot;skysport_liveblog_interlink_text\\&quot;\">Atalanta in chiusura per Kristensen dell&#8217;Udinese<\/a><\/li>\n<p>\\n  <\/p>\n<li><a href=\"\\&quot;https:\/\/sport.sky.it\/calciomercato\/lameck-banda-lecce-figc-ricostruzione?card=7\\&quot;\" data-intcmp=\"\\&quot;skysport_liveblog_interlink_text\\&quot;\">Caso Banda: la FIGC d\u00e0 ragione al Lecce<\/a><\/li>\n<p>\\n  <\/p>\n<li><a href=\"\\&quot;https:\/\/sport.sky.it\/calciomercato\/calciomercato-serie-a-estate-2026-acquisti-ufficiali\\&quot;\" data-intcmp=\"\\&quot;skysport_liveblog_interlink_text\\&quot;\">Serie A, gli acquisti ufficiali<\/a><\/li>\n<p>\\n  <\/p>\n<li><a href=\"\\&quot;https:\/\/sport.sky.it\/calciomercato\/tabellone\\&quot;\" data-intcmp=\"\\&quot;skysport_liveblog_interlink_text\\&quot;\">Tabellone mercato Serie A<\/a><\/li>\n<p>\\n  <\/p>\n<li><a href=\"\\&quot;https:\/\/sport.sky.it\/calciomercato\/calciomercato-serie-b-estate-2026-acquisti-ufficiali#00\\&quot;\" data-intcmp=\"\\&quot;skysport_liveblog_interlink_text\\&quot;\">Le trattative concluse in Serie B<\/a><\/li>\n<p>\\n  <\/p>\n<li><a href=\"\\&quot;https:\/\/sport.sky.it\/calciomercato\/tabellone-serie-b\\&quot;\" data-intcmp=\"\\&quot;skysport_liveblog_interlink_text\\&quot;\">Tabellone mercato Serie B<\/a><\/li>\n<p>\\n  <\/p>\n<li><a href=\"\\&quot;https:\/\/sport.sky.it\/calciomercato\/calciomercato-2026-acquisti-ufficiali-estero-estate\\&quot;\" data-intcmp=\"\\&quot;skysport_liveblog_interlink_text\\&quot;\">Tutti i colpi di mercato all&#8217;estero<\/a><\/li>\n<p>\\n&#8221;,&#8221;postId&#8221;:&#8221;a3e29a34-a5b3-4f4d-a69b-6059ae5d0ef8&#8243;,&#8221;postLink&#8221;:{&#8220;title&#8221;:&#8221;&#8221;,&#8221;url&#8221;:&#8221;&#8221;,&#8221;imageSrc&#8221;:&#8221;&#8221;}}],&#8221;posts&#8221;:[{&#8220;timestamp&#8221;:&#8221;2026-08-11T18:10:00.791Z&#8221;,&#8221;timestampUtcIt&#8221;:&#8221;2026-08-11T20:10:00+0200&#8243;,&#8221;altBackground&#8221;:false,&#8221;title&#8221;:&#8221;Juve Stabia, ufficiale Kumi&#8221;,&#8221;content&#8221;:&#8221;<\/p>\n<p>Adesso \u00e8 ufficiale: <strong>Justin Kumi \u00e8 un nuovo calciatore della Juve Stabia<\/strong>. Il centrocampista classe 2004 arriva in prestito annuale dal Sassuolo.\u00a0<\/p>\n<p>&#8220;,&#8221;postId&#8221;:&#8221;e4968b9c-f43a-436e-9376-777d9b8ab7e2&#8243;,&#8221;postLink&#8221;:{&#8220;title&#8221;:&#8221;&#8221;,&#8221;url&#8221;:&#8221;&#8221;,&#8221;imageSrc&#8221;:&#8221;&#8221;}},{&#8220;timestamp&#8221;:&#8221;2026-08-11T17:50:00.575Z&#8221;,&#8221;timestampUtcIt&#8221;:&#8221;2026-08-11T19:50:00+0200&#8243;,&#8221;altBackground&#8221;:false,&#8221;title&#8221;:&#8221;Virtus Entella, in arrivo Lucas Felippe&#8221;,&#8221;content&#8221;:&#8221;<\/p>\n<p>La <strong>Virtus Entella <\/strong>\u00e8 ai dettagli nella trattativa per il centrocampista <strong>Lucas Felippe<\/strong>. Il brasiliano classe 2000 lascer\u00e0 il <strong>Potenza<\/strong>.\u00a0<\/p>\n<p>&#8220;,&#8221;postId&#8221;:&#8221;41fe8996-78a6-49d4-ad54-72b2d755af9d&#8221;,&#8221;postLink&#8221;:{&#8220;title&#8221;:&#8221;&#8221;,&#8221;url&#8221;:&#8221;&#8221;,&#8221;imageSrc&#8221;:&#8221;&#8221;}},{&#8220;timestamp&#8221;:&#8221;2026-08-11T17:30:00.991Z&#8221;,&#8221;timestampUtcIt&#8221;:&#8221;2026-08-11T19:30:00+0200&#8243;,&#8221;altBackground&#8221;:false,&#8221;title&#8221;:&#8221;Sassuolo, ufficiale l&#8217;arrivo di Dominguez&#8221;,&#8221;content&#8221;:&#8221;<\/p>\n<p><strong>Benjamin Dominguez \u00e8 un nuovo calciatore del Sassuolo<\/strong>. L&#8217;esterno argentino nato nel 2003 arriva in prestito con diritto di riscatto dal Bologna.\u00a0<\/p>\n<p>&#8220;,&#8221;postId&#8221;:&#8221;152d0b94-101e-4e06-87c1-bbdd72889f0f&#8221;,&#8221;postLink&#8221;:{&#8220;title&#8221;:&#8221;Dominguez \u00e8 un nuovo giocatore del Sassuolo&#8221;,&#8221;url&#8221;:&#8221;https:\/\/sport.sky.it\/calciomercato\/calciomercato-serie-a-estate-2026-acquisti-ufficiali&#8221;,&#8221;imageSrc&#8221;:&#8221;https:\/\/sport.sky.it\/assets\/images\/8acf12513dd2705d7466c17204248c8867eb5926\/skysport\/it\/calcio\/calciomercato\/calciomercato-serie-a-estate-2026-acquisti-ufficiali\/dominguez_sassuolo.jpg?im=Resize,width=1218&#8243;}},{&#8220;timestamp&#8221;:&#8221;2026-08-11T17:10:00.207Z&#8221;,&#8221;timestampUtcIt&#8221;:&#8221;2026-08-11T19:10:00+0200&#8243;,&#8221;altBackground&#8221;:false,&#8221;title&#8221;:&#8221;Sassuolo, si continua a lavorare per Obrador&#8221;,&#8221;content&#8221;:&#8221;<\/p>\n<p><strong>Il Sassuolo continua a lavorare per lo spagnolo Rafa Obrador<\/strong>, terzino di propriet\u00e0 del Benfica. Tra i due club \u00e8 stato raggiunto un accordo di massima ma si lavora ai dettagli prima del via libera definitivo.\u00a0<\/p>\n<p>&#8220;,&#8221;postId&#8221;:&#8221;05148f55-d8b8-4acb-8bc6-3931502948df&#8221;,&#8221;postLink&#8221;:{&#8220;title&#8221;:&#8221;&#8221;,&#8221;url&#8221;:&#8221;&#8221;,&#8221;imageSrc&#8221;:&#8221;&#8221;}},{&#8220;timestamp&#8221;:&#8221;2026-08-11T16:48:32.527Z&#8221;,&#8221;timestampUtcIt&#8221;:&#8221;2026-08-11T18:48:32+0200&#8243;,&#8221;altBackground&#8221;:false,&#8221;title&#8221;:&#8221;Milan, parla Leao: \\&#8221;Il mio unico pensiero \u00e8 il campo\\&#8221;&#8221;,&#8221;content&#8221;:&#8221;<\/p>\n<p>Con una storia social, <strong>Rafa Leao ha rotto il silenzio riguardo alle voci di mercato che lo hanno interessato nelle scorse settimane<\/strong>: \\&#8221;Il mio unico pensiero \u00e8 il campo: sono concentrato sul dare il massimo [&#8230;] Solo per evitare ogni forma di speculazione e notizie non vere, ribadisco che da tempo ho affidato la gestione di tutti i miei interessi esclusivamente alla mia famiglia e ai miei avvocati\\&#8221;.\u00a0<\/p>\n<p>&#8220;,&#8221;postId&#8221;:&#8221;d8390d97-570a-4986-9ad2-f2d00748ddac&#8221;,&#8221;postLink&#8221;:{&#8220;title&#8221;:&#8221;Milan, il messaggio di Leao sul futuro&#8221;,&#8221;url&#8221;:&#8221;https:\/\/sport.sky.it\/calciomercato\/2026\/08\/11\/leao-milan-calciomercato-news&#8221;,&#8221;imageSrc&#8221;:&#8221;https:\/\/sport.sky.it\/assets\/images\/ff30cc58ef25770c8635d96840688d57b560f8c2\/skysport\/it\/calcio\/calciomercato\/2026\/08\/03\/milan-leao-calciomercato-news\/leao_milan_getty.jpg?im=Resize,width=1218&#8243;}},{&#8220;timestamp&#8221;:&#8221;2026-08-11T16:30:00.079Z&#8221;,&#8221;timestampUtcIt&#8221;:&#8221;2026-08-11T18:30:00+0200&#8243;,&#8221;altBackground&#8221;:false,&#8221;title&#8221;:&#8221;Avellino, ufficiale l&#8217;arrivo di Venturi&#8221;,&#8221;content&#8221;:&#8221;<\/p>\n<p><strong>Michael Venturi \u00e8 un nuovo giocatore dell&#8217;Avellino<\/strong>. Il difensore classe 1999 arriva dal Venezia, in prestito con diritto di riscatto.<\/p>\n<p>&#8220;,&#8221;postId&#8221;:&#8221;37348ce0-8867-4226-8613-41ea811f99f6&#8243;,&#8221;postLink&#8221;:{&#8220;title&#8221;:&#8221;Venturi ufficiale all&#8217;Avellino, Kumi alla Juve Stabia&#8221;,&#8221;url&#8221;:&#8221;https:\/\/sport.sky.it\/calciomercato\/calciomercato-serie-b-estate-2026-acquisti-ufficiali&#8221;,&#8221;imageSrc&#8221;:&#8221;https:\/\/sport.sky.it\/assets\/images\/e8fb1997eecb9dfa2df0249efd3695acf7ac19ec\/skysport\/it\/calcio\/calciomercato\/calciomercato-serie-b-estate-2026-acquisti-ufficiali\/venturi_kumi_combo.jpg?im=Resize,width=1218&#8243;}},{&#8220;timestamp&#8221;:&#8221;2026-08-11T16:15:00.323Z&#8221;,&#8221;timestampUtcIt&#8221;:&#8221;2026-08-11T18:15:00+0200&#8243;,&#8221;altBackground&#8221;:false,&#8221;title&#8221;:&#8221;Mantova, trattativa per Vanja Vlahovic&#8221;,&#8221;content&#8221;:&#8221;<\/p>\n<p>Per rinforzare il reparto offensivo,<strong> il Mantova pensa all&#8217;attaccante dell&#8217;Atalanta Vanja Vlahovic,<\/strong> l&#8217;anno scorso in forza alla formazione under 23. La trattativa \u00e8 iniziata ma al momento c&#8217;\u00e8 distanza tra le parti. \u00a0<\/p>\n<p>&#8220;,&#8221;postId&#8221;:&#8221;0515dda6-3b96-4903-a97c-c74a10862b90&#8243;,&#8221;postLink&#8221;:{&#8220;title&#8221;:&#8221;&#8221;,&#8221;url&#8221;:&#8221;&#8221;,&#8221;imageSrc&#8221;:&#8221;&#8221;}},{&#8220;timestamp&#8221;:&#8221;2026-08-11T16:00:00.416Z&#8221;,&#8221;timestampUtcIt&#8221;:&#8221;2026-08-11T18:00:00+0200&#8243;,&#8221;altBackground&#8221;:false,&#8221;title&#8221;:&#8221;Parma vicino a Thomas De Martis&#8221;,&#8221;content&#8221;:&#8221;<\/p>\n<p>Non solo Romero: il Parma \u00e8 pronto a chiudere l&#8217;operazione per un altro attaccante argentino. Si tratta di <strong>Thomas De Martis del Lanus,<\/strong> 18 anni classe 2008. Sar\u00e0 aggregato alla prima squadra.\u00a0<\/p>\n<p>&#8220;,&#8221;postId&#8221;:&#8221;94ed17f3-d183-4d99-b619-ae0854c8806a&#8221;,&#8221;postLink&#8221;:{&#8220;title&#8221;:&#8221;&#8221;,&#8221;url&#8221;:&#8221;&#8221;,&#8221;imageSrc&#8221;:&#8221;&#8221;}},{&#8220;timestamp&#8221;:&#8221;2026-08-11T15:44:29.016Z&#8221;,&#8221;timestampUtcIt&#8221;:&#8221;2026-08-11T17:44:29+0200&#8243;,&#8221;altBackground&#8221;:false,&#8221;title&#8221;:&#8221;Sampdoria, fatta per Verschaeren&#8221;,&#8221;content&#8221;:&#8221;<\/p>\n<p><strong>La Sampdoria ha chiuso la trattativa per il trequartista Yari Verschaeren, classe 2001 belga<\/strong>. Il venticinquenne arriva da svincolato. \u00c8 cresciuto nell&#8217;Anderlecht, con cui ha collezionato 262 presenze, 33 gol e 34 assist. Arriver\u00e0 in Italia per le visite mediche e la firma con i blucerchiati.\u00a0<\/p>\n<p>&#8220;,&#8221;postId&#8221;:&#8221;15b01515-1ecb-4520-b315-f0ce00533361&#8243;,&#8221;postLink&#8221;:{&#8220;title&#8221;:&#8221;&#8221;,&#8221;url&#8221;:&#8221;&#8221;,&#8221;imageSrc&#8221;:&#8221;&#8221;}},{&#8220;timestamp&#8221;:&#8221;2026-08-11T15:30:00.616Z&#8221;,&#8221;timestampUtcIt&#8221;:&#8221;2026-08-11T17:30:00+0200&#8243;,&#8221;altBackground&#8221;:false,&#8221;title&#8221;:&#8221;Juve Stabia, fatta per Artioli&#8221;,&#8221;content&#8221;:&#8221;<\/p>\n<p><strong>La Juve Stabia ha chiuso la trattativa per il centrocampista del Mantova Federico Artioli<\/strong>. Accordo raggiunto tra i due club per il classe 2001.\u00a0<\/p>\n<p>&#8220;,&#8221;postId&#8221;:&#8221;cbc1298a-dd05-43a3-91de-2b25c34e33b4&#8243;,&#8221;postLink&#8221;:{&#8220;title&#8221;:&#8221;&#8221;,&#8221;url&#8221;:&#8221;&#8221;,&#8221;imageSrc&#8221;:&#8221;&#8221;}},{&#8220;timestamp&#8221;:&#8221;2026-08-11T15:15:21.592Z&#8221;,&#8221;timestampUtcIt&#8221;:&#8221;2026-08-11T17:15:21+0200&#8243;,&#8221;altBackground&#8221;:false,&#8221;title&#8221;:&#8221;Caso Banda, la Figc d\u00e0 ragione al Lecce: la ricostruzione e cos&#8217;\u00e8 successo finora&#8221;,&#8221;content&#8221;:&#8221;<\/p>\n<p>La ricostruzione di quanto \u00e8 successo nelle ultime ore riguardo Banda.\u00a0<\/p>\n<p>&#8220;,&#8221;postId&#8221;:&#8221;8ab11f4c-e49a-4da1-b1a6-757912b5a43a&#8221;,&#8221;postLink&#8221;:{&#8220;title&#8221;:&#8221;Caso Banda, la Figc d\u00e0 ragione al Lecce: la ricostruzione&#8221;,&#8221;url&#8221;:&#8221;https:\/\/sport.sky.it\/calciomercato\/lameck-banda-lecce-figc-ricostruzione&#8221;,&#8221;imageSrc&#8221;:&#8221;https:\/\/sport.sky.it\/assets\/images\/6ad1171b06567449daa2d5802756437a7a6e4d9f\/skysport\/it\/calcio\/calciomercato\/2026\/07\/30\/lecce-banda-calciomercato-news\/ansa_banda_lecce.jpg?im=Resize,width=1218&#8243;}},{&#8220;timestamp&#8221;:&#8221;2026-08-11T15:00:00.207Z&#8221;,&#8221;timestampUtcIt&#8221;:&#8221;2026-08-11T17:00:00+0200&#8243;,&#8221;altBackground&#8221;:false,&#8221;title&#8221;:&#8221;Juventus, le parole di Spalletti sul futuro di Douglas Luiz&#8221;,&#8221;content&#8221;:&#8221;<\/p>\n<p>Al termine dell&#8217;amichevole contro il Palermo, Lu<strong>ciano Spalletti ha parlato della prestazione di Douglas Luiz,<\/strong> parlando anche del suo futuro: \\&#8221;Rester\u00e0 l&#8217;anno prossimo? Faremo delle valutazioni, molto probabilmente s\u00ec. Sa giocare a calcio e conosce il calcio, sono soddisfatto\\&#8221;.\u00a0<\/p>\n<p>&#8220;,&#8221;postId&#8221;:&#8221;17158a58-cac9-417e-b7fd-3844d78781ec&#8221;,&#8221;postLink&#8221;:{&#8220;title&#8221;:&#8221;Spalletti dopo Juventus-Palermo: &#8216;Douglas Luiz pu\u00f2 restare'&#8221;,&#8221;url&#8221;:&#8221;https:\/\/sport.sky.it\/calciomercato\/2026\/08\/11\/spalletti-juventus-palermo-douglas-luiz-video&#8221;,&#8221;imageSrc&#8221;:&#8221;https:\/\/sport.sky.it\/assets\/images\/f6b05bfb0eabc21145364974a184d7a748385620\/skysport\/it\/calcio\/calciomercato\/2026\/08\/11\/spalletti-juventus-palermo-douglas-luiz-video\/juventus_spalletti.jpg?im=Resize,width=1218&#8243;}},{&#8220;timestamp&#8221;:&#8221;2026-08-11T14:30:00.497Z&#8221;,&#8221;timestampUtcIt&#8221;:&#8221;2026-08-11T16:30:00+0200&#8243;,&#8221;altBackground&#8221;:false,&#8221;title&#8221;:&#8221;Siviglia, ufficiale l&#8217;arrivo di Ure&#8221;,&#8221;content&#8221;:&#8221;<\/p>\n<p><strong>Robbie Ure \u00e8 un nuovo attaccante del Siviglia<\/strong>. Lo scozzese ha firmato un contratto fino al 2031: arriva a titolo definitivo dagli svedesi del <strong>Sirius<\/strong>.\u00a0<\/p>\n<p>&#8220;,&#8221;postId&#8221;:&#8221;f92023aa-05fd-419c-b143-dbf51bac0720&#8243;,&#8221;postLink&#8221;:{&#8220;title&#8221;:&#8221;&#8221;,&#8221;url&#8221;:&#8221;&#8221;,&#8221;imageSrc&#8221;:&#8221;&#8221;}},{&#8220;timestamp&#8221;:&#8221;2026-08-11T14:10:00.121Z&#8221;,&#8221;timestampUtcIt&#8221;:&#8221;2026-08-11T16:10:00+0200&#8243;,&#8221;altBackground&#8221;:false,&#8221;title&#8221;:&#8221;Foggia, ufficiale l&#8217;arrivo di Andrea Gallo dal Crotone &#8220;,&#8221;content&#8221;:&#8221;<\/p>\n<p>Andrea <strong>Gallo <\/strong>torna al <strong>Foggia<\/strong>, ad ufficializzarlo \u00e8 stato lo stesso club pugliese. Il centrocampista classe &#8217;97 arriva a titolo temporaneo con obbligo di riscatto dal <strong>Crotone<\/strong>. Con la maglia del <strong>Foggia<\/strong>, Andrea <strong>Gallo <\/strong>aveva giocato nel 2021-22.\u00a0<\/p>\n<p>\\n\\n&#8221;,&#8221;postId&#8221;:&#8221;8ca7662c-85a2-44e2-a9e5-09d5a48a4efa&#8221;,&#8221;postLink&#8221;:{&#8220;title&#8221;:&#8221;&#8221;,&#8221;url&#8221;:&#8221;&#8221;,&#8221;imageSrc&#8221;:&#8221;&#8221;}},{&#8220;timestamp&#8221;:&#8221;2026-08-11T13:50:00.391Z&#8221;,&#8221;timestampUtcIt&#8221;:&#8221;2026-08-11T15:50:00+0200&#8243;,&#8221;altBackground&#8221;:false,&#8221;title&#8221;:&#8221;Lecce, a centrocampo piace Dalla Vecchia&#8221;,&#8221;content&#8221;:&#8221;<\/p>\n<p>Si accende il mercato in entata del Lecce. <strong>I giallorossi sono interessati a Marco Dalla Vecchia<\/strong>, centrocampista di propriet\u00e0 del Torino. Il classe 2005 \u00e8 rientrato al club granata dopo il prestito alla Virtus Entella, in Serie B.\u00a0<\/p>\n<p>&#8220;,&#8221;postId&#8221;:&#8221;c644cbce-54c2-4bfd-b45c-eb704cadf5fa&#8221;,&#8221;postLink&#8221;:{&#8220;title&#8221;:&#8221;&#8221;,&#8221;url&#8221;:&#8221;&#8221;,&#8221;imageSrc&#8221;:&#8221;&#8221;}},{&#8220;timestamp&#8221;:&#8221;2026-08-11T13:40:00.134Z&#8221;,&#8221;timestampUtcIt&#8221;:&#8221;2026-08-11T15:40:00+0200&#8243;,&#8221;altBackground&#8221;:false,&#8221;title&#8221;:&#8221;Ascoli, preso il difensore Gattoni&#8221;,&#8221;content&#8221;:&#8221;<\/p>\n<p><strong>L&#8217;Ascoli ha chiuso l&#8217;accordo per il difensore Federico Gattoni. <\/strong>L&#8217;italo-argentino, 27 anni, <strong>arriva dal Siviglia.<\/strong> Atteso solo l&#8217;annuncio ufficiale del club bianconero, il calciatore ha raggiunto in mattinata i compagni in ritiro.\u00a0<\/p>\n<p>&#8220;,&#8221;postId&#8221;:&#8221;3d6288c7-e02f-45b3-b02c-c3e5a957cdc2&#8243;,&#8221;postLink&#8221;:{&#8220;title&#8221;:&#8221;&#8221;,&#8221;url&#8221;:&#8221;&#8221;,&#8221;imageSrc&#8221;:&#8221;&#8221;}},{&#8220;timestamp&#8221;:&#8221;2026-08-11T13:20:00.582Z&#8221;,&#8221;timestampUtcIt&#8221;:&#8221;2026-08-11T15:20:00+0200&#8243;,&#8221;altBackground&#8221;:false,&#8221;title&#8221;:&#8221;Nottingham Forest, ufficiale Diomande&#8221;,&#8221;content&#8221;:&#8221;<\/p>\n<p><strong>Il Nottingham Forest ha annunciato l&#8217;acquisto del difensore Ousmane Diomande<\/strong>. L&#8217;ivoriano classe 2003 ha firmato un contratto fino al 2030 con opzione per un ulteriore anno. Arriva a titolo definitivo per 40 milioni di euro dallo Sporting Lisbona e rappresenta il quarto acquisto pi\u00f9 caro di sempre nella storia del club inglese.\u00a0<\/p>\n<p>&#8220;,&#8221;postId&#8221;:&#8221;89256073-4b8c-49a0-b09d-e7d2cbc2a0e7&#8243;,&#8221;postLink&#8221;:{&#8220;title&#8221;:&#8221;Un altro Diomande cambia squadra e vola In Premier&#8221;,&#8221;url&#8221;:&#8221;https:\/\/sport.sky.it\/calciomercato\/calciomercato-2026-acquisti-ufficiali-estero-estate&#8221;,&#8221;imageSrc&#8221;:&#8221;https:\/\/sport.sky.it\/assets\/images\/9228b3c2558f750e1c96c2a262847f7ede963975\/skysport\/it\/calcio\/calciomercato\/calciomercato-2026-acquisti-ufficiali-estero-estate\/nottingham_forest_diomande.jpg?im=Resize,width=1218&#8243;}},{&#8220;timestamp&#8221;:&#8221;2026-08-11T13:00:00.862Z&#8221;,&#8221;timestampUtcIt&#8221;:&#8221;2026-08-11T15:00:00+0200&#8243;,&#8221;altBackground&#8221;:false,&#8221;title&#8221;:&#8221;Domino attaccanti tra Bologna, Fiorentina e Parma&#8221;,&#8221;content&#8221;:&#8221;<\/p>\n<p><strong>Il Bologna ha trovato un accordo con il Colonia per la cessione dell&#8217;attaccante Thijs Dallinga<\/strong>: operazione in prestito con diritto di riscatto. I rossobl\u00f9 hanno individuato <strong>il sostituto in Roberto Piccoli ma non c&#8217;\u00e8 ancora l&#8217;intesa con la Fiorentina<\/strong>. Operazione a che, a sua volta, sbloccherebbe anche l&#8217;arrivo in viola di Mateo Pellegrino, molto vicini all&#8217;intesa con il Parma.\u00a0<\/p>\n<p>&#8220;,&#8221;postId&#8221;:&#8221;954d9486-6e20-4273-b5aa-d4bb34376967&#8243;,&#8221;postLink&#8221;:{&#8220;title&#8221;:&#8221;&#8221;,&#8221;url&#8221;:&#8221;&#8221;,&#8221;imageSrc&#8221;:&#8221;&#8221;}},{&#8220;timestamp&#8221;:&#8221;2026-08-11T12:45:00.693Z&#8221;,&#8221;timestampUtcIt&#8221;:&#8221;2026-08-11T14:45:00+0200&#8243;,&#8221;altBackground&#8221;:false,&#8221;title&#8221;:&#8221;Sampdoria, ufficiale l&#8217;arrivo di Vindahl&#8221;,&#8221;content&#8221;:&#8221;<\/p>\n<p><strong>Peter Vindahl \u00e8 un nuovo portiere della Sampdoria<\/strong>. L&#8217;estremo difensore, classe 1998, ha firmato un contratto annuale: si trasferisce in prestito dallo Sparta Praga.\u00a0<\/p>\n<p>&#8220;,&#8221;postId&#8221;:&#8221;947140ea-f499-4206-af90-95e782d2348e&#8221;,&#8221;postLink&#8221;:{&#8220;title&#8221;:&#8221;Calciomercato Serie B: Vindahl ufficiale alla Sampdoria&#8221;,&#8221;url&#8221;:&#8221;https:\/\/sport.sky.it\/calciomercato\/calciomercato-serie-b-estate-2026-acquisti-ufficiali&#8221;,&#8221;imageSrc&#8221;:&#8221;https:\/\/sport.sky.it\/assets\/images\/00c3320aa7da7bb505ddfa00ab489b0362205dca\/skysport\/it\/calcio\/calciomercato\/calciomercato-serie-b-estate-2026-acquisti-ufficiali\/sampdoria_vindahl.jpg?im=Resize,width=1218&#8243;}},{&#8220;timestamp&#8221;:&#8221;2026-08-11T12:30:00.521Z&#8221;,&#8221;timestampUtcIt&#8221;:&#8221;2026-08-11T14:30:00+0200&#8243;,&#8221;altBackground&#8221;:false,&#8221;title&#8221;:&#8221;Atalanta, c&#8217;\u00e8 l&#8217;accordo con l&#8217;Udinese per Kristensen&#8221;,&#8221;content&#8221;:&#8221;<\/p>\n<p><strong>Atalanta <\/strong>e <strong>Udinese <\/strong>sono ai dettagli per Thomas <strong>Kristensen<\/strong>. Le parti stanno ancora dialogando per limare i dettagli ma ormai l&#8217;intesa \u00e8 vicina con l&#8217;operazione che si chiuder\u00e0 per 22 milioni di euro pi\u00f9 tre milioni di bonus e il 10% della rivendita sulla plusvaleza.\u00a0<\/p>\n<p>\\n\\n&#8221;,&#8221;postId&#8221;:&#8221;9d46aeb4-8a27-42f5-ba4f-51381ffcccec&#8221;,&#8221;postLink&#8221;:{&#8220;title&#8221;:&#8221;Atalanta, nuova offerta per Kristensen: nerazzurri sempre pi\u00f9 vicini&#8221;,&#8221;url&#8221;:&#8221;https:\/\/sport.sky.it\/calciomercato\/2026\/08\/11\/atalanta-kristensen-calciomercato-news&#8221;,&#8221;imageSrc&#8221;:&#8221;https:\/\/sport.sky.it\/assets\/images\/f1d785951fc7108908d78b9f9b3f21def4142b5f\/skysport\/it\/calcio\/calciomercato\/2026\/08\/06\/atalanta-kristensen-udinese-calciomercato-news\/kristensen_udinese_getty.jpg?im=Resize,width=1218&#8243;}},{&#8220;timestamp&#8221;:&#8221;2026-08-11T12:15:00.662Z&#8221;,&#8221;timestampUtcIt&#8221;:&#8221;2026-08-11T14:15:00+0200&#8243;,&#8221;altBackground&#8221;:false,&#8221;title&#8221;:&#8221;Catanzaro, in arrivo Dorval e Mosti&#8221;,&#8221;content&#8221;:&#8221;<\/p>\n<p>Il Catanzaro ha chiuso due importanti operazioni in entrata. <strong>Dal Bari, \u00e8 in arrivo il terzino sinistro Mehdi Dorval,<\/strong> franco-algerino classe 2001. <strong>Chiusa anche la trattativa per il trequartista Nicola Mosti<\/strong>, classe 1998, di propriet\u00e0 della Juve Stabia. In uscita, si sta definendo il passaggio di Costantino Favasuli al Napoli.\u00a0<\/p>\n<p>&#8220;,&#8221;postId&#8221;:&#8221;592a0c2f-f853-41af-a94a-e2864e8b04ba&#8221;,&#8221;postLink&#8221;:{&#8220;title&#8221;:&#8221;&#8221;,&#8221;url&#8221;:&#8221;&#8221;,&#8221;imageSrc&#8221;:&#8221;&#8221;}},{&#8220;timestamp&#8221;:&#8221;2026-08-11T12:13:08.359Z&#8221;,&#8221;timestampUtcIt&#8221;:&#8221;2026-08-11T14:13:08+0200&#8243;,&#8221;altBackground&#8221;:false,&#8221;title&#8221;:&#8221;Calciomercato Napoli, ai dettagli Favasuli. Le news su Gabriel Jesus e Badiashile&#8221;,&#8221;content&#8221;:&#8221;<\/p>\n<p>Il <strong>Napoli <\/strong>ha trovato l&#8217;intesa con il Catanzaro per l&#8217;acquisto di Costantino <strong>Favasuli <\/strong>in\u00a0prestito da 1 milione di euro con obbligo di riscatto fissato a 6,2 milioni pi\u00f9 1 di bonus. In difesa gli azzurri hanno presentato una nuova offerta al Chelsea per il cartellino di Benoit <strong>Badiashile<\/strong>, mentre il possibile arrivo di <strong>Gabriel Jesus<\/strong> \u00e8 legato alle uscite. Giovanni <strong>Di Lorenzo<\/strong>, invece, firmer\u00e0 un rinnovo fino al 30 giugno 2030<\/p>\n<p>&#8220;,&#8221;postId&#8221;:&#8221;ff44079c-867d-4bd8-9823-7c9f875aab01&#8243;,&#8221;postLink&#8221;:{&#8220;title&#8221;:&#8221;Calciomercato Napoli, ai dettagli Favasuli. Le news su Badiashile e Gabriel Jesus&#8221;,&#8221;url&#8221;:&#8221;https:\/\/sport.sky.it\/calcio\/serie-a\/2026\/08\/11\/calciomercato-napoli-news&#8221;,&#8221;imageSrc&#8221;:&#8221;https:\/\/sport.sky.it\/assets\/images\/b84b1417392e499ffd45294be8ecfcdea7eedf1f\/skysport\/it\/calcio\/nazionale\/2026\/06\/02\/lussemburgo-italia-probabili-formazioni\/favasuli_italia_getty.jpg?im=Resize,width=1218&#8243;}},{&#8220;timestamp&#8221;:&#8221;2026-08-11T12:00:00.391Z&#8221;,&#8221;timestampUtcIt&#8221;:&#8221;2026-08-11T14:00:00+0200&#8243;,&#8221;altBackground&#8221;:false,&#8221;title&#8221;:&#8221;Napoli, accordo per il rinnovo di Di Lorenzo&#8221;,&#8221;content&#8221;:&#8221;<\/p>\n<p>I<strong>l Napoli ha raggiunto un accordo per il prolungamento contrattuale di Giovanni Di Lorenzo<\/strong>. Il terzino 33enne firmer\u00e0 un contratto fino al 2030, dando seguito ad un&#8217;avventura iniziata sette stagioni fa.\u00a0<\/p>\n<p>&#8220;,&#8221;postId&#8221;:&#8221;39515929-fb2f-4502-b8c8-8ef654d1c01c&#8221;,&#8221;postLink&#8221;:{&#8220;title&#8221;:&#8221;&#8221;,&#8221;url&#8221;:&#8221;&#8221;,&#8221;imageSrc&#8221;:&#8221;&#8221;}},{&#8220;timestamp&#8221;:&#8221;2026-08-11T11:45:00.013Z&#8221;,&#8221;timestampUtcIt&#8221;:&#8221;2026-08-11T13:45:00+0200&#8243;,&#8221;altBackground&#8221;:false,&#8221;title&#8221;:&#8221;Lecce, interesse per Fadera&#8221;,&#8221;content&#8221;:&#8221;<\/p>\n<p>Il Lecce \u00e8 alla ricerca di un esterno offensivo: <strong>tra i profili che piacciono c&#8217;\u00e8 il gambiano Alieu Fadera,<\/strong> di propriet\u00e0 del Como, con cui ha un contratto fino al 2028. Al momento, non sussistono le condizioni per impostare una trattativa. \u00a0<\/p>\n<p>&#8220;,&#8221;postId&#8221;:&#8221;ca2ccbb5-868d-4401-83e4-e24fdb5de10e&#8221;,&#8221;postLink&#8221;:{&#8220;title&#8221;:&#8221;&#8221;,&#8221;url&#8221;:&#8221;&#8221;,&#8221;imageSrc&#8221;:&#8221;&#8221;}},{&#8220;timestamp&#8221;:&#8221;2026-08-11T11:30:00.581Z&#8221;,&#8221;timestampUtcIt&#8221;:&#8221;2026-08-11T13:30:00+0200&#8243;,&#8221;altBackground&#8221;:false,&#8221;title&#8221;:&#8221;Napoli, ai dettagli l&#8217;arrivo di Favasuli&#8221;,&#8221;content&#8221;:&#8221;<\/p>\n<p><strong>Giornata decisiva per il trasferimento di Costantino Favasuli dal Catanzaro al Napoli.<\/strong> Mancano solo gli ultimi dettagli da sistemare: si va verso 1 milione per il prestito oneroso, con obbligo di riscatto fissato intorno ai 6 milioni e un ulteriore milione di euro di bonus.<\/p>\n<p>&#8220;,&#8221;postId&#8221;:&#8221;0fc57e1d-75d3-4420-b083-446c3ec92e8b&#8221;,&#8221;postLink&#8221;:{&#8220;title&#8221;:&#8221;&#8221;,&#8221;url&#8221;:&#8221;&#8221;,&#8221;imageSrc&#8221;:&#8221;&#8221;}},{&#8220;timestamp&#8221;:&#8221;2026-08-11T11:15:00.526Z&#8221;,&#8221;timestampUtcIt&#8221;:&#8221;2026-08-11T13:15:00+0200&#8243;,&#8221;altBackground&#8221;:false,&#8221;title&#8221;:&#8221;Fulham, ufficiale Charles&#8221;,&#8221;content&#8221;:&#8221;<\/p>\n<p><strong>Terzo acquisto della stagione per il Fulham<\/strong> di Alvaro Arbeloa: ufficiale l&#8217;arrivo di <strong>Shea Charles<\/strong>, nordirlandese classe 2002. Il mediano &#8211; ma che pu\u00f2 giocare anche difensore centrale &#8211; <strong>arriva a titolo definitivo dal Southampton<\/strong>. Ha firmato un contratto fino al 2031.\u00a0<\/p>\n<p>&#8220;,&#8221;postId&#8221;:&#8221;daa81266-7f06-40a3-bc70-2bd916f529ed&#8221;,&#8221;postLink&#8221;:{&#8220;title&#8221;:&#8221;&#8221;,&#8221;url&#8221;:&#8221;&#8221;,&#8221;imageSrc&#8221;:&#8221;&#8221;}},{&#8220;timestamp&#8221;:&#8221;2026-08-11T11:00:00.372Z&#8221;,&#8221;timestampUtcIt&#8221;:&#8221;2026-08-11T13:00:00+0200&#8243;,&#8221;altBackground&#8221;:false,&#8221;title&#8221;:&#8221;Gubbio, ufficiale l&#8217;arrivo di Di Noia&#8221;,&#8221;content&#8221;:&#8221;<\/p>\n<p><strong>Giovanni di Noia \u00e8 un nuovo centrocampista del Gubbio<\/strong>. Il giocatore ha firmato col club umbro dopo aver rescisso in maniera consensuale il contratto con il Catania. Il classe 1994 torna a vestire la maglia del club dopo la stagione 2021-22.\u00a0<\/p>\n<p>&#8220;,&#8221;postId&#8221;:&#8221;b6206cbc-ca84-47a3-8ec0-6813e71a3c23&#8243;,&#8221;postLink&#8221;:{&#8220;title&#8221;:&#8221;&#8221;,&#8221;url&#8221;:&#8221;&#8221;,&#8221;imageSrc&#8221;:&#8221;&#8221;}},{&#8220;timestamp&#8221;:&#8221;2026-08-11T10:45:00.253Z&#8221;,&#8221;timestampUtcIt&#8221;:&#8221;2026-08-11T12:45:00+0200&#8243;,&#8221;altBackground&#8221;:false,&#8221;title&#8221;:&#8221;Lukaku-Fenerbahce: le cifre&#8221;,&#8221;content&#8221;:&#8221;<\/p>\n<p>Come raccontato, <strong>Napoli e Fenerbahce hanno raggiunto un accordo per il trasferimento di Romelu Lukaku. Operazione da 6 milioni pi\u00f9 3 di bonus<\/strong>, di cui 2 legati alle prestazioni del giocatore, 1 alla vittoria del campionato turco.\u00a0<\/p>\n<p>&#8220;,&#8221;postId&#8221;:&#8221;31655424-69f4-471f-b660-e80a7965fe78&#8243;,&#8221;postLink&#8221;:{&#8220;title&#8221;:&#8221;&#8221;,&#8221;url&#8221;:&#8221;&#8221;,&#8221;imageSrc&#8221;:&#8221;&#8221;}},{&#8220;timestamp&#8221;:&#8221;2026-08-11T10:25:01.551Z&#8221;,&#8221;timestampUtcIt&#8221;:&#8221;2026-08-11T12:25:01+0200&#8243;,&#8221;altBackground&#8221;:false,&#8221;title&#8221;:&#8221;Alle 21 una nuova puntata di \\&#8221;Speciale Calciomercato\\&#8221;&#8221;,&#8221;content&#8221;:&#8221;<\/p>\n<p><strong>Stasera una nuova puntata di \\&#8221;Speciale Calciomercato\\&#8221;: l&#8217;appuntamento \u00e8 per le ore 21 su Sky Sport 24.<\/strong> In studio Vanessa Leonardi con gli aggiornamenti di calciomercato a cura di Luca Marchetti. Ospiti della puntata Marco Bucciantini e Massimo Marianella.\u00a0<\/p>\n<p>&#8220;,&#8221;postId&#8221;:&#8221;b375abe2-979b-4677-a134-cc767ec13f7d&#8221;,&#8221;postLink&#8221;:{&#8220;title&#8221;:&#8221;&#8221;,&#8221;url&#8221;:&#8221;&#8221;,&#8221;imageSrc&#8221;:&#8221;&#8221;}},{&#8220;timestamp&#8221;:&#8221;2026-08-11T10:10:00.000Z&#8221;,&#8221;timestampUtcIt&#8221;:&#8221;2026-08-11T12:10:00+0200&#8243;,&#8221;altBackground&#8221;:false,&#8221;title&#8221;:&#8221;Gli acquisti da record dei Gunners: la classifica&#8221;,&#8221;content&#8221;:&#8221;<\/p>\n<p>Con l&#8217;acquisto di Bruno Guimaraes, l&#8217;Arsenal aggiorna la classifica dei suoi colpi p\u00f9 costosi di sempre: il brasiliano sale sul podio. In classifica, nella Top 20, c&#8217;\u00e8 anche l&#8217;italiano Calafiori, le altre pi\u00f9 costose le ricordi tutte?<\/p>\n<p>&#8220;,&#8221;postId&#8221;:&#8221;fee28a80-0c33-4a0f-bb1d-a771303d9c40&#8243;,&#8221;postLink&#8221;:{&#8220;title&#8221;:&#8221;Bruno Guimaraes \u00e8 sul podio degli acquisti pi\u00f9 cari della storia dell&#8217;Arsenal&#8221;,&#8221;url&#8221;:&#8221;https:\/\/sport.sky.it\/calciomercato\/arsenal-acquisti-piu-costosi-calciomercato&#8221;,&#8221;imageSrc&#8221;:&#8221;https:\/\/sport.sky.it\/assets\/images\/02f2c2a4efaadce1764127e1b2c47104c540039f\/skysport\/it\/calcio\/calciomercato\/arsenal-acquisti-piu-costosi-calciomercato\/combo_arsenal_colpi_costosi.jpg?im=Resize,width=1218&#8243;}},{&#8220;timestamp&#8221;:&#8221;2026-08-11T10:00:00.000Z&#8221;,&#8221;timestampUtcIt&#8221;:&#8221;2026-08-11T12:00:00+0200&#8243;,&#8221;altBackground&#8221;:false,&#8221;title&#8221;:&#8221;Psg e Barcellona in fase avanzata per Ferran Torres&#8221;,&#8221;content&#8221;:&#8221;<\/p>\n<p>I due club sono al lavoro per definire i dettagli del passaggio dell&#8217;attaccante in Francia. Il giocatore ha gi\u00e0 concordato un contratto di 5 anni con il Psg. C&#8217;\u00e8 fiducia per chiudere l&#8217;accordo nelle prossime ore, poi Ferran Torres (gi\u00e0 allenato in Nazionale da lui) potrebbe ritrovare Luis Enrique<\/p>\n<p>\\n&#8221;,&#8221;postId&#8221;:&#8221;f96f8dd0-f2e5-4e9e-8f62-08205aaf9c60&#8243;,&#8221;postLink&#8221;:{&#8220;title&#8221;:&#8221;&#8221;,&#8221;url&#8221;:&#8221;&#8221;,&#8221;imageSrc&#8221;:&#8221;&#8221;}},{&#8220;timestamp&#8221;:&#8221;2026-08-11T09:50:00.000Z&#8221;,&#8221;timestampUtcIt&#8221;:&#8221;2026-08-11T11:50:00+0200&#8243;,&#8221;altBackground&#8221;:false,&#8221;title&#8221;:&#8221;E fatta per Terzic&#8221;,&#8221;content&#8221;:&#8221;<\/p>\n<p>Fatta per l&#8217;arrivo a Frosinone di Terzic. Il giocatore far\u00e0 le visite mediche nella giornata di gioved\u00ec<\/p>\n<p>\\n<\/p>\n<p>.<\/p>\n<p>&#8220;,&#8221;postId&#8221;:&#8221;3ce1dc30-2f8c-4b95-93fa-b18b89f789eb&#8221;,&#8221;postLink&#8221;:{&#8220;title&#8221;:&#8221;&#8221;,&#8221;url&#8221;:&#8221;&#8221;,&#8221;imageSrc&#8221;:&#8221;&#8221;}},{&#8220;timestamp&#8221;:&#8221;2026-08-11T09:40:00.000Z&#8221;,&#8221;timestampUtcIt&#8221;:&#8221;2026-08-11T11:40:00+0200&#8243;,&#8221;altBackground&#8221;:false,&#8221;title&#8221;:&#8221;Frosinone, ufficiale l&#8217;arrivo di Masini&#8221;,&#8221;content&#8221;:&#8221;<\/p>\n<p><strong>Patrizio Masini \u00e8 un nuovo calciatore del Frosinone.<\/strong> Il classe 2001 arriva dal Genoa in prestito con obbligo di riscatto al verificarsi di determinate condizioni. Per lui contratto di quattro anni.<\/p>\n<p>&#8220;,&#8221;postId&#8221;:&#8221;d393b6fb-8993-4469-b17d-03110bd85a40&#8243;,&#8221;postLink&#8221;:{&#8220;title&#8221;:&#8221;&#8221;,&#8221;url&#8221;:&#8221;&#8221;,&#8221;imageSrc&#8221;:&#8221;&#8221;}},{&#8220;timestamp&#8221;:&#8221;2026-08-11T09:30:00.000Z&#8221;,&#8221;timestampUtcIt&#8221;:&#8221;2026-08-11T11:30:00+0200&#8243;,&#8221;altBackground&#8221;:false,&#8221;title&#8221;:&#8221;I rinnovi ufficiali in Italia, in Europa e nel mondo&#8221;,&#8221;content&#8221;:&#8221;<\/p>\n<p><strong>Micky Van De Ven<\/strong> resta al Tottenham e prolunga il suo contratto con gli Spurs fino al <strong>2031<\/strong>. Di seguito i principali (e pi\u00f9 recenti) annunci in Italia, in Europa e nel mondo:<\/p>\n<p>&#8220;,&#8221;postId&#8221;:&#8221;fdb52009-4c02-40c9-a73e-db2102e4064e&#8221;,&#8221;postLink&#8221;:{&#8220;title&#8221;:&#8221;Tottenham, Van De Ven rinnova fino al 2031&#8243;,&#8221;url&#8221;:&#8221;https:\/\/sport.sky.it\/calciomercato\/calciomercato-ultimi-rinnovi-ufficiali&#8221;,&#8221;imageSrc&#8221;:&#8221;https:\/\/sport.sky.it\/assets\/images\/bb36ec9bfca5bc105f8b7436f56663a903c7399f\/skysport\/it\/calcio\/calciomercato\/calciomercato-ultimi-rinnovi-ufficiali\/micky_van_de_ven_rinnovo_tottenham.jpg?im=Resize,width=1218&#8243;}},{&#8220;timestamp&#8221;:&#8221;2026-08-11T09:17:56.636Z&#8221;,&#8221;timestampUtcIt&#8221;:&#8221;2026-08-11T11:17:56+0200&#8243;,&#8221;altBackground&#8221;:false,&#8221;title&#8221;:&#8221;Torino, il Salisburgo spinge per Njie. Sul giocatore c&#8217;\u00e8 anche il Crystal Palace&#8221;,&#8221;content&#8221;:&#8221;<\/p>\n<p>Il <strong>Salisburgo<\/strong> continua a spingere per <strong>Njie<\/strong> e ha offerto <strong>10 milioni pi\u00f9 2 di bonus al Torino<\/strong>. Il giocatore piace anche al <strong>Crystal Palace<\/strong> e il club granata sta quindi trattando con due club<\/p>\n<p>\\n\\n&#8221;,&#8221;postId&#8221;:&#8221;382f18c6-b526-4cd2-a15a-aaca1c4d42b5&#8243;,&#8221;postLink&#8221;:{&#8220;title&#8221;:&#8221;&#8221;,&#8221;url&#8221;:&#8221;&#8221;,&#8221;imageSrc&#8221;:&#8221;&#8221;}},{&#8220;timestamp&#8221;:&#8221;2026-08-11T09:10:00.000Z&#8221;,&#8221;timestampUtcIt&#8221;:&#8221;2026-08-11T11:10:00+0200&#8243;,&#8221;altBackground&#8221;:false,&#8221;title&#8221;:&#8221; Dallinga verso il Colonia: Bologna pronto su Piccoli&#8221;,&#8221;content&#8221;:&#8221;<\/p>\n<p>Potrebbe presto prendere forma il <strong>domino attaccanti in Serie A<\/strong>, con il <strong>Colonia <\/strong>che \u00e8 il club favorito ad acquistare <strong>Dallinga <\/strong>dal <strong>Bologna<\/strong>. Una cessione che permetterebbe ai rossobl\u00f9 di chiudere per l&#8217;arrivo di <strong>Piccoli<\/strong>, con la <strong>Fiorentina <\/strong>che porterebbe in maglia viola <strong>Pellegrino <\/strong>dal <strong>Parma <\/strong>(che intanto ha raggiunto una base d&#8217;accordo con il Tigre per David Romero)<\/p>\n<p>&#8220;,&#8221;postId&#8221;:&#8221;f2847c5d-e611-4f2c-b985-78d2a6493479&#8243;,&#8221;postLink&#8221;:{&#8220;title&#8221;:&#8221;Domino attaccanti Serie A: Dallinga verso Colonia. Piccoli e Pellegrino&#8230;&#8221;,&#8221;url&#8221;:&#8221;https:\/\/sport.sky.it\/calciomercato\/2026\/08\/10\/calciomercato-bologna-dallinga-piccoli-news&#8221;,&#8221;imageSrc&#8221;:&#8221;https:\/\/sport.sky.it\/assets\/images\/192b0666ce064206e43343f0dd52446ea4a0edea\/skysport\/it\/calcio\/calciomercato\/2026\/08\/10\/calciomercato-bologna-dallinga-piccoli-news\/dallinga_piccoli_combo.jpg?im=Resize,width=1218&#8243;}},{&#8220;timestamp&#8221;:&#8221;2026-08-11T09:06:24.792Z&#8221;,&#8221;timestampUtcIt&#8221;:&#8221;2026-08-11T11:06:24+0200&#8243;,&#8221;altBackground&#8221;:false,&#8221;title&#8221;:&#8221;Da Gabriel Jesus a Badiashile: il punto sul mercato in entrata&#8221;,&#8221;content&#8221;:&#8221;<\/p>\n<p>Dopo la cessione di Lukaku, ora il <strong>Napoli<\/strong> vuole muoversi sul mercato in entrata. L&#8217;obiettivo resta <strong>Gabriel Jesus<\/strong> ma bisogner\u00e0 capire se, oltre a Lukaku, baster\u00e0 la cessione del solo Noa <strong>Lang<\/strong>. In attacco, infatti, \u00e8 presente anche Lorenzo <strong>Lucca<\/strong>, per cui il club ha fatto un investimento importante nell&#8217;estate 2025. Inoltre, il club azzurro sta stringendo per Costantino <strong>Favasuli<\/strong> e continua a trattare per Benoit <strong>Badiashile<\/strong>, per cui \u00e8 stato offerto un prestito oneroso da 3 milioni di euro pi\u00f9 diritto di riscatto. Si aspetta la risposta del Chelsea<\/p>\n<p>&#8220;,&#8221;postId&#8221;:&#8221;b6233035-dd4f-4863-9d65-9a2519c058ed&#8221;,&#8221;postLink&#8221;:{&#8220;title&#8221;:&#8221;&#8221;,&#8221;url&#8221;:&#8221;&#8221;,&#8221;imageSrc&#8221;:&#8221;&#8221;}},{&#8220;timestamp&#8221;:&#8221;2026-08-11T09:05:51.267Z&#8221;,&#8221;timestampUtcIt&#8221;:&#8221;2026-08-11T11:05:51+0200&#8243;,&#8221;altBackground&#8221;:false,&#8221;title&#8221;:&#8221;Como, Posch in chiusura al Mainz&#8221;,&#8221;content&#8221;:&#8221;<\/p>\n<p>Dopo la fine dell&#8217;esperienza in prestito, Stefan <strong>Posch<\/strong> si prepara a diventare un nuovo giocatore del <strong>Mainz a titolo definitivo<\/strong>. Operazione <strong>in chiusura<\/strong><\/p>\n<p>&#8220;,&#8221;postId&#8221;:&#8221;e2b1ff52-2895-40a5-87a4-b00507413585&#8243;,&#8221;postLink&#8221;:{&#8220;title&#8221;:&#8221;&#8221;,&#8221;url&#8221;:&#8221;&#8221;,&#8221;imageSrc&#8221;:&#8221;&#8221;}},{&#8220;timestamp&#8221;:&#8221;2026-08-11T09:04:39.971Z&#8221;,&#8221;timestampUtcIt&#8221;:&#8221;2026-08-11T11:04:39+0200&#8243;,&#8221;video&#8221;:{&#8220;videoId&#8221;:&#8221;1117180&#8243;,&#8221;videoPageUrl&#8221;:&#8221;https:\/\/video.sky.it\/sport\/calciomercato\/serie-a\/video\/frosinone-schimd-visite-calciomercato-news-1117180&#8243;},&#8221;altBackground&#8221;:true,&#8221;title&#8221;:&#8221;Frosinone, iniziate le visite mediche di Schimd&#8221;,&#8221;content&#8221;:&#8221;<\/p>\n<p>Il <strong>Frosinone<\/strong> si prepara ad accogliere <strong>Romano Schmid<\/strong>, che ha iniziato le visite mediche. Al Werder Brema andranno <strong>8 milioni di euro<\/strong><\/p>\n<p>&#8220;,&#8221;postId&#8221;:&#8221;59d2bb11-ce82-43b9-81fb-2efd305b4df8&#8243;,&#8221;postLink&#8221;:{&#8220;title&#8221;:&#8221;&#8221;,&#8221;url&#8221;:&#8221;&#8221;,&#8221;imageSrc&#8221;:&#8221;&#8221;}},{&#8220;timestamp&#8221;:&#8221;2026-08-11T09:00:00.000Z&#8221;,&#8221;timestampUtcIt&#8221;:&#8221;2026-08-11T11:00:00+0200&#8243;,&#8221;altBackground&#8221;:false,&#8221;title&#8221;:&#8221;Il Padova si rinforza con Simone Scaglia&#8221;,&#8221;content&#8221;:&#8221;<\/p>\n<p>Rinforzo in porta per il <strong>Padova<\/strong>, che pesca dagli svincolati firmando<strong> Simone Scaglia<\/strong> fino al 30 giugno 2027. Classe 2004, Scaglia ha passato tutta la sua carriera nel settore giovanile della <strong>Juventus<\/strong>, con cui ha giocato anche in <strong>Serie C con la maglia della Next Gen:<\/strong><\/p>\n<p>\\n&#8221;,&#8221;postId&#8221;:&#8221;e1d5b130-c0ae-4f6d-befe-f38e24907f2a&#8221;,&#8221;postLink&#8221;:{&#8220;title&#8221;:&#8221;Serie B: Simone Scaglia al Padova&#8221;,&#8221;url&#8221;:&#8221;https:\/\/sport.sky.it\/calciomercato\/calciomercato-serie-b-estate-2026-acquisti-ufficiali&#8221;,&#8221;imageSrc&#8221;:&#8221;https:\/\/sport.sky.it\/assets\/images\/19faae712cf6dcc2e1fdadf9f2ce8c4f2eb716a9\/skysport\/it\/calcio\/calciomercato\/calciomercato-serie-b-estate-2026-acquisti-ufficiali\/scaglia_padova.jpg?im=Resize,width=1218&#8243;}},{&#8220;timestamp&#8221;:&#8221;2026-08-11T08:50:00.000Z&#8221;,&#8221;timestampUtcIt&#8221;:&#8221;2026-08-11T10:50:00+0200&#8243;,&#8221;altBackground&#8221;:false,&#8221;title&#8221;:&#8221;Djimsiti va in Arabia, Araujo al Liverpool&#8221;,&#8221;content&#8221;:&#8221;<\/p>\n<p>Berat Djimsiti lascia l&#8217;Atalanta dopo otto stagioni e si trasferisce in Arabia. Dopo sette anni Araujo si trasferisce dal Barcellona al Liverpool. Tutte le ufficialit\u00e0:<\/p>\n<p>&#8220;,&#8221;postId&#8221;:&#8221;70922164-264f-45d9-9457-044f5efbcb9d&#8221;,&#8221;postLink&#8221;:{&#8220;title&#8221;:&#8221;Calciomercato: Djimsiti va in Arabia, Araujo al Liverpool&#8221;,&#8221;url&#8221;:&#8221;https:\/\/sport.sky.it\/calciomercato\/calciomercato-2026-acquisti-ufficiali-estero-estate&#8221;,&#8221;imageSrc&#8221;:&#8221;https:\/\/sport.sky.it\/assets\/images\/ecd0987abce902278f145513fcd1e49eeb2e132f\/skysport\/it\/calcio\/calciomercato\/calciomercato-2026-acquisti-ufficiali-estero-estate\/djimsiti_araujo_combo.jpg?im=Resize,width=1218&#8243;}},{&#8220;timestamp&#8221;:&#8221;2026-08-11T08:40:00.000Z&#8221;,&#8221;timestampUtcIt&#8221;:&#8221;2026-08-11T10:40:00+0200&#8243;,&#8221;altBackground&#8221;:false,&#8221;title&#8221;:&#8221;Juventus, Suzuki verso il Psg. Resta un obiettivo Vicario&#8221;,&#8221;content&#8221;:&#8221;<\/p>\n<p>I bianconeri continuano a monitorare <strong>Suzuki <\/strong>e <strong>Vicario <\/strong>per la porta. Il <strong>Psg <\/strong>vuole anticipare la concorrenza per il giapponese ma resta sullo sfondo l&#8217;ipotesi di un prestito annuale alla Juventus. Per il portiere italiano, invece, il <strong>Tottenham <\/strong>non ha ancora aperto al prestito<\/p>\n<p>&#8220;,&#8221;postId&#8221;:&#8221;5d16af21-e5c9-4c26-bae7-f2845acdd9e8&#8243;,&#8221;postLink&#8221;:{&#8220;title&#8221;:&#8221;Calciomercato Juventus, da Suzuki a Vicario: le ultime&#8221;,&#8221;url&#8221;:&#8221;https:\/\/sport.sky.it\/calciomercato\/2026\/08\/10\/calciomercato-juventus-suzuki-vicario-news&#8221;,&#8221;imageSrc&#8221;:&#8221;https:\/\/sport.sky.it\/assets\/images\/04d86039aa952430ce31a5b1826d344f5be27a0b\/skysport\/it\/calcio\/serie-a\/2026\/03\/07\/fiorentina-parma-probabili-formazioni-28-giornata\/ansa_suzuki.jpg?im=Resize,width=1218&#8243;}},{&#8220;timestamp&#8221;:&#8221;2026-08-11T08:34:14.904Z&#8221;,&#8221;timestampUtcIt&#8221;:&#8221;2026-08-11T10:34:14+0200&#8243;,&#8221;altBackground&#8221;:false,&#8221;title&#8221;:&#8221;Fenerbahce, accordo con il Napoli per Lukaku&#8221;,&#8221;content&#8221;:&#8221;<\/p>\n<p><strong>Napoli e Fenerbahce<\/strong> hanno trovato l&#8217;<strong>accordo<\/strong> per il trasferimento di <strong>Lukaku<\/strong>. I due club stanno scambiano i documenti: <strong>operazione da 6 milioni di euro pi\u00f9 bonus<\/strong><\/p>\n<p>&#8220;,&#8221;postId&#8221;:&#8221;2d7f77d6-f739-46a9-b384-c3ba90af72fb&#8221;,&#8221;postLink&#8221;:{&#8220;title&#8221;:&#8221;Lukaku al Fenerbahce: accordo con il Napoli&#8221;,&#8221;url&#8221;:&#8221;https:\/\/sport.sky.it\/calciomercato\/2026\/08\/11\/lukaku-fenerbahce-napoli-calciomercato-news&#8221;,&#8221;imageSrc&#8221;:&#8221;https:\/\/sport.sky.it\/assets\/images\/50136e92c589bcebbfb90867c3decbdc891cae5d\/skysport\/it\/calcio\/calciomercato\/2026\/08\/11\/lukaku-fenerbahce-napoli-calciomercato-news\/lukaku_napoli_ansa.jpg?im=Resize,width=1218&#8243;}},{&#8220;timestamp&#8221;:&#8221;2026-08-11T08:30:00.000Z&#8221;,&#8221;timestampUtcIt&#8221;:&#8221;2026-08-11T10:30:00+0200&#8243;,&#8221;altBackground&#8221;:false,&#8221;title&#8221;:&#8221;Romelu Lukaku a un passo dal Fenerbahce&#8221;,&#8221;content&#8221;:&#8221;<\/p>\n<p>Romelu Lukaku \u00e8 vicinissimo al club turco. Le parti stanno definendo gli ultimi dettagli dell\u2019intesa che ora \u00e8 davvero in dirittura d\u2019arrivo. Il giocatore ha gi\u00e0 trovato l&#8217;accordo contrattuale con il Fenerbahce e attende il via libera per trasferirsi a Istanbul<\/p>\n<p>&#8220;,&#8221;postId&#8221;:&#8221;ce561070-64c4-4e76-8a48-ca3f3ab4b95f&#8221;,&#8221;postLink&#8221;:{&#8220;title&#8221;:&#8221;Romelu Lukaku a un passo dal Fenerbahce&#8221;,&#8221;url&#8221;:&#8221;https:\/\/sport.sky.it\/calciomercato\/2026\/08\/10\/lukaku-fenerbahce-napoli-calciomercato-news&#8221;,&#8221;imageSrc&#8221;:&#8221;https:\/\/sport.sky.it\/assets\/images\/8473a68536587c26ebdaf3f5a7cdd64a5d646df2\/skysport\/it\/calcio\/calciomercato\/giocatori-ex-serie-a-turchia\/ansa_lukaku_partenza.jpg?im=Resize,width=1218&#8243;}},{&#8220;timestamp&#8221;:&#8221;2026-08-11T08:19:00.413Z&#8221;,&#8221;timestampUtcIt&#8221;:&#8221;2026-08-11T10:19:00+0200&#8243;,&#8221;altBackground&#8221;:false,&#8221;title&#8221;:&#8221;Roma-Rodrigo Mora, continua la trattativa con il Porto: le news sulla formula&#8221;,&#8221;content&#8221;:&#8221;<\/p>\n<p>La <strong>Roma<\/strong> \u00e8 alla ricerca di rinforzi per la trequarti e sta continuando a trattare con il <strong>Porto<\/strong> per il cartellino di <strong>Rodrigo Mora<\/strong>. Trasferimento per <strong>25 milioni di euro<\/strong>, con il <strong>50% sulla futura rivendita<\/strong> in favore dei portoghesi. I giallorossi, per\u00f2, <strong>vorrebbero riservarsi la possibilit\u00e0 di annullare questa percentuale pagando altri 25 milioni nel 2027<\/strong><\/p>\n<p>&#8220;,&#8221;postId&#8221;:&#8221;21162d46-476f-4630-a5fa-745600b4c240&#8243;,&#8221;postLink&#8221;:{&#8220;title&#8221;:&#8221;Roma-Rodrigo Mora, continua la trattativa con il Porto&#8221;,&#8221;url&#8221;:&#8221;https:\/\/sport.sky.it\/calciomercato\/2026\/08\/11\/roma-rodrigo-mora-calciomercato-news&#8221;,&#8221;imageSrc&#8221;:&#8221;https:\/\/sport.sky.it\/assets\/images\/e81f4f780ffc58cc657251b9578260714b69e66e\/skysport\/it\/calcio\/calciomercato\/2026\/08\/10\/roma-rodrigo-mora-port-calciomercato-news\/rodrigo_mora_ipa.jpg?im=Resize,width=1218&#8243;}},{&#8220;timestamp&#8221;:&#8221;2026-08-11T08:10:00.000Z&#8221;,&#8221;timestampUtcIt&#8221;:&#8221;2026-08-11T10:10:00+0200&#8243;,&#8221;altBackground&#8221;:false,&#8221;title&#8221;:&#8221;Torino, Njie e Gineitis nel mirino del Salisburgo&#8221;,&#8221;content&#8221;:&#8221;<\/p>\n<p>Doppio interesse in casa Torino per il <strong>Salisburgo <\/strong>che cerca rinforzi a centrocampo e in attacco. Il club austriaco ha<strong> chiesto informazioni per acquistare Gineitis e Njie<\/strong>:<\/p>\n<p>&#8220;,&#8221;postId&#8221;:&#8221;31bd9da7-9a71-4f36-ba0c-1e4694e3b736&#8243;,&#8221;postLink&#8221;:{&#8220;title&#8221;:&#8221;Calciomercato Torino, Njie e Gineitis nel mirino del Salisburgo&#8221;,&#8221;url&#8221;:&#8221;https:\/\/sport.sky.it\/calciomercato\/2026\/08\/10\/calciomercato-torino-njie-gineitis-salisburgo-news&#8221;,&#8221;imageSrc&#8221;:&#8221;https:\/\/sport.sky.it\/assets\/images\/1f2defd64de648b8fb126cb245cef4fd905fcbb2\/skysport\/it\/calcio\/calciomercato\/2026\/08\/10\/calciomercato-torino-njie-gineitis-lipsia-news\/gineitis_njie_torino_ipa.jpg?im=Resize,width=1218&#8243;}},{&#8220;timestamp&#8221;:&#8221;2026-08-11T08:00:00.000Z&#8221;,&#8221;timestampUtcIt&#8221;:&#8221;2026-08-11T10:00:00+0200&#8243;,&#8221;altBackground&#8221;:false,&#8221;title&#8221;:&#8221;Parma, base d&#8217;accordo con il Tigre per David Romero&#8221;,&#8221;content&#8221;:&#8221;<\/p>\n<p>Il <strong>Parma <\/strong>ha raggiunto una base d&#8217;accordo con il Tigre per l&#8217;arrivo di <strong>David Romero<\/strong>. Si attende ora il completamento degli ultimi dettagli, per un&#8217;<strong>operazione da 9 milioni di euro bonus inclusi<\/strong><\/p>\n<p>&#8220;,&#8221;postId&#8221;:&#8221;6e0bfd6d-d24e-462f-81f3-c75895c65455&#8243;,&#8221;postLink&#8221;:{&#8220;title&#8221;:&#8221;Parma, base d&#8217;accordo con il Tigre per David Romero&#8221;,&#8221;url&#8221;:&#8221;https:\/\/sport.sky.it\/calciomercato\/2026\/08\/10\/calciomercato-parma-romero-news&#8221;,&#8221;imageSrc&#8221;:&#8221;https:\/\/sport.sky.it\/assets\/images\/10d983d1669f653099be0960e91891cfb1f3b896\/skysport\/it\/calcio\/calciomercato\/2026\/08\/10\/calciomercato-parma-romero-news\/david_romero_ansa.jpg?im=Resize,width=1218&#8243;}},{&#8220;timestamp&#8221;:&#8221;2026-08-11T07:50:00.000Z&#8221;,&#8221;timestampUtcIt&#8221;:&#8221;2026-08-11T09:50:00+0200&#8243;,&#8221;altBackground&#8221;:false,&#8221;title&#8221;:&#8221;Badiashile-Napoli, nuovi contatti col Chelsea &#8220;,&#8221;content&#8221;:&#8221;<\/p>\n<p>Nuovi contatti tra <strong>Napoli<\/strong>, <strong>Chelsea <\/strong>e l&#8217;entourage di Benoit <strong>Badiashile<\/strong>. Il club azzurro continua a lavorare per il difensore francese classe 2001 e nelle ultime ore le parti hanno provato ad avvicinarsi per trovare a un&#8217;intesa definitiva sul trasferimento. Il Napoli insiste, con la difesa diventata una priorit\u00e0 dopo gli infortuni di Buongiorno e Marianucci<\/p>\n<p>&#8220;,&#8221;postId&#8221;:&#8221;74bce094-d252-4a05-b20c-5745a809e030&#8243;,&#8221;postLink&#8221;:{&#8220;title&#8221;:&#8221;Napoli-Badiashile, nuovi contatti col Chelsea per trovare un&#8217;intesa&#8221;,&#8221;url&#8221;:&#8221;https:\/\/sport.sky.it\/calciomercato\/2026\/08\/10\/napoli-badiashile-chelsea-calciomercato-news&#8221;,&#8221;imageSrc&#8221;:&#8221;https:\/\/sport.sky.it\/assets\/images\/30b041037ce1ca5190c0c83dbb1b254bbbcb91ee\/skysport\/it\/calcio\/calciomercato\/2026\/08\/10\/napoli-badiashile-chelsea-calciomercato-news\/badiashile_chelsea_ipa.jpg?im=Resize,width=1218&#8243;}},{&#8220;timestamp&#8221;:&#8221;2026-08-11T07:40:00.000Z&#8221;,&#8221;timestampUtcIt&#8221;:&#8221;2026-08-11T09:40:00+0200&#8243;,&#8221;altBackground&#8221;:false,&#8221;title&#8221;:&#8221;Cagliari, due nuove ufficialit\u00e0&#8221;,&#8221;content&#8221;:&#8221;<\/p>\n<p>Dopo Daniel Maldini, il Cagliari ufficializza anche <strong>Kevin Carlos<\/strong>, attaccante classe 2001, e <strong>Giuseppe Aurelio<\/strong>, esterno classe 2000:<\/p>\n<p>&#8220;,&#8221;postId&#8221;:&#8221;15c4fb0d-6c23-463c-8a1c-73cf5ba38550&#8243;,&#8221;postLink&#8221;:{&#8220;title&#8221;:&#8221;Cagliari, non solo Daniel Maldini: ufficiali due nuovi arrivi &#8220;,&#8221;url&#8221;:&#8221;https:\/\/sport.sky.it\/calciomercato\/calciomercato-serie-a-estate-2026-acquisti-ufficiali&#8221;,&#8221;imageSrc&#8221;:&#8221;https:\/\/sport.sky.it\/assets\/images\/d14a5e2cf783bb347f4296c04324a2134fc54c90\/skysport\/it\/calcio\/calciomercato\/calciomercato-serie-a-estate-2026-acquisti-ufficiali\/cagliari_acquisti.jpg?im=Resize,width=1218&#8243;}},{&#8220;timestamp&#8221;:&#8221;2026-08-11T07:30:00.000Z&#8221;,&#8221;timestampUtcIt&#8221;:&#8221;2026-08-11T09:30:00+0200&#8243;,&#8221;altBackground&#8221;:false,&#8221;title&#8221;:&#8221;Le alternative dell&#8217;Inter sugli esterni&#8221;,&#8221;content&#8221;:&#8221;<\/p>\n<p>L&#8217;Inter continua a lavorare per trovare un esterno sul mercato. <strong>Si complica la pista Diaby<\/strong>, mentre torna di moda il nome di <strong>Spence <\/strong>del Tottenham. Sullo sfondo resta anche<strong> Nico Gonzalez<\/strong> della Juventus. Intanto la Roma \u00e8 su Luis Henrique<\/p>\n<p>&#8220;,&#8221;postId&#8221;:&#8221;b265a19b-f2f5-4167-9c6e-472c1bc7a16a&#8221;,&#8221;postLink&#8221;:{&#8220;title&#8221;:&#8221;Calciomercato Inter, si complica la pista Diaby&#8221;,&#8221;url&#8221;:&#8221;https:\/\/sport.sky.it\/calciomercato\/2026\/08\/10\/calciomercato-inter-news-diaby-spence-nico-gonzalez&#8221;,&#8221;imageSrc&#8221;:&#8221;https:\/\/sport.sky.it\/assets\/images\/5721036f03db20b2ed28a39a955b232ac78a221e\/skysport\/it\/calcio\/calciomercato\/2026\/08\/10\/calciomercato-inter-news-diaby-spence-nico-gonzalez\/nico_gonzalez_spence.jpg?im=Resize,width=1218&#8243;}},{&#8220;timestamp&#8221;:&#8221;2026-08-11T07:20:00.000Z&#8221;,&#8221;timestampUtcIt&#8221;:&#8221;2026-08-11T09:20:00+0200&#8243;,&#8221;altBackground&#8221;:false,&#8221;title&#8221;:&#8221;E non solo: si pensa a Luis Henrique&#8221;,&#8221;content&#8221;:&#8221;<\/p>\n<p>La Roma pensa a Luis Henrique per rinforzare la corsia esterna. Sul brasiliano ci sono anche squadre di Premier League, con l&#8217;Inter che chiede intorno ai <strong>30 milioni di euro<\/strong>.\u00a0<\/p>\n<p>&#8220;,&#8221;postId&#8221;:&#8221;d9cf4abe-9efd-4955-8d71-2b91de7207f4&#8243;,&#8221;postLink&#8221;:{&#8220;title&#8221;:&#8221;La Roma pensa a Luis Henrique per la corsia esterna&#8221;,&#8221;url&#8221;:&#8221;https:\/\/sport.sky.it\/calciomercato\/2026\/08\/10\/roma-luis-henrique-inter-calciomercato-news&#8221;,&#8221;imageSrc&#8221;:&#8221;https:\/\/sport.sky.it\/assets\/images\/d4eab3693318c6522520df26a57e4e52cfbcf43b\/skysport\/it\/calcio\/serie-a\/partite\/2025\/giornata-13\/pisa-inter\/live\/content\/luis_henrique_getty.jpg?im=Resize,width=1218&#8243;}},{&#8220;timestamp&#8221;:&#8221;2026-08-11T07:10:00.000Z&#8221;,&#8221;timestampUtcIt&#8221;:&#8221;2026-08-11T09:10:00+0200&#8243;,&#8221;altBackground&#8221;:false,&#8221;title&#8221;:&#8221;Molina \u00e8 arrivato a Roma: le cifre dell&#8217;operazione&#8221;,&#8221;content&#8221;:&#8221;<\/p>\n<p>Nahuel Molina \u00e8 arrivato a Roma. L&#8217;argentino \u00e8 pronto a iniziare la sua seconda avventura in Italia (dopo la precedente esperienza con l&#8217;Udinese in Serie A). I giallorossi hanno trovato l&#8217;accordo con l&#8217;Atletico Madrid per un&#8217;<strong>operazione a titolo definitivo da 13 milioni pi\u00f9 4 di bonus<\/strong><\/p>\n<p>&#8220;,&#8221;postId&#8221;:&#8221;6bb6ea7e-0952-45c6-8602-c608317ba88d&#8221;,&#8221;postLink&#8221;:{&#8220;title&#8221;:&#8221;Roma, Molina \u00e8 arrivato in citt\u00e0. VIDEO&#8221;,&#8221;url&#8221;:&#8221;https:\/\/sport.sky.it\/calciomercato\/2026\/08\/10\/roma-molina-calciomercato-news&#8221;,&#8221;imageSrc&#8221;:&#8221;https:\/\/sport.sky.it\/assets\/images\/40499ed65922a3f5c607d953a6dcc5a207f6ef57\/skysport\/it\/calcio\/calciomercato\/2026\/08\/10\/roma-molina-calciomercato-news\/molina_roma.jpg?im=Resize,width=1218&#8243;}},{&#8220;timestamp&#8221;:&#8221;2026-08-11T07:05:00.825Z&#8221;,&#8221;timestampUtcIt&#8221;:&#8221;2026-08-11T09:05:00+0200&#8243;,&#8221;video&#8221;:{&#8220;videoId&#8221;:&#8221;1117163&#8243;,&#8221;videoPageUrl&#8221;:&#8221;https:\/\/video.sky.it\/sport\/calciomercato\/serie-a\/video\/frosinone-grillitsch-visite-calciomercato-news-1117163&#8243;},&#8221;altBackground&#8221;:true,&#8221;title&#8221;:&#8221;Frosinone, iniziate le visite mediche di Grillitsch&#8221;,&#8221;content&#8221;:&#8221;<\/p>\n<p>Florian <strong>Grillitsch<\/strong> si prepara a diventare un nuovo giocatore del <strong>Frosinone<\/strong>. \u00a0Il centrocampista, <strong>svincolato<\/strong> dopo la fine della sua esperienza al Braga, ha iniziato le <strong>visite mediche<\/strong><\/p>\n<p>&#8220;,&#8221;postId&#8221;:&#8221;96f0340c-d4b1-4e27-b0ab-7d619c6fc524&#8243;,&#8221;postLink&#8221;:{&#8220;title&#8221;:&#8221;&#8221;,&#8221;url&#8221;:&#8221;&#8221;,&#8221;imageSrc&#8221;:&#8221;&#8221;}}]}&#8221; query='{&#8220;configurationName&#8221;:&#8221;LIVEBLOG_CONTAINER_WIDGET&#8221;,&#8221;liveblogId&#8221;:&#8221;f5bcd017-8f96-4223-8a13-6724cd326e77&#8243;,&#8221;tenant&#8221;:&#8221;sport&#8221;,&#8221;limit&#8221;:800}&#8217; config='{&#8220;live&#8221;:true,&#8221;isWebView&#8221;:false,&#8221;postsPerPageMobile&#8221;:10,&#8221;postsPerPageDesktop&#8221;:10}&#8217;&gt;<br \/>\n          Calciomercato, le news di oggiLeggi di pi\u00f9 <\/p>\n<p>2 minuti fa<\/p>\n<p>Juve Stabia, ufficiale Kumi<\/p>\n<p>Adesso \u00e8 ufficiale: <strong>Justin Kumi \u00e8 un nuovo calciatore della Juve Stabia<\/strong>. Il centrocampista classe 2004 arriva in prestito annuale dal Sassuolo.\u00a0<\/p>\n<p>22 minuti fa<\/p>\n<p>Virtus Entella, in arrivo Lucas Felippe<\/p>\n<p>La <strong>Virtus Entella <\/strong>\u00e8 ai dettagli nella trattativa per il centrocampista <strong>Lucas Felippe<\/strong>. Il brasiliano classe 2000 lascer\u00e0 il <strong>Potenza<\/strong>.\u00a0<\/p>\n<p>42 minuti fa<\/p>\n<p>Sassuolo, ufficiale l&#8217;arrivo di Dominguez<\/p>\n<p><strong>Benjamin Dominguez \u00e8 un nuovo calciatore del Sassuolo<\/strong>. L&#8217;esterno argentino nato nel 2003 arriva in prestito con diritto di riscatto dal Bologna.\u00a0<\/p>\n<p><a href=\"https:\/\/sport.sky.it\/calciomercato\/calciomercato-serie-a-estate-2026-acquisti-ufficiali\" title=\"Dominguez \u00e8 un nuovo giocatore del Sassuolo\" class=\"lvbg-post-link\" data-intcmp=\"skysport_liveblog_liveblog-preview_null\" data-analytics-element=\"liveblog-preview\" rel=\"nofollow noopener\" target=\"_blank\"><img alt=\"Dominguez \u00e8 un nuovo giocatore del Sassuolo\" style=\"opacity:0;transition:opacity 0.3s\" class=\"lvbg-post-link__image\"\/>Dominguez \u00e8 un nuovo giocatore del SassuoloVai al contenuto <\/a><\/p>\n<p>19:10<\/p>\n<p>Sassuolo, si continua a lavorare per Obrador<\/p>\n<p><strong>Il Sassuolo continua a lavorare per lo spagnolo Rafa Obrador<\/strong>, terzino di propriet\u00e0 del Benfica. Tra i due club \u00e8 stato raggiunto un accordo di massima ma si lavora ai dettagli prima del via libera definitivo.\u00a0<\/p>\n<p>18:48<\/p>\n<p>Milan, parla Leao: &#8220;Il mio unico pensiero \u00e8 il campo&#8221;<\/p>\n<p>Con una storia social, <strong>Rafa Leao ha rotto il silenzio riguardo alle voci di mercato che lo hanno interessato nelle scorse settimane<\/strong>: &#8220;Il mio unico pensiero \u00e8 il campo: sono concentrato sul dare il massimo [&#8230;] Solo per evitare ogni forma di speculazione e notizie non vere, ribadisco che da tempo ho affidato la gestione di tutti i miei interessi esclusivamente alla mia famiglia e ai miei avvocati&#8221;.\u00a0<\/p>\n<p><a href=\"https:\/\/sport.sky.it\/calciomercato\/2026\/08\/11\/leao-milan-calciomercato-news\" title=\"Milan, il messaggio di Leao sul futuro\" class=\"lvbg-post-link\" data-intcmp=\"skysport_liveblog_liveblog-preview_null\" data-analytics-element=\"liveblog-preview\" rel=\"nofollow noopener\" target=\"_blank\"><img alt=\"Milan, il messaggio di Leao sul futuro\" style=\"opacity:0;transition:opacity 0.3s\" class=\"lvbg-post-link__image\"\/>Milan, il messaggio di Leao sul futuroVai al contenuto <\/a><\/p>\n<p>18:30<\/p>\n<p>Avellino, ufficiale l&#8217;arrivo di Venturi<\/p>\n<p><strong>Michael Venturi \u00e8 un nuovo giocatore dell&#8217;Avellino<\/strong>. Il difensore classe 1999 arriva dal Venezia, in prestito con diritto di riscatto.<\/p>\n<p><a href=\"https:\/\/sport.sky.it\/calciomercato\/calciomercato-serie-b-estate-2026-acquisti-ufficiali\" title=\"Venturi ufficiale all&#039;Avellino, Kumi alla Juve Stabia\" class=\"lvbg-post-link\" data-intcmp=\"skysport_liveblog_liveblog-preview_null\" data-analytics-element=\"liveblog-preview\" rel=\"nofollow noopener\" target=\"_blank\"><img alt=\"Venturi ufficiale all'Avellino, Kumi alla Juve Stabia\" style=\"opacity:0;transition:opacity 0.3s\" class=\"lvbg-post-link__image\"\/>Venturi ufficiale all&#8217;Avellino, Kumi alla Juve StabiaVai al contenuto <\/a><\/p>\n<p>18:15<\/p>\n<p>Mantova, trattativa per Vanja Vlahovic<\/p>\n<p>Per rinforzare il reparto offensivo,<strong> il Mantova pensa all&#8217;attaccante dell&#8217;Atalanta Vanja Vlahovic,<\/strong> l&#8217;anno scorso in forza alla formazione under 23. La trattativa \u00e8 iniziata ma al momento c&#8217;\u00e8 distanza tra le parti. \u00a0<\/p>\n<p>18:00<\/p>\n<p>Parma vicino a Thomas De Martis<\/p>\n<p>Non solo Romero: il Parma \u00e8 pronto a chiudere l&#8217;operazione per un altro attaccante argentino. Si tratta di <strong>Thomas De Martis del Lanus,<\/strong> 18 anni classe 2008. Sar\u00e0 aggregato alla prima squadra.\u00a0<\/p>\n<p>17:44<\/p>\n<p>Sampdoria, fatta per Verschaeren<\/p>\n<p><strong>La Sampdoria ha chiuso la trattativa per il trequartista Yari Verschaeren, classe 2001 belga<\/strong>. Il venticinquenne arriva da svincolato. \u00c8 cresciuto nell&#8217;Anderlecht, con cui ha collezionato 262 presenze, 33 gol e 34 assist. Arriver\u00e0 in Italia per le visite mediche e la firma con i blucerchiati.\u00a0<\/p>\n<p>17:30<\/p>\n<p>Juve Stabia, fatta per Artioli<\/p>\n<p><strong>La Juve Stabia ha chiuso la trattativa per il centrocampista del Mantova Federico Artioli<\/strong>. Accordo raggiunto tra i due club per il classe 2001.\u00a0<\/p>\n<p>17:15<\/p>\n<p>Caso Banda, la Figc d\u00e0 ragione al Lecce: la ricostruzione e cos&#8217;\u00e8 successo finora<\/p>\n<p>La ricostruzione di quanto \u00e8 successo nelle ultime ore riguardo Banda.\u00a0<\/p>\n<p><a href=\"https:\/\/sport.sky.it\/calciomercato\/lameck-banda-lecce-figc-ricostruzione\" title=\"Caso Banda, la Figc d\u00e0 ragione al Lecce: la ricostruzione\" class=\"lvbg-post-link\" data-intcmp=\"skysport_liveblog_liveblog-preview_null\" data-analytics-element=\"liveblog-preview\" rel=\"nofollow noopener\" target=\"_blank\"><img alt=\"Caso Banda, la Figc d\u00e0 ragione al Lecce: la ricostruzione\" style=\"opacity:0;transition:opacity 0.3s\" class=\"lvbg-post-link__image\"\/>Caso Banda, la Figc d\u00e0 ragione al Lecce: la ricostruzioneVai al contenuto <\/a><\/p>\n<p>17:00<\/p>\n<p>Juventus, le parole di Spalletti sul futuro di Douglas Luiz<\/p>\n<p>Al termine dell&#8217;amichevole contro il Palermo, Lu<strong>ciano Spalletti ha parlato della prestazione di Douglas Luiz,<\/strong> parlando anche del suo futuro: &#8220;Rester\u00e0 l&#8217;anno prossimo? Faremo delle valutazioni, molto probabilmente s\u00ec. Sa giocare a calcio e conosce il calcio, sono soddisfatto&#8221;.\u00a0<\/p>\n<p><a href=\"https:\/\/sport.sky.it\/calciomercato\/2026\/08\/11\/spalletti-juventus-palermo-douglas-luiz-video\" title=\"Spalletti dopo Juventus-Palermo: &#039;Douglas Luiz pu\u00f2 restare&#039;\" class=\"lvbg-post-link\" data-intcmp=\"skysport_liveblog_liveblog-preview_null\" data-analytics-element=\"liveblog-preview\" rel=\"nofollow noopener\" target=\"_blank\"><img alt=\"Spalletti dopo Juventus-Palermo: 'Douglas Luiz pu\u00f2 restare'\" style=\"opacity:0;transition:opacity 0.3s\" class=\"lvbg-post-link__image\"\/>Spalletti dopo Juventus-Palermo: &#8216;Douglas Luiz pu\u00f2 restare&#8217;Vai al contenuto <\/a><\/p>\n<p>16:30<\/p>\n<p>Siviglia, ufficiale l&#8217;arrivo di Ure<\/p>\n<p><strong>Robbie Ure \u00e8 un nuovo attaccante del Siviglia<\/strong>. Lo scozzese ha firmato un contratto fino al 2031: arriva a titolo definitivo dagli svedesi del <strong>Sirius<\/strong>.\u00a0<\/p>\n<p>16:10<\/p>\n<p>Foggia, ufficiale l&#8217;arrivo di Andrea Gallo dal Crotone <\/p>\n<p>Andrea <strong>Gallo <\/strong>torna al <strong>Foggia<\/strong>, ad ufficializzarlo \u00e8 stato lo stesso club pugliese. Il centrocampista classe &#8217;97 arriva a titolo temporaneo con obbligo di riscatto dal <strong>Crotone<\/strong>. Con la maglia del <strong>Foggia<\/strong>, Andrea <strong>Gallo <\/strong>aveva giocato nel 2021-22.\u00a0<\/p>\n<p>15:50<\/p>\n<p>Lecce, a centrocampo piace Dalla Vecchia<\/p>\n<p>Si accende il mercato in entata del Lecce. <strong>I giallorossi sono interessati a Marco Dalla Vecchia<\/strong>, centrocampista di propriet\u00e0 del Torino. Il classe 2005 \u00e8 rientrato al club granata dopo il prestito alla Virtus Entella, in Serie B.\u00a0<\/p>\n<p>15:40<\/p>\n<p>Ascoli, preso il difensore Gattoni<\/p>\n<p><strong>L&#8217;Ascoli ha chiuso l&#8217;accordo per il difensore Federico Gattoni. <\/strong>L&#8217;italo-argentino, 27 anni, <strong>arriva dal Siviglia.<\/strong> Atteso solo l&#8217;annuncio ufficiale del club bianconero, il calciatore ha raggiunto in mattinata i compagni in ritiro.\u00a0<\/p>\n<p>15:20<\/p>\n<p>Nottingham Forest, ufficiale Diomande<\/p>\n<p><strong>Il Nottingham Forest ha annunciato l&#8217;acquisto del difensore Ousmane Diomande<\/strong>. L&#8217;ivoriano classe 2003 ha firmato un contratto fino al 2030 con opzione per un ulteriore anno. Arriva a titolo definitivo per 40 milioni di euro dallo Sporting Lisbona e rappresenta il quarto acquisto pi\u00f9 caro di sempre nella storia del club inglese.\u00a0<\/p>\n<p><a href=\"https:\/\/sport.sky.it\/calciomercato\/calciomercato-2026-acquisti-ufficiali-estero-estate\" title=\"Un altro Diomande cambia squadra e vola In Premier\" class=\"lvbg-post-link\" data-intcmp=\"skysport_liveblog_liveblog-preview_null\" data-analytics-element=\"liveblog-preview\" rel=\"nofollow noopener\" target=\"_blank\"><img alt=\"Un altro Diomande cambia squadra e vola In Premier\" style=\"opacity:0;transition:opacity 0.3s\" class=\"lvbg-post-link__image\"\/>Un altro Diomande cambia squadra e vola In PremierVai al contenuto <\/a><\/p>\n<p>15:00<\/p>\n<p>Domino attaccanti tra Bologna, Fiorentina e Parma<\/p>\n<p><strong>Il Bologna ha trovato un accordo con il Colonia per la cessione dell&#8217;attaccante Thijs Dallinga<\/strong>: operazione in prestito con diritto di riscatto. I rossobl\u00f9 hanno individuato <strong>il sostituto in Roberto Piccoli ma non c&#8217;\u00e8 ancora l&#8217;intesa con la Fiorentina<\/strong>. Operazione a che, a sua volta, sbloccherebbe anche l&#8217;arrivo in viola di Mateo Pellegrino, molto vicini all&#8217;intesa con il Parma.\u00a0<\/p>\n<p>14:45<\/p>\n<p>Sampdoria, ufficiale l&#8217;arrivo di Vindahl<\/p>\n<p><strong>Peter Vindahl \u00e8 un nuovo portiere della Sampdoria<\/strong>. L&#8217;estremo difensore, classe 1998, ha firmato un contratto annuale: si trasferisce in prestito dallo Sparta Praga.\u00a0<\/p>\n<p><a href=\"https:\/\/sport.sky.it\/calciomercato\/calciomercato-serie-b-estate-2026-acquisti-ufficiali\" title=\"Calciomercato Serie B: Vindahl ufficiale alla Sampdoria\" class=\"lvbg-post-link\" data-intcmp=\"skysport_liveblog_liveblog-preview_null\" data-analytics-element=\"liveblog-preview\" rel=\"nofollow noopener\" target=\"_blank\"><img alt=\"Calciomercato Serie B: Vindahl ufficiale alla Sampdoria\" style=\"opacity:0;transition:opacity 0.3s\" class=\"lvbg-post-link__image\"\/>Calciomercato Serie B: Vindahl ufficiale alla SampdoriaVai al contenuto <\/a><\/p>\n<p>14:30<\/p>\n<p>Atalanta, c&#8217;\u00e8 l&#8217;accordo con l&#8217;Udinese per Kristensen<\/p>\n<p><strong>Atalanta <\/strong>e <strong>Udinese <\/strong>sono ai dettagli per Thomas <strong>Kristensen<\/strong>. Le parti stanno ancora dialogando per limare i dettagli ma ormai l&#8217;intesa \u00e8 vicina con l&#8217;operazione che si chiuder\u00e0 per 22 milioni di euro pi\u00f9 tre milioni di bonus e il 10% della rivendita sulla plusvaleza.\u00a0<\/p>\n<p><a href=\"https:\/\/sport.sky.it\/calciomercato\/2026\/08\/11\/atalanta-kristensen-calciomercato-news\" title=\"Atalanta, nuova offerta per Kristensen: nerazzurri sempre pi\u00f9 vicini\" class=\"lvbg-post-link\" data-intcmp=\"skysport_liveblog_liveblog-preview_null\" data-analytics-element=\"liveblog-preview\" rel=\"nofollow noopener\" target=\"_blank\"><img alt=\"Atalanta, nuova offerta per Kristensen: nerazzurri sempre pi\u00f9 vicini\" style=\"opacity:0;transition:opacity 0.3s\" class=\"lvbg-post-link__image\"\/>Atalanta, nuova offerta per Kristensen: nerazzurri sempre pi\u00f9 viciniVai al contenuto <\/a><\/p>\n<p>14:15<\/p>\n<p>Catanzaro, in arrivo Dorval e Mosti<\/p>\n<p>Il Catanzaro ha chiuso due importanti operazioni in entrata. <strong>Dal Bari, \u00e8 in arrivo il terzino sinistro Mehdi Dorval,<\/strong> franco-algerino classe 2001. <strong>Chiusa anche la trattativa per il trequartista Nicola Mosti<\/strong>, classe 1998, di propriet\u00e0 della Juve Stabia. In uscita, si sta definendo il passaggio di Costantino Favasuli al Napoli.\u00a0<\/p>\n<p>14:13<\/p>\n<p>Calciomercato Napoli, ai dettagli Favasuli. Le news su Gabriel Jesus e Badiashile<\/p>\n<p>Il <strong>Napoli <\/strong>ha trovato l&#8217;intesa con il Catanzaro per l&#8217;acquisto di Costantino <strong>Favasuli <\/strong>in\u00a0prestito da 1 milione di euro con obbligo di riscatto fissato a 6,2 milioni pi\u00f9 1 di bonus. In difesa gli azzurri hanno presentato una nuova offerta al Chelsea per il cartellino di Benoit <strong>Badiashile<\/strong>, mentre il possibile arrivo di <strong>Gabriel Jesus<\/strong> \u00e8 legato alle uscite. Giovanni <strong>Di Lorenzo<\/strong>, invece, firmer\u00e0 un rinnovo fino al 30 giugno 2030<\/p>\n<p><a href=\"https:\/\/sport.sky.it\/calcio\/serie-a\/2026\/08\/11\/calciomercato-napoli-news\" title=\"Calciomercato Napoli, ai dettagli Favasuli. Le news su Badiashile e Gabriel Jesus\" class=\"lvbg-post-link\" data-intcmp=\"skysport_liveblog_liveblog-preview_null\" data-analytics-element=\"liveblog-preview\" rel=\"nofollow noopener\" target=\"_blank\"><img alt=\"Calciomercato Napoli, ai dettagli Favasuli. Le news su Badiashile e Gabriel Jesus\" style=\"opacity:0;transition:opacity 0.3s\" class=\"lvbg-post-link__image\"\/>Calciomercato Napoli, ai dettagli Favasuli. Le news su Badiashile e Gabriel JesusVai al contenuto <\/a><\/p>\n<p>14:00<\/p>\n<p>Napoli, accordo per il rinnovo di Di Lorenzo<\/p>\n<p>I<strong>l Napoli ha raggiunto un accordo per il prolungamento contrattuale di Giovanni Di Lorenzo<\/strong>. Il terzino 33enne firmer\u00e0 un contratto fino al 2030, dando seguito ad un&#8217;avventura iniziata sette stagioni fa.\u00a0<\/p>\n<p>13:45<\/p>\n<p>Lecce, interesse per Fadera<\/p>\n<p>Il Lecce \u00e8 alla ricerca di un esterno offensivo: <strong>tra i profili che piacciono c&#8217;\u00e8 il gambiano Alieu Fadera,<\/strong> di propriet\u00e0 del Como, con cui ha un contratto fino al 2028. Al momento, non sussistono le condizioni per impostare una trattativa. \u00a0<\/p>\n<p>13:30<\/p>\n<p>Napoli, ai dettagli l&#8217;arrivo di Favasuli<\/p>\n<p><strong>Giornata decisiva per il trasferimento di Costantino Favasuli dal Catanzaro al Napoli.<\/strong> Mancano solo gli ultimi dettagli da sistemare: si va verso 1 milione per il prestito oneroso, con obbligo di riscatto fissato intorno ai 6 milioni e un ulteriore milione di euro di bonus.<\/p>\n<p>13:15<\/p>\n<p>Fulham, ufficiale Charles<\/p>\n<p><strong>Terzo acquisto della stagione per il Fulham<\/strong> di Alvaro Arbeloa: ufficiale l&#8217;arrivo di <strong>Shea Charles<\/strong>, nordirlandese classe 2002. Il mediano &#8211; ma che pu\u00f2 giocare anche difensore centrale &#8211; <strong>arriva a titolo definitivo dal Southampton<\/strong>. Ha firmato un contratto fino al 2031.\u00a0<\/p>\n<p>13:00<\/p>\n<p>Gubbio, ufficiale l&#8217;arrivo di Di Noia<\/p>\n<p><strong>Giovanni di Noia \u00e8 un nuovo centrocampista del Gubbio<\/strong>. Il giocatore ha firmato col club umbro dopo aver rescisso in maniera consensuale il contratto con il Catania. Il classe 1994 torna a vestire la maglia del club dopo la stagione 2021-22.\u00a0<\/p>\n<p>12:45<\/p>\n<p>Lukaku-Fenerbahce: le cifre<\/p>\n<p>Come raccontato, <strong>Napoli e Fenerbahce hanno raggiunto un accordo per il trasferimento di Romelu Lukaku. Operazione da 6 milioni pi\u00f9 3 di bonus<\/strong>, di cui 2 legati alle prestazioni del giocatore, 1 alla vittoria del campionato turco.\u00a0<\/p>\n<p>12:25<\/p>\n<p>Alle 21 una nuova puntata di &#8220;Speciale Calciomercato&#8221;<\/p>\n<p><strong>Stasera una nuova puntata di &#8220;Speciale Calciomercato&#8221;: l&#8217;appuntamento \u00e8 per le ore 21 su Sky Sport 24.<\/strong> In studio Vanessa Leonardi con gli aggiornamenti di calciomercato a cura di Luca Marchetti. Ospiti della puntata Marco Bucciantini e Massimo Marianella.\u00a0<\/p>\n<p>12:10<\/p>\n<p>Gli acquisti da record dei Gunners: la classifica<\/p>\n<p>Con l&#8217;acquisto di Bruno Guimaraes, l&#8217;Arsenal aggiorna la classifica dei suoi colpi p\u00f9 costosi di sempre: il brasiliano sale sul podio. In classifica, nella Top 20, c&#8217;\u00e8 anche l&#8217;italiano Calafiori, le altre pi\u00f9 costose le ricordi tutte?<\/p>\n<p><a href=\"https:\/\/sport.sky.it\/calciomercato\/arsenal-acquisti-piu-costosi-calciomercato\" title=\"Bruno Guimaraes \u00e8 sul podio degli acquisti pi\u00f9 cari della storia dell&#039;Arsenal\" class=\"lvbg-post-link\" data-intcmp=\"skysport_liveblog_liveblog-preview_null\" data-analytics-element=\"liveblog-preview\" rel=\"nofollow noopener\" target=\"_blank\"><img alt=\"Bruno Guimaraes \u00e8 sul podio degli acquisti pi\u00f9 cari della storia dell'Arsenal\" style=\"opacity:0;transition:opacity 0.3s\" class=\"lvbg-post-link__image\"\/>Bruno Guimaraes \u00e8 sul podio degli acquisti pi\u00f9 cari della storia dell&#8217;ArsenalVai al contenuto <\/a><\/p>\n<p>12:00<\/p>\n<p>Psg e Barcellona in fase avanzata per Ferran Torres<\/p>\n<p>I due club sono al lavoro per definire i dettagli del passaggio dell&#8217;attaccante in Francia. Il giocatore ha gi\u00e0 concordato un contratto di 5 anni con il Psg. C&#8217;\u00e8 fiducia per chiudere l&#8217;accordo nelle prossime ore, poi Ferran Torres (gi\u00e0 allenato in Nazionale da lui) potrebbe ritrovare Luis Enrique<\/p>\n<p>11:50<\/p>\n<p>E fatta per Terzic<\/p>\n<p>Fatta per l&#8217;arrivo a Frosinone di Terzic. Il giocatore far\u00e0 le visite mediche nella giornata di gioved\u00ec<\/p>\n<p>.<\/p>\n<p>11:40<\/p>\n<p>Frosinone, ufficiale l&#8217;arrivo di Masini<\/p>\n<p><strong>Patrizio Masini \u00e8 un nuovo calciatore del Frosinone.<\/strong> Il classe 2001 arriva dal Genoa in prestito con obbligo di riscatto al verificarsi di determinate condizioni. Per lui contratto di quattro anni.<\/p>\n<p>11:30<\/p>\n<p>I rinnovi ufficiali in Italia, in Europa e nel mondo<\/p>\n<p><strong>Micky Van De Ven<\/strong> resta al Tottenham e prolunga il suo contratto con gli Spurs fino al <strong>2031<\/strong>. Di seguito i principali (e pi\u00f9 recenti) annunci in Italia, in Europa e nel mondo:<\/p>\n<p><a href=\"https:\/\/sport.sky.it\/calciomercato\/calciomercato-ultimi-rinnovi-ufficiali\" title=\"Tottenham, Van De Ven rinnova fino al 2031\" class=\"lvbg-post-link\" data-intcmp=\"skysport_liveblog_liveblog-preview_null\" data-analytics-element=\"liveblog-preview\" rel=\"nofollow noopener\" target=\"_blank\"><img alt=\"Tottenham, Van De Ven rinnova fino al 2031\" style=\"opacity:0;transition:opacity 0.3s\" class=\"lvbg-post-link__image\"\/>Tottenham, Van De Ven rinnova fino al 2031Vai al contenuto <\/a><\/p>\n<p>11:17<\/p>\n<p>Torino, il Salisburgo spinge per Njie. Sul giocatore c&#8217;\u00e8 anche il Crystal Palace<\/p>\n<p>Il <strong>Salisburgo<\/strong> continua a spingere per <strong>Njie<\/strong> e ha offerto <strong>10 milioni pi\u00f9 2 di bonus al Torino<\/strong>. Il giocatore piace anche al <strong>Crystal Palace<\/strong> e il club granata sta quindi trattando con due club<\/p>\n<p>11:10<\/p>\n<p> Dallinga verso il Colonia: Bologna pronto su Piccoli<\/p>\n<p>Potrebbe presto prendere forma il <strong>domino attaccanti in Serie A<\/strong>, con il <strong>Colonia <\/strong>che \u00e8 il club favorito ad acquistare <strong>Dallinga <\/strong>dal <strong>Bologna<\/strong>. Una cessione che permetterebbe ai rossobl\u00f9 di chiudere per l&#8217;arrivo di <strong>Piccoli<\/strong>, con la <strong>Fiorentina <\/strong>che porterebbe in maglia viola <strong>Pellegrino <\/strong>dal <strong>Parma <\/strong>(che intanto ha raggiunto una base d&#8217;accordo con il Tigre per David Romero)<\/p>\n<p><a href=\"https:\/\/sport.sky.it\/calciomercato\/2026\/08\/10\/calciomercato-bologna-dallinga-piccoli-news\" title=\"Domino attaccanti Serie A: Dallinga verso Colonia. Piccoli e Pellegrino...\" class=\"lvbg-post-link\" data-intcmp=\"skysport_liveblog_liveblog-preview_null\" data-analytics-element=\"liveblog-preview\" rel=\"nofollow noopener\" target=\"_blank\"><img alt=\"Domino attaccanti Serie A: Dallinga verso Colonia. Piccoli e Pellegrino...\" style=\"opacity:0;transition:opacity 0.3s\" class=\"lvbg-post-link__image\"\/>Domino attaccanti Serie A: Dallinga verso Colonia. Piccoli e Pellegrino&#8230;Vai al contenuto <\/a><\/p>\n<p>11:06<\/p>\n<p>Da Gabriel Jesus a Badiashile: il punto sul mercato in entrata<\/p>\n<p>Dopo la cessione di Lukaku, ora il <strong>Napoli<\/strong> vuole muoversi sul mercato in entrata. L&#8217;obiettivo resta <strong>Gabriel Jesus<\/strong> ma bisogner\u00e0 capire se, oltre a Lukaku, baster\u00e0 la cessione del solo Noa <strong>Lang<\/strong>. In attacco, infatti, \u00e8 presente anche Lorenzo <strong>Lucca<\/strong>, per cui il club ha fatto un investimento importante nell&#8217;estate 2025. Inoltre, il club azzurro sta stringendo per Costantino <strong>Favasuli<\/strong> e continua a trattare per Benoit <strong>Badiashile<\/strong>, per cui \u00e8 stato offerto un prestito oneroso da 3 milioni di euro pi\u00f9 diritto di riscatto. Si aspetta la risposta del Chelsea<\/p>\n<p>Leggi di pi\u00f9 <\/p>\n<p>11:05<\/p>\n<p>Como, Posch in chiusura al Mainz<\/p>\n<p>Dopo la fine dell&#8217;esperienza in prestito, Stefan <strong>Posch<\/strong> si prepara a diventare un nuovo giocatore del <strong>Mainz a titolo definitivo<\/strong>. Operazione <strong>in chiusura<\/strong><\/p>\n<p>11:04<\/p>\n<p>Frosinone, iniziate le visite mediche di Schimd<\/p>\n<p>Il <strong>Frosinone<\/strong> si prepara ad accogliere <strong>Romano Schmid<\/strong>, che ha iniziato le visite mediche. Al Werder Brema andranno <strong>8 milioni di euro<\/strong><\/p>\n<p>11:00<\/p>\n<p>Il Padova si rinforza con Simone Scaglia<\/p>\n<p>Rinforzo in porta per il <strong>Padova<\/strong>, che pesca dagli svincolati firmando<strong> Simone Scaglia<\/strong> fino al 30 giugno 2027. Classe 2004, Scaglia ha passato tutta la sua carriera nel settore giovanile della <strong>Juventus<\/strong>, con cui ha giocato anche in <strong>Serie C con la maglia della Next Gen:<\/strong><\/p>\n<p><a href=\"https:\/\/sport.sky.it\/calciomercato\/calciomercato-serie-b-estate-2026-acquisti-ufficiali\" title=\"Serie B: Simone Scaglia al Padova\" class=\"lvbg-post-link\" data-intcmp=\"skysport_liveblog_liveblog-preview_null\" data-analytics-element=\"liveblog-preview\" rel=\"nofollow noopener\" target=\"_blank\"><img alt=\"Serie B: Simone Scaglia al Padova\" style=\"opacity:0;transition:opacity 0.3s\" class=\"lvbg-post-link__image\"\/>Serie B: Simone Scaglia al PadovaVai al contenuto <\/a><\/p>\n<p>10:50<\/p>\n<p>Djimsiti va in Arabia, Araujo al Liverpool<\/p>\n<p>Berat Djimsiti lascia l&#8217;Atalanta dopo otto stagioni e si trasferisce in Arabia. Dopo sette anni Araujo si trasferisce dal Barcellona al Liverpool. Tutte le ufficialit\u00e0:<\/p>\n<p><a href=\"https:\/\/sport.sky.it\/calciomercato\/calciomercato-2026-acquisti-ufficiali-estero-estate\" title=\"Calciomercato: Djimsiti va in Arabia, Araujo al Liverpool\" class=\"lvbg-post-link\" data-intcmp=\"skysport_liveblog_liveblog-preview_null\" data-analytics-element=\"liveblog-preview\" rel=\"nofollow noopener\" target=\"_blank\"><img alt=\"Calciomercato: Djimsiti va in Arabia, Araujo al Liverpool\" style=\"opacity:0;transition:opacity 0.3s\" class=\"lvbg-post-link__image\"\/>Calciomercato: Djimsiti va in Arabia, Araujo al LiverpoolVai al contenuto <\/a><\/p>\n<p>10:40<\/p>\n<p>Juventus, Suzuki verso il Psg. Resta un obiettivo Vicario<\/p>\n<p>I bianconeri continuano a monitorare <strong>Suzuki <\/strong>e <strong>Vicario <\/strong>per la porta. Il <strong>Psg <\/strong>vuole anticipare la concorrenza per il giapponese ma resta sullo sfondo l&#8217;ipotesi di un prestito annuale alla Juventus. Per il portiere italiano, invece, il <strong>Tottenham <\/strong>non ha ancora aperto al prestito<\/p>\n<p><a href=\"https:\/\/sport.sky.it\/calciomercato\/2026\/08\/10\/calciomercato-juventus-suzuki-vicario-news\" title=\"Calciomercato Juventus, da Suzuki a Vicario: le ultime\" class=\"lvbg-post-link\" data-intcmp=\"skysport_liveblog_liveblog-preview_null\" data-analytics-element=\"liveblog-preview\" rel=\"nofollow noopener\" target=\"_blank\"><img alt=\"Calciomercato Juventus, da Suzuki a Vicario: le ultime\" style=\"opacity:0;transition:opacity 0.3s\" class=\"lvbg-post-link__image\"\/>Calciomercato Juventus, da Suzuki a Vicario: le ultimeVai al contenuto <\/a><\/p>\n<p>10:34<\/p>\n<p>Fenerbahce, accordo con il Napoli per Lukaku<\/p>\n<p><strong>Napoli e Fenerbahce<\/strong> hanno trovato l&#8217;<strong>accordo<\/strong> per il trasferimento di <strong>Lukaku<\/strong>. I due club stanno scambiano i documenti: <strong>operazione da 6 milioni di euro pi\u00f9 bonus<\/strong><\/p>\n<p><a href=\"https:\/\/sport.sky.it\/calciomercato\/2026\/08\/11\/lukaku-fenerbahce-napoli-calciomercato-news\" title=\"Lukaku al Fenerbahce: accordo con il Napoli\" class=\"lvbg-post-link\" data-intcmp=\"skysport_liveblog_liveblog-preview_null\" data-analytics-element=\"liveblog-preview\" rel=\"nofollow noopener\" target=\"_blank\"><img alt=\"Lukaku al Fenerbahce: accordo con il Napoli\" style=\"opacity:0;transition:opacity 0.3s\" class=\"lvbg-post-link__image\"\/>Lukaku al Fenerbahce: accordo con il NapoliVai al contenuto <\/a><\/p>\n<p>10:30<\/p>\n<p>Romelu Lukaku a un passo dal Fenerbahce<\/p>\n<p>Romelu Lukaku \u00e8 vicinissimo al club turco. Le parti stanno definendo gli ultimi dettagli dell\u2019intesa che ora \u00e8 davvero in dirittura d\u2019arrivo. Il giocatore ha gi\u00e0 trovato l&#8217;accordo contrattuale con il Fenerbahce e attende il via libera per trasferirsi a Istanbul<\/p>\n<p><a href=\"https:\/\/sport.sky.it\/calciomercato\/2026\/08\/10\/lukaku-fenerbahce-napoli-calciomercato-news\" title=\"Romelu Lukaku a un passo dal Fenerbahce\" class=\"lvbg-post-link\" data-intcmp=\"skysport_liveblog_liveblog-preview_null\" data-analytics-element=\"liveblog-preview\" rel=\"nofollow noopener\" target=\"_blank\"><img alt=\"Romelu Lukaku a un passo dal Fenerbahce\" style=\"opacity:0;transition:opacity 0.3s\" class=\"lvbg-post-link__image\"\/>Romelu Lukaku a un passo dal FenerbahceVai al contenuto <\/a><\/p>\n<p>10:19<\/p>\n<p>Roma-Rodrigo Mora, continua la trattativa con il Porto: le news sulla formula<\/p>\n<p>La <strong>Roma<\/strong> \u00e8 alla ricerca di rinforzi per la trequarti e sta continuando a trattare con il <strong>Porto<\/strong> per il cartellino di <strong>Rodrigo Mora<\/strong>. Trasferimento per <strong>25 milioni di euro<\/strong>, con il <strong>50% sulla futura rivendita<\/strong> in favore dei portoghesi. I giallorossi, per\u00f2, <strong>vorrebbero riservarsi la possibilit\u00e0 di annullare questa percentuale pagando altri 25 milioni nel 2027<\/strong><\/p>\n<p><a href=\"https:\/\/sport.sky.it\/calciomercato\/2026\/08\/11\/roma-rodrigo-mora-calciomercato-news\" title=\"Roma-Rodrigo Mora, continua la trattativa con il Porto\" class=\"lvbg-post-link\" data-intcmp=\"skysport_liveblog_liveblog-preview_null\" data-analytics-element=\"liveblog-preview\" rel=\"nofollow noopener\" target=\"_blank\"><img alt=\"Roma-Rodrigo Mora, continua la trattativa con il Porto\" style=\"opacity:0;transition:opacity 0.3s\" class=\"lvbg-post-link__image\"\/>Roma-Rodrigo Mora, continua la trattativa con il PortoVai al contenuto <\/a><\/p>\n<p>10:10<\/p>\n<p>Torino, Njie e Gineitis nel mirino del Salisburgo<\/p>\n<p>Doppio interesse in casa Torino per il <strong>Salisburgo <\/strong>che cerca rinforzi a centrocampo e in attacco. Il club austriaco ha<strong> chiesto informazioni per acquistare Gineitis e Njie<\/strong>:<\/p>\n<p><a href=\"https:\/\/sport.sky.it\/calciomercato\/2026\/08\/10\/calciomercato-torino-njie-gineitis-salisburgo-news\" title=\"Calciomercato Torino, Njie e Gineitis nel mirino del Salisburgo\" class=\"lvbg-post-link\" data-intcmp=\"skysport_liveblog_liveblog-preview_null\" data-analytics-element=\"liveblog-preview\" rel=\"nofollow noopener\" target=\"_blank\"><img alt=\"Calciomercato Torino, Njie e Gineitis nel mirino del Salisburgo\" style=\"opacity:0;transition:opacity 0.3s\" class=\"lvbg-post-link__image\"\/>Calciomercato Torino, Njie e Gineitis nel mirino del SalisburgoVai al contenuto <\/a><\/p>\n<p>10:00<\/p>\n<p>Parma, base d&#8217;accordo con il Tigre per David Romero<\/p>\n<p>Il <strong>Parma <\/strong>ha raggiunto una base d&#8217;accordo con il Tigre per l&#8217;arrivo di <strong>David Romero<\/strong>. Si attende ora il completamento degli ultimi dettagli, per un&#8217;<strong>operazione da 9 milioni di euro bonus inclusi<\/strong><\/p>\n<p><a href=\"https:\/\/sport.sky.it\/calciomercato\/2026\/08\/10\/calciomercato-parma-romero-news\" title=\"Parma, base d&#039;accordo con il Tigre per David Romero\" class=\"lvbg-post-link\" data-intcmp=\"skysport_liveblog_liveblog-preview_null\" data-analytics-element=\"liveblog-preview\" rel=\"nofollow noopener\" target=\"_blank\"><img alt=\"Parma, base d'accordo con il Tigre per David Romero\" style=\"opacity:0;transition:opacity 0.3s\" class=\"lvbg-post-link__image\"\/>Parma, base d&#8217;accordo con il Tigre per David RomeroVai al contenuto <\/a><\/p>\n<p>09:50<\/p>\n<p>Badiashile-Napoli, nuovi contatti col Chelsea <\/p>\n<p>Nuovi contatti tra <strong>Napoli<\/strong>, <strong>Chelsea <\/strong>e l&#8217;entourage di Benoit <strong>Badiashile<\/strong>. Il club azzurro continua a lavorare per il difensore francese classe 2001 e nelle ultime ore le parti hanno provato ad avvicinarsi per trovare a un&#8217;intesa definitiva sul trasferimento. Il Napoli insiste, con la difesa diventata una priorit\u00e0 dopo gli infortuni di Buongiorno e Marianucci<\/p>\n<p><a href=\"https:\/\/sport.sky.it\/calciomercato\/2026\/08\/10\/napoli-badiashile-chelsea-calciomercato-news\" title=\"Napoli-Badiashile, nuovi contatti col Chelsea per trovare un&#039;intesa\" class=\"lvbg-post-link\" data-intcmp=\"skysport_liveblog_liveblog-preview_null\" data-analytics-element=\"liveblog-preview\" rel=\"nofollow noopener\" target=\"_blank\"><img alt=\"Napoli-Badiashile, nuovi contatti col Chelsea per trovare un'intesa\" style=\"opacity:0;transition:opacity 0.3s\" class=\"lvbg-post-link__image\"\/>Napoli-Badiashile, nuovi contatti col Chelsea per trovare un&#8217;intesaVai al contenuto <\/a><\/p>\n<p>09:40<\/p>\n<p>Cagliari, due nuove ufficialit\u00e0<\/p>\n<p>Dopo Daniel Maldini, il Cagliari ufficializza anche <strong>Kevin Carlos<\/strong>, attaccante classe 2001, e <strong>Giuseppe Aurelio<\/strong>, esterno classe 2000:<\/p>\n<p><a href=\"https:\/\/sport.sky.it\/calciomercato\/calciomercato-serie-a-estate-2026-acquisti-ufficiali\" title=\"Cagliari, non solo Daniel Maldini: ufficiali due nuovi arrivi \" class=\"lvbg-post-link\" data-intcmp=\"skysport_liveblog_liveblog-preview_null\" data-analytics-element=\"liveblog-preview\" rel=\"nofollow noopener\" target=\"_blank\"><img alt=\"Cagliari, non solo Daniel Maldini: ufficiali due nuovi arrivi \" style=\"opacity:0;transition:opacity 0.3s\" class=\"lvbg-post-link__image\"\/>Cagliari, non solo Daniel Maldini: ufficiali due nuovi arrivi Vai al contenuto <\/a><\/p>\n<p>09:30<\/p>\n<p>Le alternative dell&#8217;Inter sugli esterni<\/p>\n<p>L&#8217;Inter continua a lavorare per trovare un esterno sul mercato. <strong>Si complica la pista Diaby<\/strong>, mentre torna di moda il nome di <strong>Spence <\/strong>del Tottenham. Sullo sfondo resta anche<strong> Nico Gonzalez<\/strong> della Juventus. Intanto la Roma \u00e8 su Luis Henrique<\/p>\n<p><a href=\"https:\/\/sport.sky.it\/calciomercato\/2026\/08\/10\/calciomercato-inter-news-diaby-spence-nico-gonzalez\" title=\"Calciomercato Inter, si complica la pista Diaby\" class=\"lvbg-post-link\" data-intcmp=\"skysport_liveblog_liveblog-preview_null\" data-analytics-element=\"liveblog-preview\" rel=\"nofollow noopener\" target=\"_blank\"><img alt=\"Calciomercato Inter, si complica la pista Diaby\" style=\"opacity:0;transition:opacity 0.3s\" class=\"lvbg-post-link__image\"\/>Calciomercato Inter, si complica la pista DiabyVai al contenuto <\/a><\/p>\n<p>09:20<\/p>\n<p>E non solo: si pensa a Luis Henrique<\/p>\n<p>La Roma pensa a Luis Henrique per rinforzare la corsia esterna. Sul brasiliano ci sono anche squadre di Premier League, con l&#8217;Inter che chiede intorno ai <strong>30 milioni di euro<\/strong>.\u00a0<\/p>\n<p><a href=\"https:\/\/sport.sky.it\/calciomercato\/2026\/08\/10\/roma-luis-henrique-inter-calciomercato-news\" title=\"La Roma pensa a Luis Henrique per la corsia esterna\" class=\"lvbg-post-link\" data-intcmp=\"skysport_liveblog_liveblog-preview_null\" data-analytics-element=\"liveblog-preview\" rel=\"nofollow noopener\" target=\"_blank\"><img alt=\"La Roma pensa a Luis Henrique per la corsia esterna\" style=\"opacity:0;transition:opacity 0.3s\" class=\"lvbg-post-link__image\"\/>La Roma pensa a Luis Henrique per la corsia esternaVai al contenuto <\/a><\/p>\n<p>09:10<\/p>\n<p>Molina \u00e8 arrivato a Roma: le cifre dell&#8217;operazione<\/p>\n<p>Nahuel Molina \u00e8 arrivato a Roma. L&#8217;argentino \u00e8 pronto a iniziare la sua seconda avventura in Italia (dopo la precedente esperienza con l&#8217;Udinese in Serie A). I giallorossi hanno trovato l&#8217;accordo con l&#8217;Atletico Madrid per un&#8217;<strong>operazione a titolo definitivo da 13 milioni pi\u00f9 4 di bonus<\/strong><\/p>\n<p><a href=\"https:\/\/sport.sky.it\/calciomercato\/2026\/08\/10\/roma-molina-calciomercato-news\" title=\"Roma, Molina \u00e8 arrivato in citt\u00e0. VIDEO\" class=\"lvbg-post-link\" data-intcmp=\"skysport_liveblog_liveblog-preview_null\" data-analytics-element=\"liveblog-preview\" rel=\"nofollow noopener\" target=\"_blank\"><img alt=\"Roma, Molina \u00e8 arrivato in citt\u00e0. VIDEO\" style=\"opacity:0;transition:opacity 0.3s\" class=\"lvbg-post-link__image\"\/>Roma, Molina \u00e8 arrivato in citt\u00e0. VIDEOVai al contenuto <\/a><\/p>\n<p>09:05<\/p>\n<p>Frosinone, iniziate le visite mediche di Grillitsch<\/p>\n<p>Florian <strong>Grillitsch<\/strong> si prepara a diventare un nuovo giocatore del <strong>Frosinone<\/strong>. \u00a0Il centrocampista, <strong>svincolato<\/strong> dopo la fine della sua esperienza al Braga, ha iniziato le <strong>visite mediche<\/strong><\/p>\n","protected":false},"excerpt":{"rendered":"\\n Milan, parla Le\u00e3o: \\&#8221;Il mio unico pensiero \u00e8 il campo\\&#8221; \\n Lukaku al Fenerbahce: al Napoli 6&hellip;\n","protected":false},"author":3,"featured_media":612905,"comment_status":"","ping_status":"","sticky":false,"template":"","format":"standard","meta":{"footnotes":"","_share_on_mastodon":"0"},"categories":[1452],"tags":[7724,569,586,6300,721,353,6295,39578,16323,14179,7725,6293,6294,3705,2263,1740,5281,6298,350,1537,90,89,565,558,5188,6296,553,11121,248,6299,1739,245,244,1641,2817,222],"class_list":["post-628176","post","type-post","status-publish","format-standard","has-post-thumbnail","category-calcio","tag-as-roma","tag-atalanta","tag-bologna","tag-cagliari","tag-calcio","tag-calciomercato","tag-calciomercato-estero","tag-calciomercato-fiorentina","tag-calciomercato-inter","tag-calciomercato-napoli","tag-calciomercato-roma","tag-calciomercato-serie-a","tag-calciomercato-serie-b","tag-como","tag-fiorentina","tag-football","tag-frosinone","tag-genoa","tag-inter","tag-it","tag-italia","tag-italy","tag-juve","tag-juventus","tag-lazio","tag-lecce","tag-milan","tag-monza","tag-napoli","tag-sassuolo","tag-soccer","tag-sport","tag-sports","tag-torino","tag-udinese","tag-venezia"],"share_on_mastodon":{"url":"https:\/\/pubeurope.com\/@it\/117078263475748768","error":""},"_links":{"self":[{"href":"https:\/\/www.europesays.com\/it\/wp-json\/wp\/v2\/posts\/628176","targetHints":{"allow":["GET"]}}],"collection":[{"href":"https:\/\/www.europesays.com\/it\/wp-json\/wp\/v2\/posts"}],"about":[{"href":"https:\/\/www.europesays.com\/it\/wp-json\/wp\/v2\/types\/post"}],"author":[{"embeddable":true,"href":"https:\/\/www.europesays.com\/it\/wp-json\/wp\/v2\/users\/3"}],"replies":[{"embeddable":true,"href":"https:\/\/www.europesays.com\/it\/wp-json\/wp\/v2\/comments?post=628176"}],"version-history":[{"count":0,"href":"https:\/\/www.europesays.com\/it\/wp-json\/wp\/v2\/posts\/628176\/revisions"}],"wp:featuredmedia":[{"embeddable":true,"href":"https:\/\/www.europesays.com\/it\/wp-json\/wp\/v2\/media\/612905"}],"wp:attachment":[{"href":"https:\/\/www.europesays.com\/it\/wp-json\/wp\/v2\/media?parent=628176"}],"wp:term":[{"taxonomy":"category","embeddable":true,"href":"https:\/\/www.europesays.com\/it\/wp-json\/wp\/v2\/categories?post=628176"},{"taxonomy":"post_tag","embeddable":true,"href":"https:\/\/www.europesays.com\/it\/wp-json\/wp\/v2\/tags?post=628176"}],"curies":[{"name":"wp","href":"https:\/\/api.w.org\/{rel}","templated":true}]}}