{"id":628544,"date":"2026-08-12T04:09:19","date_gmt":"2026-08-12T04:09:19","guid":{"rendered":"https:\/\/www.europesays.com\/it\/628544\/"},"modified":"2026-08-12T04:09:19","modified_gmt":"2026-08-12T04:09:19","slug":"lutto-nel-mondo-del-ciclismo-se-ne-andato-il-faentino-ex-vincitore-di-una-tappa-del-giro-della-valsesia-2","status":"publish","type":"post","link":"https:\/\/www.europesays.com\/it\/628544\/","title":{"rendered":"Lutto nel mondo del ciclismo: se n&#8217;\u00e8 andato il faentino ex vincitore di una tappa del Giro della Valsesia"},"content":{"rendered":"<p>Dopo <a href=\"https:\/\/www.ravennatoday.it\/cronaca\/lugo-morto-giorno-compleanno-giancarlo-ferretti.html\" rel=\"nofollow noopener\" target=\"_blank\">la morte di Giancarlo Ferretti<\/a>, grande protagonista del ciclismo italiano dagli anni &#8217;60 in avanti, si \u00e8 spento a Faenza anche Andrea Drei, 53enne, originario di Reda. Tra i dilettanti nel 1995, a 22 anni, Drei milit\u00f2 nella squadra Addax-Italfine. Una delle sue vittorie pi\u00f9 importanti fu la seconda tappa del Giro della Valsesia 1996. Nel 1997 ottenne diversi piazzamenti, tra cui il quinto posto nella classifica finale del Giro del Friuli-Venezia Giulia, a soli 32 secondi dal vincitore. Nel campionato italiano su strada \u00c9lite senza contratto del 1998 arriv\u00f2 quinto.<\/p>\n<p>Il risultato pi\u00f9 importante della sua carriera arriv\u00f2 nel 1996, quando vinse la seconda tappa del Giro della Valsesia, con arrivo a Foresto, in Piemonte. Quello stesso anno Drei correva nel G.S. Podenzano-Italfine-Addax-Tecnostamp, una formazione di livello, insieme tra gli altri ad Alessio Girelli, Massimiliano Napolitano, Valter Pedroni e Davide Taroni.<\/p>\n<p>Il 1997 fu la sua annata pi\u00f9 significativa per numero e qualit\u00e0 dei piazzamenti. Il 22 febbraio 1997, al Trofeo Attilio Strazzi, 28\u00aa edizione, Drei fu secondo, alle spalle di Alessio Girelli. La corsa misurava 153 km e Girelli vinse in 3h51&#8242; alla media di 39,948 chilometri orari.\u00a0<\/p>\n<p>Nello stesso anno ottenne inoltre due secondi posti alla Corsa\/Sei Giorni del Sole: nella quarta e nella quinta tappa in una delle quali lo vide secondo dietro al moldavo Ruslan Ivanov, davanti a Roberto Bianchini. Nel 1997 pass\u00f2 al G.S. Juvenes-Italfine-Addax-Podenzano.<\/p>\n<p>Il risultato pi\u00f9 prestigioso del 1998 fu il quinto posto al campionato italiano su strada \u00c9lite senza contratto. \u00c8 un piazzamento particolarmente interessante perch\u00e9 arriv\u00f2 in una categoria nella quale correvano molti dei migliori dilettanti d\u2019\u00e9lite italiani non professionisti. Quell&#8217;anno Drei era tesserato per la Rinascita Oboe, squadra nella quale figuravano anche Juri Alvisi, Flavio Farneti, Cristian Sambi, Eddy Serri e altri atleti.<\/p>\n<p>Andrea Drei lascia la madre, la moglie Silvia e il figlio Riccardo. Le esequie si terranno gioved\u00ec 13 agosto a Reda alle ore 9.15.<\/p>\n","protected":false},"excerpt":{"rendered":"Dopo la morte di Giancarlo Ferretti, grande protagonista del ciclismo italiano dagli anni &#8217;60 in avanti, si \u00e8&hellip;\n","protected":false},"author":3,"featured_media":627812,"comment_status":"","ping_status":"","sticky":false,"template":"","format":"standard","meta":{"footnotes":"","_share_on_mastodon":"0"},"categories":[1456],"tags":[1824,1825,1537,90,89,35976,245,244],"class_list":["post-628544","post","type-post","status-publish","format-standard","has-post-thumbnail","category-ciclismo","tag-ciclismo","tag-cycling","tag-it","tag-italia","tag-italy","tag-lutti","tag-sport","tag-sports"],"share_on_mastodon":{"url":"https:\/\/pubeurope.com\/@it\/117080579391125214","error":""},"_links":{"self":[{"href":"https:\/\/www.europesays.com\/it\/wp-json\/wp\/v2\/posts\/628544","targetHints":{"allow":["GET"]}}],"collection":[{"href":"https:\/\/www.europesays.com\/it\/wp-json\/wp\/v2\/posts"}],"about":[{"href":"https:\/\/www.europesays.com\/it\/wp-json\/wp\/v2\/types\/post"}],"author":[{"embeddable":true,"href":"https:\/\/www.europesays.com\/it\/wp-json\/wp\/v2\/users\/3"}],"replies":[{"embeddable":true,"href":"https:\/\/www.europesays.com\/it\/wp-json\/wp\/v2\/comments?post=628544"}],"version-history":[{"count":0,"href":"https:\/\/www.europesays.com\/it\/wp-json\/wp\/v2\/posts\/628544\/revisions"}],"wp:featuredmedia":[{"embeddable":true,"href":"https:\/\/www.europesays.com\/it\/wp-json\/wp\/v2\/media\/627812"}],"wp:attachment":[{"href":"https:\/\/www.europesays.com\/it\/wp-json\/wp\/v2\/media?parent=628544"}],"wp:term":[{"taxonomy":"category","embeddable":true,"href":"https:\/\/www.europesays.com\/it\/wp-json\/wp\/v2\/categories?post=628544"},{"taxonomy":"post_tag","embeddable":true,"href":"https:\/\/www.europesays.com\/it\/wp-json\/wp\/v2\/tags?post=628544"}],"curies":[{"name":"wp","href":"https:\/\/api.w.org\/{rel}","templated":true}]}}