{"id":628593,"date":"2026-08-12T04:57:18","date_gmt":"2026-08-12T04:57:18","guid":{"rendered":"https:\/\/www.europesays.com\/it\/628593\/"},"modified":"2026-08-12T04:57:18","modified_gmt":"2026-08-12T04:57:18","slug":"tragedia-a-bosco-di-corniglio-muore-nel-tentativo-di-salvare-uno-scout-13enne-precipitato-nella-scarpata-il-ragazzino-ricoverato-al-maggiore","status":"publish","type":"post","link":"https:\/\/www.europesays.com\/it\/628593\/","title":{"rendered":"Tragedia a Bosco di Corniglio: muore nel tentativo di salvare uno scout 13enne precipitato nella scarpata. Il ragazzino ricoverato al Maggiore"},"content":{"rendered":"<p>Tragedia a Bosco di Corniglio. Un accompagnatore di 61 anni (e non un capo scout come riferito in un primo momento) \u00e8 morto nel tentativo di salvare un 13enne precipitato in una scarpata durante un\u2019escursione.<\/p>\n<p>Secondo le primissime informazioni, un gruppo di scout era accampato a Bosco di Corniglio, a 84o metri di altezza sulle pendici dell&#8217;Appennino. Due di loro sono precipitati nella scarpata sottostante il loro accampamento. Si tratta appunto di un 61enne, che \u00e8 morto a seguito delle ferite riportate nella caduta, e di un ragazzino del gruppo, 13 anni, rimasto ferito e trasportato al Maggiore in condizioni di media gravit\u00e0.\u00a0<\/p>\n<p>Tutto sarebbe avvenuto intorno alle 13,30. Dal Maggiore \u00e8 partito l&#8217;elicottero del 118, insieme al Soccorso Alpino (con l&#8217;elicottero di Pavullo) e i vigili del fuoco di Langhirano. L\u2019uomo \u00e8 morto nel tentativo di salvare il 13enne che era caduto. Si \u00e8 lanciato dalla scarpata per recuperare il ragazzino, ma \u00e8 precipitato per diversi metri sbattendo pi\u00f9 volte contro i sassi e morendo sul colpo. Il 13enne, invece, \u00e8 stato portato all\u2019ospedale di Parma con fratture alle gambe.<br \/>\u00a0<\/p>\n<p>La tragedia \u00e8 avvenuta su un versante del monte Tavola. Il ragazzino di 13 anni, stando a fonti ufficiali, \u00e8 caduto in un crepaccio. L&#8217;accompagnatore \u00e8 sceso per aiutarlo, ma \u00e8 precipitato anche lui ed \u00e8 morto sul colpo. Il 13enne \u00e8 stato portato a Parma, al Maggiore, in condizioni di media gravit\u00e0.<\/p>\n<p><strong>La ricostruzione\u00a0<\/strong><\/p>\n<p>Man mano che le ore passavano, il quadro \u00e8 diventato sempre pi\u00f9 chiaro. A perdere la vita non \u00e8 stato un capo scout, ma un accompagnatore, padre di due bambini del gruppo presenti a Bosco di Corniglio. L\u2019incidente \u00e8 avvenuto durante un\u2019escursione. A Bosco di Corniglio si erano radunati molti boy scout di et\u00e0 diverse, tutti provenienti da Salsomaggiore, e si sono accampati con le tende. Insieme ai ragazzi c\u2019erano anche molti genitori. Nel primo pomeriggio di oggi, 11 agosto, intorno alle 13,30, due di loro sono andati a fare una passeggiata nei dintorni dell\u2019accampamento. Per cause in corso di accertamento uno di loro, un adolescente di 13 anni, \u00e8 caduto nella scarpata sottostante dove scorre un piccolo rio. L\u2019altro, un uomo di 61 anni, nel tentativo di soccorrerlo \u00e8 precipitato per diversi metri sbattendo ripetutamente sui sassi. Un altro capo scout che ha visto l\u2019accaduto ha chiamato il 112 per chiedere aiuto e immediatamente ha iniziato le manovre di rianimazione cardiopolmonare. La Centrale Operativa 118 ha inviato la squadra del Soccorso Alpino e Speleologico Stazione Monte Orsaro, l\u2019elicottero 118 di Pavullo nel Frignano dotato di verricello, l\u2019elicottero 118 di Parma e l\u2019ambulanza. La Centrale Operativa 115 ha inviato una squadra di Vigili del Fuoco e l\u2019elicottero decollato dal Nucleo Volo di Bologna. Gli operatori del Soccorso Alpino hanno continuato per moltissimi minuti la rianimazione cardio polmonare, purtroppo senza esito e il medico dell\u2019elicottero arrivato sul posto non ha potuto fare altro che costatare il decesso. Il ragazzino ferito, con una probabile frattura agli arti inferiori, \u00e8 stato recuperato con tecniche alpinistiche sulla barella portantina e consegnato al personale di eli-Parma che lo ha trasferito all\u2019Ospedale Maggiore di Parma in codice di media gravit\u00e0. Anche la salma, una volta avuta l\u2019autorizzazione dal Pubblico Ministero di turno, \u00e8 stata recuperata con la stessa tecnica. L\u2019uomo deceduto \u00e8 il padre di due bambini appartenenti ai boy scout, i quali avuta la brutta notizia sono stati colti da malore, soccorsi dal personale dell\u2019ambulanza e trasferiti all\u2019Ospedale Maggiore di Parma. Le indagini, sulla dinamica sono affidate ai Carabinieri.<br \/>\u00a0<\/p>\n<p>IN AGGIORNAMENTO<\/p>\n","protected":false},"excerpt":{"rendered":"Tragedia a Bosco di Corniglio. Un accompagnatore di 61 anni (e non un capo scout come riferito in&hellip;\n","protected":false},"author":3,"featured_media":628594,"comment_status":"","ping_status":"","sticky":false,"template":"","format":"standard","meta":{"footnotes":"","_share_on_mastodon":"0"},"categories":[79],"tags":[346984,14,93,94,346665,1537,90,89,7,15,9289,148,11,84,91,12,85,92,6163],"class_list":["post-628593","post","type-post","status-publish","format-standard","has-post-thumbnail","category-italia","tag-bosco-corniglio","tag-cronaca","tag-cronaca-italiana","tag-cronacaitaliana","tag-elipavullo","tag-it","tag-italia","tag-italy","tag-news","tag-notizie","tag-soccorsi","tag-soccorso-alpino","tag-ultime-notizie","tag-ultime-notizie-e-news-di-oggi","tag-ultime-notizie-italia","tag-ultimenotizie","tag-ultimenotizieenewsdioggi","tag-ultimenotizieitalia","tag-vigili-fuoco"],"share_on_mastodon":{"url":"https:\/\/pubeurope.com\/@it\/117080768355164960","error":""},"_links":{"self":[{"href":"https:\/\/www.europesays.com\/it\/wp-json\/wp\/v2\/posts\/628593","targetHints":{"allow":["GET"]}}],"collection":[{"href":"https:\/\/www.europesays.com\/it\/wp-json\/wp\/v2\/posts"}],"about":[{"href":"https:\/\/www.europesays.com\/it\/wp-json\/wp\/v2\/types\/post"}],"author":[{"embeddable":true,"href":"https:\/\/www.europesays.com\/it\/wp-json\/wp\/v2\/users\/3"}],"replies":[{"embeddable":true,"href":"https:\/\/www.europesays.com\/it\/wp-json\/wp\/v2\/comments?post=628593"}],"version-history":[{"count":0,"href":"https:\/\/www.europesays.com\/it\/wp-json\/wp\/v2\/posts\/628593\/revisions"}],"wp:featuredmedia":[{"embeddable":true,"href":"https:\/\/www.europesays.com\/it\/wp-json\/wp\/v2\/media\/628594"}],"wp:attachment":[{"href":"https:\/\/www.europesays.com\/it\/wp-json\/wp\/v2\/media?parent=628593"}],"wp:term":[{"taxonomy":"category","embeddable":true,"href":"https:\/\/www.europesays.com\/it\/wp-json\/wp\/v2\/categories?post=628593"},{"taxonomy":"post_tag","embeddable":true,"href":"https:\/\/www.europesays.com\/it\/wp-json\/wp\/v2\/tags?post=628593"}],"curies":[{"name":"wp","href":"https:\/\/api.w.org\/{rel}","templated":true}]}}