{"id":628601,"date":"2026-08-12T05:10:17","date_gmt":"2026-08-12T05:10:17","guid":{"rendered":"https:\/\/www.europesays.com\/it\/628601\/"},"modified":"2026-08-12T05:10:17","modified_gmt":"2026-08-12T05:10:17","slug":"dinamo-sassari-la-ripartenza-prende-forma-presentato-il-nuovo-roster","status":"publish","type":"post","link":"https:\/\/www.europesays.com\/it\/628601\/","title":{"rendered":"Dinamo Sassari, la ripartenza prende forma: presentato il nuovo roster"},"content":{"rendered":"<p>Questa mattina, nella sala conferenze della sede di Acrisure, \u00e8 stata presentata ufficialmente la nuova <b>Dinamo Sassari<\/b>. Presenti l\u2019<b>amministratore delegato Francesco Sardara<\/b>, il <b>coach Luca Vitali<\/b>, il <b>direttore sportivo Paolo Citrini<\/b> e il <a href=\"https:\/\/www.cityandcity.it\/dinamo-sassari-ufficializzati-roster-e-staff-per-la-stagione-2026-27\/\" rel=\"nofollow noopener\" target=\"_blank\">roster<\/a> biancobl\u00f9, ad eccezione di Joonas Riismaa, impegnato con la propria nazionale.<\/p>\n<p><b>LE PAROLE.<\/b> Entusiasmo e voglia di mettersi subito in gioco sono ci\u00f2 che traspare dalle parole dei protagonisti. Le premesse sembrano essere quelle giuste: una squadra rinnovata e ambiziosa, costruita puntando su esperienza e qualit\u00e0.<\/p>\n<p>L\u2019amalgama inizier\u00e0 a formarsi con i primi allenamenti, quando il nuovo gruppo avr\u00e0 modo di conoscersi meglio sul parquet e iniziare a costruire i primi automatismi. Un percorso graduale, nel quale coach Vitali sar\u00e0 chiamato a dare forma alla squadra, valorizzando le caratteristiche dei singoli e trovando le soluzioni pi\u00f9 adatte. Il tecnico ha sottolineato anche la versatilit\u00e0 del roster e la qualit\u00e0 tecnica dei giocatori, in particolare dei lunghi, chiamati a offrire diverse soluzioni sul parquet.<\/p>\n<p><b>UNA DINAMO DELLA GENTE.<\/b> Grande attenzione anche al rapporto con la citt\u00e0 e con i tifosi. La <strong>preseason<\/strong> sar\u00e0 infatti <b>a porte aperte<\/b>, con la volont\u00e0 di permettere al pubblico di conoscere da vicino i nuovi Giganti e dunque di iniziare a ricreare quel clima di entusiasmo che negli ultimi anni si \u00e8 progressivamente allontanato dalla squadra e dal suo pubblico. Gli allenamenti si svolgeranno a Sassari, mentre le amichevoli porteranno la squadra anche in altre parti della Sardegna, in un percorso pensato per riavvicinare la Dinamo al territorio.<\/p>\n<p><b>Francesco Sardara: <\/b>\u201cSiamo felici di presentarvi la nuova Dinamo. Ci sono tanti volti che conoscete e che ora sono tornati per dare una mano. Una squadra fatta di persone prima che giocatori, che hanno scelto di venire a Sassari con la consapevolezza che la voglia \u00e8 quella di tornare ai piani pi\u00f9 alti\u201d.<\/p>\n<p>\u201cQuesto \u00e8 un anno di svolta in cui abbiamo ricominciato da zero, abbiamo tutti la volont\u00e0 di far emozionare le persone. Vogliamo far rinnamorare la gente di questa squadra\u201d.<\/p>\n<p>\u201cSu di noi hanno detto tante cose. Penso di aver detto pi\u00f9 volte che la Dinamo \u00e8 una delle cose pi\u00f9 importanti della mia vita. Ne abbiamo passate tante, dal triplete alla retrocessione. Potevamo fare meglio e abbiamo tante colpe, ma non abbiamo mai pensato di mollarla, nemmeno nei momenti di difficolt\u00e0. Non sempre si ha la formula esatta per rialzarsi, ma il lavoro che abbiamo fatto quest\u2019estate \u00e8 un buon modo per iniziare a farlo. Noi lo facciamo per amore della nostra citt\u00e0, dei nostri tifosi. Noi ci siamo e ci saremo sempre. Se un giorno ci renderemo conto di non essere in grado di gestirla, troveremo qualcuno in grado di farlo. Finch\u00e9 ci sentiremo di fare bene continueremo a portarla per mano\u201d.<\/p>\n<p><b>Luca Vitali, allenatore Dinamo Sassari: <\/b>\u201cVogliamo costruire la squadra pi\u00f9 adatta per questo posto, vogliamo creare un clima di entusiasmo ed esigenza. Voglio vedere giocatori che si allenano sorridendo e dando il massimo. Creeremo un clima familiare: accanto a me c\u2019\u00e8 mio fratello di sangue e dall\u2019altra parte, oltre a Citro, c\u2019\u00e8 Riccardo Pisano, che ha l\u2019et\u00e0 di mio figlio. Tutta la pre-season sar\u00e0 a porte aperte, vogliamo che i tifosi vengano a conoscere i loro Giganti. Ci alleneremo a Sassari, ma faremo partite in tutta la Sardegna\u201d.<\/p>\n<p>\u201cIl nostro primo obiettivo \u00e8 ricreare quel clima che \u00e8 stato speciale per la citt\u00e0 e per tutta l\u2019isola. Questa squadra \u00e8 versatile, bidimensionale nei lunghi, i giocatori hanno mani buone e un QI importante\u201d.<\/p>\n<p>\u201cLa trattativa pi\u00f9 difficile \u00e8 stata con mio fratello. Ognuno ha una storia particolare: a Bryce piace l\u2019isola e voleva venirci in vacanza, la mamma di Kaza ha origini sarde. Ognuno di loro \u00e8 venuto qui con una forte motivazione. Riccardo sarebbe venuto a nuoto per giocare qui\u201d.<\/p>\n<p><b>Paolo Citrini, direttore sportivo Dinamo Sassari: <\/b>\u201cQuesto \u00e8 un anno di svolta. Abbiamo una grande opportunit\u00e0 di creare attorno alla Dinamo un progetto importante e ritrovare un pubblico che si riidentifichi con la squadra. Abbiamo cercato di costruire una squadra con persone e giocatori che hanno determinate caratteristiche\u201d.<\/p>\n<p>\u201cLa volont\u00e0 \u00e8 allenarsi per tutto il precampionato a Sassari e poi fare amichevoli in Sardegna, avremo anche una partita a Sassari. C\u2019\u00e8 tanta energia, ma sappiamo che per\u00f2 ci sono altre squadre che possono competere. Noi abbiamo bisogno di lavorare con entusiasmo e seriet\u00e0\u201d.<\/p>\n<p>\u201cL\u2019estate da direttore sportivo? \u00c8 stata dura, l\u2019ho vissuta come una grande esperienza e con tanta voglia e ho cercato di fare il miglior lavoro possibile. Luca \u00e8 stato determinante in tante trattative, parlando direttamente con i ragazzi. Abbiamo messo delle idee, il famoso dinamismo serve anche perch\u00e9 avevamo perso questo sentore, anche a livello di italiani e di gruppo. Il coach ha le idee molto chiare, ha studiato ed \u00e8 stato un grande giocatore in campo, anche a livello di leadership. \u00c8 stata un\u2019esperienza dura, ma siamo contenti. Poi il campo dar\u00e0 la sua sentenza\u201d.<\/p>\n<p>\u201cAbbiamo deciso di puntare sui nostri giovani. Con Brunu, Fara e Cipriano abbiamo deciso di dare un impulso anche al nostro settore giovanile. Per l\u2019estate, inoltre, ci saranno tre ragazzi aggregati\u201d.<\/p>\n<p><b>Jeff Brooks, giocatore Dinamo Sassari: <\/b>\u201cSono tornato qui per riportare energia. Ogni giorno sar\u00e0 importante, sono pronto per la nuova stagione. Vogliamo divertirci e rendere felici i tifosi\u201d.<\/p>\n<p><b>Alessandro Grande, giocatore Dinamo Sassari: <\/b>\u201cL\u2019A2 \u00e8 un campionato molto lungo, con tante piazze importanti. Il livello si \u00e8 alzato e richiede tanti sforzi. Dopo una delusione come l\u2019anno scorso, questa situazione pu\u00f2 diventare un\u2019occasione. Il fatto che siamo una squadra a trazione italiana aiuter\u00e0 a creare affiatamento con i tifosi. Sar\u00e0 un campionato che vi appassioner\u00e0\u201d.<\/p>\n<p><b>Diego Monaldi, giocatore Dinamo Sassari: <\/b>\u201cQui mi sono trovato benissimo, alla fine Sassari \u00e8 stata la mia prima esperienza in Serie A. Penso che qui ci sia un obiettivo molto importante. Il roster, il club e la societ\u00e0 stanno facendo un ottimo lavoro. Non vediamo l\u2019ora di iniziare\u201d.<\/p>\n","protected":false},"excerpt":{"rendered":"Questa mattina, nella sala conferenze della sede di Acrisure, \u00e8 stata presentata ufficialmente la nuova Dinamo Sassari. Presenti&hellip;\n","protected":false},"author":3,"featured_media":628602,"comment_status":"","ping_status":"","sticky":false,"template":"","format":"standard","meta":{"footnotes":"","_share_on_mastodon":"0"},"categories":[1453],"tags":[32634,1756,1757,1773,346985,1537,90,89,32963,346986,346987,12118,245,244],"class_list":["post-628601","post","type-post","status-publish","format-standard","has-post-thumbnail","category-basket","tag-banco-di-sardegna","tag-basket","tag-basketball","tag-dinamo-sassari","tag-francesco-sardara","tag-it","tag-italia","tag-italy","tag-luca-vitali","tag-paolo-citrini","tag-presentazione-roster","tag-sassari","tag-sport","tag-sports"],"share_on_mastodon":{"url":"https:\/\/pubeurope.com\/@it\/117080819487309085","error":""},"_links":{"self":[{"href":"https:\/\/www.europesays.com\/it\/wp-json\/wp\/v2\/posts\/628601","targetHints":{"allow":["GET"]}}],"collection":[{"href":"https:\/\/www.europesays.com\/it\/wp-json\/wp\/v2\/posts"}],"about":[{"href":"https:\/\/www.europesays.com\/it\/wp-json\/wp\/v2\/types\/post"}],"author":[{"embeddable":true,"href":"https:\/\/www.europesays.com\/it\/wp-json\/wp\/v2\/users\/3"}],"replies":[{"embeddable":true,"href":"https:\/\/www.europesays.com\/it\/wp-json\/wp\/v2\/comments?post=628601"}],"version-history":[{"count":0,"href":"https:\/\/www.europesays.com\/it\/wp-json\/wp\/v2\/posts\/628601\/revisions"}],"wp:featuredmedia":[{"embeddable":true,"href":"https:\/\/www.europesays.com\/it\/wp-json\/wp\/v2\/media\/628602"}],"wp:attachment":[{"href":"https:\/\/www.europesays.com\/it\/wp-json\/wp\/v2\/media?parent=628601"}],"wp:term":[{"taxonomy":"category","embeddable":true,"href":"https:\/\/www.europesays.com\/it\/wp-json\/wp\/v2\/categories?post=628601"},{"taxonomy":"post_tag","embeddable":true,"href":"https:\/\/www.europesays.com\/it\/wp-json\/wp\/v2\/tags?post=628601"}],"curies":[{"name":"wp","href":"https:\/\/api.w.org\/{rel}","templated":true}]}}