{"id":628809,"date":"2026-08-12T08:23:20","date_gmt":"2026-08-12T08:23:20","guid":{"rendered":"https:\/\/www.europesays.com\/it\/628809\/"},"modified":"2026-08-12T08:23:20","modified_gmt":"2026-08-12T08:23:20","slug":"ecco-perche-isla-phillips-la-nipote-della-principessa-anna-e-larma-segreta-della-famiglia-reale","status":"publish","type":"post","link":"https:\/\/www.europesays.com\/it\/628809\/","title":{"rendered":"Ecco perch\u00e9 Isla Phillips, la nipote della principessa Anna, \u00ab\u00e8 l&#8217;arma segreta della famiglia reale\u00bb"},"content":{"rendered":"<p class=\"has-dropcap body dropcap\">I<strong>sla Phillips<\/strong>, nata il 29 marzo 2012, figlia degli <a href=\"https:\/\/www.vanityfair.it\/people\/mondo\/2021\/06\/15\/peter-phillips-e-autumn-kelly-divorzio-ufficiale-reali-gossip-news\" rel=\"nofollow noopener\" target=\"_blank\">ex coniugi Peter Phillips e Autumn Kelly<\/a> nonch\u00e9 nipote della <a href=\"https:\/\/www.vanityfair.it\/people\/mondo\/2020\/05\/09\/principessa-anna-dinghilterra-secondo-marito-invisibile-amori-figli-notizie-foto-gossip\" rel=\"nofollow noopener\" target=\"_blank\">principessa Anna<\/a>, ha <strong>14 anni<\/strong>. E secondo i royal osservatori in tempi tanto cupi per la Corona britannica &#8211; scossa fin dalle fondamenta dagli scandali dell&#8217;ex principe Andrea &#8211; \u00e8 proprio lei \u00ab<strong>l&#8217;arma segreta della famiglia reale<\/strong>\u00bb. Priva di titoli reali e ventunesima in linea di successione al trono, la pronipote della defunta regina Elisabetta \u00e8 cresciuta come la sorella maggiore <strong>Savannah<\/strong>, 15 anni, lontano dai riflettori, godendosi una sana vita all&#8217;aria aperta a Gatcombe Park (dove va a cavallo con la principessa Anna quasi tutti i giorni) e partecipando solo ai pi\u00f9 solenni eventi pubblici della famiglia reale. Lo scorso Capodanno, tuttavia, avevamo avuto la rara opportunit\u00e0 di vederla mentre festeggiava l&#8217;inizio del 2026 alle corse di Cheltenham (foto in alto).<\/p>\n<p>Presto la neo quattordicenne e sua sorella Savannah faranno da damigelle d&#8217;onore alle nozze del padre <a href=\"https:\/\/www.vanityfair.it\/article\/harriet-sperling-fidanzata-peter-phillips-sandringham-matrimonio\" rel=\"nofollow noopener\" target=\"_blank\">Peter Phillips con la fidanzata Harriet Sperling<\/a>, e secondo l&#8217;osservatore reale Richard Fitzwilliams \u00e8 possibile che nel 2026 vedremo le due sorelle in pubblico pi\u00f9 spesso del solito. Perch\u00e9 rappresentano per la Corona &#8211; insieme ai loro cugini Mia, Lena e Lucas, figli di Zara e Mike Tindall &#8211; una \u00ab<strong>boccata d&#8217;aria fresca<\/strong> quanto mai necessaria\u00bb: guidano infatti l&#8217;<strong>unica generazione della famiglia reale rimasta indenne dal caso Epstein<\/strong> che ha travolto Andrew Mountbatten-Windsor. <a href=\"https:\/\/www.vanityfair.it\/article\/insulti-re-carlo-william-kate-middleton-commonwealth-day-contestazione-contro-monarchia-britannica-piu-grave-sempre\" rel=\"nofollow noopener\" target=\"_blank\">Gli insulti a re Carlo, William e Kate Middleton<\/a> durante il Commonwealth Day &#8211; \u00abla contestazione contro la monarchia britannica pi\u00f9 grave di sempre\u00bb &#8211; ha dato una prova tangibile dell&#8217;attuale crisi della Corona e del sospetto che aleggia intorno ai membri senior della famiglia reale.<\/p>\n<p>Anche le figlie dell&#8217;ex principe Andrea, <a href=\"https:\/\/www.vanityfair.it\/article\/beatrice-di-york-guai-papa-andrea-separata-marito-edoardo-mapelli-mozzi\" rel=\"nofollow noopener\" target=\"_blank\">Beatrice ed Eugenie di York<\/a>, non sono uscite indenni dalle vicende del padre. Le due principesse hanno s\u00ec mantenuto i titoli reali ma secondo i tabloid sono state messe dalla Corona in una sorta di quarantena proprio per non alimentare le proteste innescate dallo scandalo Epstein. La generazione successiva a quella di Beatrice e Eugenie, ragiona Richard Fitzwilliams, non potr\u00e0 invece essere macchiata dalle malefatte di Andrea: \u00abLa generazione di Isla e Savannah dovrebbe essere libera dagli scandali che stanno mettendo in crisi l&#8217;istituzione millenaria della monarchia\u00bb. Isla e Savannah, come i loro cugini Tindall, \u00abrappresenteranno una <strong>ventata di aria fresca<\/strong>, poich\u00e9 la famiglia reale si evolve con i tempi e ogni generazione ha qualcosa di nuovo da offrire in un ambiente in continua evoluzione\u00bb. Vicina a King Charles ma non gravata dai doveri reali, fresca e discreta, ma soprattutto lontanissima dai guai di Andrew, Isla, proprio come i suoi royal coetanei, sembra rappresentare insomma \u00abl&#8217;arma segreta\u00bb capace di risollevare le sorti della scricchiolante Corona.<\/p>\n","protected":false},"excerpt":{"rendered":"Isla Phillips, nata il 29 marzo 2012, figlia degli ex coniugi Peter Phillips e Autumn Kelly nonch\u00e9 nipote&hellip;\n","protected":false},"author":3,"featured_media":628810,"comment_status":"","ping_status":"","sticky":false,"template":"","format":"standard","meta":{"footnotes":"","_share_on_mastodon":"0"},"categories":[1451],"tags":[1621,1620,203,204,1537,90,89,3105,6123,6124],"class_list":["post-628809","post","type-post","status-publish","format-standard","has-post-thumbnail","category-celebrita","tag-celebrita","tag-celebrities","tag-entertainment","tag-intrattenimento","tag-it","tag-italia","tag-italy","tag-royals","tag-textabovecenterfullbleed","tag-web"],"share_on_mastodon":{"url":"https:\/\/pubeurope.com\/@it\/117081578807740765","error":""},"_links":{"self":[{"href":"https:\/\/www.europesays.com\/it\/wp-json\/wp\/v2\/posts\/628809","targetHints":{"allow":["GET"]}}],"collection":[{"href":"https:\/\/www.europesays.com\/it\/wp-json\/wp\/v2\/posts"}],"about":[{"href":"https:\/\/www.europesays.com\/it\/wp-json\/wp\/v2\/types\/post"}],"author":[{"embeddable":true,"href":"https:\/\/www.europesays.com\/it\/wp-json\/wp\/v2\/users\/3"}],"replies":[{"embeddable":true,"href":"https:\/\/www.europesays.com\/it\/wp-json\/wp\/v2\/comments?post=628809"}],"version-history":[{"count":0,"href":"https:\/\/www.europesays.com\/it\/wp-json\/wp\/v2\/posts\/628809\/revisions"}],"wp:featuredmedia":[{"embeddable":true,"href":"https:\/\/www.europesays.com\/it\/wp-json\/wp\/v2\/media\/628810"}],"wp:attachment":[{"href":"https:\/\/www.europesays.com\/it\/wp-json\/wp\/v2\/media?parent=628809"}],"wp:term":[{"taxonomy":"category","embeddable":true,"href":"https:\/\/www.europesays.com\/it\/wp-json\/wp\/v2\/categories?post=628809"},{"taxonomy":"post_tag","embeddable":true,"href":"https:\/\/www.europesays.com\/it\/wp-json\/wp\/v2\/tags?post=628809"}],"curies":[{"name":"wp","href":"https:\/\/api.w.org\/{rel}","templated":true}]}}