{"id":629006,"date":"2026-08-12T11:06:27","date_gmt":"2026-08-12T11:06:27","guid":{"rendered":"https:\/\/www.europesays.com\/it\/629006\/"},"modified":"2026-08-12T11:06:27","modified_gmt":"2026-08-12T11:06:27","slug":"inaugurata-il-primo-agosto-la-wunderkammer-di-roberto-togni","status":"publish","type":"post","link":"https:\/\/www.europesays.com\/it\/629006\/","title":{"rendered":"Inaugurata il primo agosto &#8220;La Wunderkammer&#8221; di Roberto Togni"},"content":{"rendered":"<p>Inaugurata il 1\u00b0 agosto La Wunderkammer di Roberto Togni, una mostra a 10 anni dalla scomparsa. Presenti, la moglie Franca, i figli Francesco e Federico, i nipoti. Emanuela Gasperi direttrice del Museo e amica, insieme a Michele De Lorenzi. \u201cTogni torna nel Museo, oggi centro culturale, da lui fondato nel 1962; con senso etico della storia e dell\u2019arte, ha salvato un patrimonio. Il catalogo \u00e8 ancora il suo. A lui grande merito e riconoscenza. Fu fondatore dell\u2019associazione Amici di Bormio e dell\u2019Alta Valle e promotore della Biblioteca nel 1969. Il ricordo di lui, l\u2019ironia e la delicata capacit\u00e0 di prendere la vita con leggerezza, sono evidenti nella Stanza delle Meraviglie, raccolta certosina di oggetti di diversa natura e origine presenti in casa a Trento (all\u2019universit\u00e0 insegnava museologia e museografia) e dove organizzava incontri con ospiti illustri, riunioni con studenti; oggetti d\u2019artigianato ma anche d\u2019arte e design illustre, ricordi familiari e di viaggio\u201d.<\/p>\n<p>Schena<\/p>\n<p>Lo storico Leo Schena. \u201cSemplice o raffinato, il confine non esiste; Togni si meraviglia, colleziona, conserva e preserva, in contrasto al consumo: la finalit\u00e0 \u00e8 precisa, e propedeutica della scoperta di ci\u00f2 che \u00e8 importante nella vita\u201d. Francesco ha evidenziato fotogrammi di vita fondamentali. La casa di Bormio, dove il padre nacque, museo e radice di una attitudine successiva; quella di Milano, museo dove si viveva; la difesa del territorio, le deviazioni durante i viaggi che lo portavano a scoprire luoghi e persone con cui creava una rete. Mostra visitabile fino al 30 ottobre.<\/p>\n","protected":false},"excerpt":{"rendered":"Inaugurata il 1\u00b0 agosto La Wunderkammer di Roberto Togni, una mostra a 10 anni dalla scomparsa. Presenti, la&hellip;\n","protected":false},"author":3,"featured_media":629007,"comment_status":"","ping_status":"","sticky":false,"template":"","format":"standard","meta":{"footnotes":"","_share_on_mastodon":"0"},"categories":[1446],"tags":[1615,1613,1614,1611,1610,14777,1612,203,204,1537,90,89],"class_list":["post-629006","post","type-post","status-publish","format-standard","has-post-thumbnail","category-arte-e-design","tag-arte","tag-arte-e-design","tag-arteedesign","tag-arts","tag-arts-and-design","tag-bormio","tag-design","tag-entertainment","tag-intrattenimento","tag-it","tag-italia","tag-italy"],"share_on_mastodon":{"url":"https:\/\/pubeurope.com\/@it\/117082219151452156","error":""},"_links":{"self":[{"href":"https:\/\/www.europesays.com\/it\/wp-json\/wp\/v2\/posts\/629006","targetHints":{"allow":["GET"]}}],"collection":[{"href":"https:\/\/www.europesays.com\/it\/wp-json\/wp\/v2\/posts"}],"about":[{"href":"https:\/\/www.europesays.com\/it\/wp-json\/wp\/v2\/types\/post"}],"author":[{"embeddable":true,"href":"https:\/\/www.europesays.com\/it\/wp-json\/wp\/v2\/users\/3"}],"replies":[{"embeddable":true,"href":"https:\/\/www.europesays.com\/it\/wp-json\/wp\/v2\/comments?post=629006"}],"version-history":[{"count":0,"href":"https:\/\/www.europesays.com\/it\/wp-json\/wp\/v2\/posts\/629006\/revisions"}],"wp:featuredmedia":[{"embeddable":true,"href":"https:\/\/www.europesays.com\/it\/wp-json\/wp\/v2\/media\/629007"}],"wp:attachment":[{"href":"https:\/\/www.europesays.com\/it\/wp-json\/wp\/v2\/media?parent=629006"}],"wp:term":[{"taxonomy":"category","embeddable":true,"href":"https:\/\/www.europesays.com\/it\/wp-json\/wp\/v2\/categories?post=629006"},{"taxonomy":"post_tag","embeddable":true,"href":"https:\/\/www.europesays.com\/it\/wp-json\/wp\/v2\/tags?post=629006"}],"curies":[{"name":"wp","href":"https:\/\/api.w.org\/{rel}","templated":true}]}}