{"id":629137,"date":"2026-08-12T13:31:19","date_gmt":"2026-08-12T13:31:19","guid":{"rendered":"https:\/\/www.europesays.com\/it\/629137\/"},"modified":"2026-08-12T13:31:19","modified_gmt":"2026-08-12T13:31:19","slug":"sal-da-vinci-la-possibile-scaletta-del-concerto-a-ciro-marina","status":"publish","type":"post","link":"https:\/\/www.europesays.com\/it\/629137\/","title":{"rendered":"Sal Da Vinci, la possibile scaletta del concerto a Cir\u00f2 Marina"},"content":{"rendered":"<p>Il 12 agosto <strong>Sal<\/strong> <strong>Da<\/strong> <strong>Vinci<\/strong> proseguir\u00e0 il tour con lo spettacolo in scena a <strong>Cir\u00f2<\/strong> <strong>Marina<\/strong> per l\u2019appuntamento inserito nel cartellone del Krimisound Festival. Ecco tutto quello che c\u2019\u00e8 da sapere sull\u2019atteso spettacolo: dall\u2019orario di inizio alle canzoni che potrebbero essere proposte.<\/p>\n<p>\t\t \tsal da vinci, la possibile scaletta<\/p>\n<p>\u00a0<\/p>\n<p>Nuovo appuntamento live con la musica di <a data-intcmp=\"skytg24_foglia articolo_interlink_text\" href=\"https:\/\/tg24.sky.it\/spettacolo\/musica\/2026\/07\/13\/sal-da-vinci-per-sempre-si-antigoni\" rel=\"nofollow noopener\" target=\"_blank\">Sal Da Vinci<\/a>. <strong>Mercoled\u00ec<\/strong> <strong>12<\/strong> <strong>agosto<\/strong> il cantautore salir\u00e0 sul palco dell\u2019<strong>Arena Saracena<\/strong> di Cir\u00f2 Marina. Stando a quanto comunicato dal sito di <a data-intcmp-qp=\"skytg24_foglia articolo_interlink_text\" href=\"https:\/\/www.ticketone.it\/event\/sal-da-vinci-live-2026-arena-saracena-21438043\" rel=\"nofollow noopener\" target=\"_blank\">Ticketone<\/a>, lo show avr\u00e0 inizio alle<strong> ore 21.30<\/strong>. Al momento l&#8217;artista (<strong><a data-intcmp=\"skytg24_foglia articolo_interlink_text\" href=\"https:\/\/tg24.sky.it\/spettacolo\/musica\/2026\/05\/14\/eurovision-2026-finalisti\" rel=\"nofollow noopener\" target=\"_blank\">FOTO<\/a><\/strong>) non ha rilasciato dichiarazioni ufficiali sulla possibile scaletta della serata. Secondo quanto rilanciato da <a data-intcmp-qp=\"skytg24_foglia articolo_interlink_text\" href=\"https:\/\/www.setlist.fm\/setlist\/sal-da-vinci\/2026\/piazza-santalfonso-francavilla-al-mare-italy-1b748990.html\" rel=\"nofollow noopener\" target=\"_blank\">Setlist<\/a>, questi i brani eseguiti sabato 1\u00b0 agosto al concerto a Francavilla al Mare:<\/p>\n<ul>\n<li>Non riesco a farti innamorare<\/li>\n<li>Fuga d\u2019amore<\/li>\n<li>Poesia<\/li>\n<li>Una lettera e un mazzo di rose<\/li>\n<li>D\u2019istinto e di cuore<\/li>\n<li>Amore<\/li>\n<li>L\u2019amore e tu<\/li>\n<li>Orologio senza tempo<\/li>\n<li>Non \u00e8 vero che sto bene<\/li>\n<li>Pessimi pensieri<\/li>\n<li>Da lontano<\/li>\n<li>Nan\u00e0<\/li>\n<li>Napule \u00e8<\/li>\n<li>Il cielo blu di Napoli<\/li>\n<li>Il mercante di stelle<\/li>\n<li>Voce \u2018e notte<\/li>\n<li>E spingule francese<\/li>\n<li>Io mammete e tu<\/li>\n<li>Come facette mammeta?<\/li>\n<li>Voglio ancora amarti<\/li>\n<li>Cercami<\/li>\n<li>Strada facendo<\/li>\n<li>Gloria<\/li>\n<li>Rossetto e caff\u00e8<\/li>\n<li>Per Sempre S\u00ec<\/li>\n<\/ul>\n<p>\t\t\t<a class=\"c-inline-card j-inline-card c-inline-card--with-image\" href=\"https:\/\/tg24.sky.it\/spettacolo\/musica\/2026\/07\/13\/sal-da-vinci-per-sempre-si-antigoni\" rel=\"follow nofollow noopener\" data-intcmp=\"skytg24_articolo_approfondimenti_inline\" target=\"_blank\"><\/p>\n<p>\t\t\t         <img decoding=\"async\" crossorigin=\"anonymous\" alt=\"\"  loading=\"lazy\"  src=\"https:\/\/www.europesays.com\/it\/wp-content\/uploads\/2026\/08\/80-sal-da-vinci-kikapress.jpg\"\/><\/p>\n<p>\n\t\t\t         Approfondimento<br \/>\n\t\t\t         Sal Da Vinci, \u00e8 uscita la versione greca di Per Sempre S\u00ec con Antigoni\n\t\t\t      <\/p>\n<p>\t\t\t<\/a><\/p>\n<p>Dopo il concerto a Cir\u00f2 Marina, gioved\u00ec 13 agosto Sal Da Vinci porter\u00e0 la sua musica a San Nicola Arcella. In seguito, l\u2019artista proseguir\u00e0 il tour esibendosi in numerose citt\u00e0: da Sabaudia a Milano passando per Forte dei Marmi e Roma. Questo il calendario completo:<\/p>\n<ul>\n<li>Gioved\u00ec 13 agosto 2026 | San Nicola Arcella (Cs), Arcella Open Air\u00a0<\/li>\n<li>Sabato 15 agosto 2026 | Lucera (FG), Lucera Music Lights Festival (gratuito)\u00a0<\/li>\n<li>Domenica 16 agosto 2026 | Tottea (TE), XX edizione Notte Azzurra (gratuito)\u00a0<\/li>\n<li>Marted\u00ec 18 agosto 2026 | Sabaudia (LT), Arena del Mare BCC Roma<\/li>\n<li>Gioved\u00ec 20 agosto 2026 | Forte dei Marmi (LU), Villa Bertelli<\/li>\n<li>Marted\u00ec 25 agosto 2026 | Maiori (SA), Porto Turistico<\/li>\n<li>Venerd\u00ec 28 agosto 2026 | Torrenova (ME), Amun\u00ec Festival (gratuito)\u00a0<\/li>\n<li>Marted\u00ec 1 settembre 2026 | Trasacco (AQ), Piazza Matteotti (gratuito)\u00a0<\/li>\n<li>Gioved\u00ec 3 settembre 2026 | Roma, Roma Summer Fest<\/li>\n<li>Domenica 6 settembre 2026 | Milano, Castello Sforzesco<\/li>\n<li>Venerd\u00ec 18 settembre 2026 | San Vito Lo Capo (TP), Cous Cous Festival<\/li>\n<li>Venerd\u00ec 25 settembre 2026 | Napoli, Arena Flegrea\u00a0<\/li>\n<li>Sabato 26 settembre 2026 | Napoli, Arena Flegrea\u00a0<\/li>\n<li>Domenica 27 settembre 2026 | Napoli, Arena Flegrea\u00a0<\/li>\n<\/ul>\n<p>\u00a0<\/p>\n<p>\u00a0<\/p>\n<p>Inoltre, a ottobre Sal Da Vinci alzer\u00e0 il sipario sulla tourn\u00e9e nei teatri con lo spettacolo in scena al Teatro Nuovo Dogana di San Marino. Chiusura prevista sabato 7 novembre al Teatro Gesualdo di Avelino. Ecco tutti i dettagli degli appuntamenti in programma:<\/p>\n<ul>\n<li>Mercoled\u00ec 7 ottobre 2026 | San Marino, Teatro Nuova Dogana\u00a0<\/li>\n<li>Gioved\u00ec 8 ottobre 2026 | Ancona, Teatro delle Muse<\/li>\n<li>Venerd\u00ec 9 ottobre 2026 | Roma, Auditorium Conciliazione\u00a0<\/li>\n<li>Luned\u00ec 12 ottobre 2026 | Brescia, Teatro Clerici<\/li>\n<li>Marted\u00ec 13 ottobre 2026 | Torino, Teatro Colosseo<\/li>\n<li>Mercoled\u00ec 14 ottobre 2026 | Torino, Teatro Colosseo<\/li>\n<li>Venerd\u00ec 16 ottobre 2026 | Padova, Gran Teatro Geox<\/li>\n<li>Domenica 18 ottobre 2026 | Bologna, Europauditorium<\/li>\n<li>Marted\u00ec 20 ottobre 2026 | Milano, Teatro Arcimboldi<\/li>\n<li>Venerd\u00ec 23 ottobre 2026 | Bitritto (BA), Palatour\u00a0<\/li>\n<li>Gioved\u00ec 29 ottobre 2026 | Avellino, Teatro Gesualdo\u00a0<\/li>\n<li>Marted\u00ec 3 novembre 2026 | Firenze, Teatro Verdi<\/li>\n<li>Gioved\u00ec 5 novembre 2026 | Catania, Teatro Metropolitan\u00a0<\/li>\n<li>Sabato 7 novembre 2026 | Avellino, Teatro Gesualdo\u00a0<\/li>\n<\/ul>\n<p>\t\t\t<a class=\"c-inline-card j-inline-card c-inline-card--with-image\" href=\"https:\/\/tg24.sky.it\/spettacolo\/musica\/2026\/07\/10\/tormentoni-estate-2026\" rel=\"follow nofollow noopener\" data-intcmp=\"skytg24_articolo_approfondimenti_inline\" target=\"_blank\"><\/p>\n<p>\t\t\t         <img decoding=\"async\" crossorigin=\"anonymous\" alt=\"\"  loading=\"lazy\"  src=\"https:\/\/www.europesays.com\/it\/wp-content\/uploads\/2026\/07\/1783943957_932_tormentoni-estivi-2026-ipa.jpg\"\/><\/p>\n<p>\n\t\t\t         Approfondimento<br \/>\n\t\t\t         I tormentoni dell&#8217;estate (fino al momento), da Irama a Zara Larsson\n\t\t\t      <\/p>\n<p>\t\t\t<\/a><\/p>\n","protected":false},"excerpt":{"rendered":"Il 12 agosto Sal Da Vinci proseguir\u00e0 il tour con lo spettacolo in scena a Cir\u00f2 Marina per&hellip;\n","protected":false},"author":3,"featured_media":629138,"comment_status":"","ping_status":"","sticky":false,"template":"","format":"standard","meta":{"footnotes":"","_share_on_mastodon":"0"},"categories":[1443],"tags":[2943,203,204,1537,90,89,1538,1539,60568],"class_list":["post-629137","post","type-post","status-publish","format-standard","has-post-thumbnail","category-musica","tag-concerti","tag-entertainment","tag-intrattenimento","tag-it","tag-italia","tag-italy","tag-music","tag-musica","tag-sal-da-vinci"],"share_on_mastodon":{"url":"https:\/\/pubeurope.com\/@it\/117082790290450158","error":""},"_links":{"self":[{"href":"https:\/\/www.europesays.com\/it\/wp-json\/wp\/v2\/posts\/629137","targetHints":{"allow":["GET"]}}],"collection":[{"href":"https:\/\/www.europesays.com\/it\/wp-json\/wp\/v2\/posts"}],"about":[{"href":"https:\/\/www.europesays.com\/it\/wp-json\/wp\/v2\/types\/post"}],"author":[{"embeddable":true,"href":"https:\/\/www.europesays.com\/it\/wp-json\/wp\/v2\/users\/3"}],"replies":[{"embeddable":true,"href":"https:\/\/www.europesays.com\/it\/wp-json\/wp\/v2\/comments?post=629137"}],"version-history":[{"count":0,"href":"https:\/\/www.europesays.com\/it\/wp-json\/wp\/v2\/posts\/629137\/revisions"}],"wp:featuredmedia":[{"embeddable":true,"href":"https:\/\/www.europesays.com\/it\/wp-json\/wp\/v2\/media\/629138"}],"wp:attachment":[{"href":"https:\/\/www.europesays.com\/it\/wp-json\/wp\/v2\/media?parent=629137"}],"wp:term":[{"taxonomy":"category","embeddable":true,"href":"https:\/\/www.europesays.com\/it\/wp-json\/wp\/v2\/categories?post=629137"},{"taxonomy":"post_tag","embeddable":true,"href":"https:\/\/www.europesays.com\/it\/wp-json\/wp\/v2\/tags?post=629137"}],"curies":[{"name":"wp","href":"https:\/\/api.w.org\/{rel}","templated":true}]}}