{"id":629144,"date":"2026-08-12T13:35:15","date_gmt":"2026-08-12T13:35:15","guid":{"rendered":"https:\/\/www.europesays.com\/it\/629144\/"},"modified":"2026-08-12T13:35:15","modified_gmt":"2026-08-12T13:35:15","slug":"la-promessa-anticipazioni-12-e-13-agosto-angela-accetta-di-sposare-lorenzo-curro-distrutto-le-nozze-di-enora-e-tono-a-rischio","status":"publish","type":"post","link":"https:\/\/www.europesays.com\/it\/629144\/","title":{"rendered":"La Promessa, anticipazioni 12 e 13 agosto: Angela accetta di sposare Lorenzo, Curro distrutto. Le nozze di Enora e To\u00f1o a rischio"},"content":{"rendered":"<p>Un matrimonio imposto rischia di separare definitivamente <strong>Angela e Curro<\/strong>, mentre un&#8217;altra coppia scopre che coronare il proprio sogno d&#8217;amore potrebbe essere pi\u00f9 difficile del previsto. Nelle puntate de <strong><a href=\"https:\/\/www.ilmessaggero.it\/t\/la-promessa\" rel=\"nofollow noopener\" target=\"_blank\">La Promessa<\/a><\/strong> in onda mercoled\u00ec 12 e gioved\u00ec 13 agosto su <a href=\"https:\/\/www.ilmessaggero.it\/t\/rete-4\" rel=\"nofollow noopener\" target=\"_blank\">Rete 4<\/a>, Lorenzo chieder\u00e0 ufficialmente la mano di Angela davanti all&#8217;intera famiglia e la ragazza, messa alle strette, finir\u00e0 per accettare. Curro sar\u00e0 distrutto. Intanto <strong>Enora e To\u00f1o<\/strong> cominceranno a progettare le proprie nozze, ma una vecchia regola della tenuta rischier\u00e0 di mandare tutto all&#8217;aria.<\/p>\n","protected":false},"excerpt":{"rendered":"Un matrimonio imposto rischia di separare definitivamente Angela e Curro, mentre un&#8217;altra coppia scopre che coronare il proprio&hellip;\n","protected":false},"author":3,"featured_media":629145,"comment_status":"","ping_status":"","sticky":false,"template":"","format":"standard","meta":{"footnotes":"","_share_on_mastodon":"0"},"categories":[174],"tags":[1518,294787,199345,179238,89886,92063,203,204,1537,90,89,116504,236215,9060,11099,44206,146995],"class_list":["post-629144","post","type-post","status-publish","format-standard","has-post-thumbnail","category-intrattenimento","tag-anticipazioni","tag-anticipazioni-domani","tag-anticipazioni-la-promessa","tag-anticipazioni-oggi","tag-anticipazioni-tv","tag-domani-in-tv","tag-entertainment","tag-intrattenimento","tag-it","tag-italia","tag-italy","tag-la-promessa","tag-la-promessa-anticipazioni","tag-mediaset","tag-oggi-in-tv","tag-rete-4","tag-rete4"],"share_on_mastodon":{"url":"https:\/\/pubeurope.com\/@it\/117082805741030272","error":""},"_links":{"self":[{"href":"https:\/\/www.europesays.com\/it\/wp-json\/wp\/v2\/posts\/629144","targetHints":{"allow":["GET"]}}],"collection":[{"href":"https:\/\/www.europesays.com\/it\/wp-json\/wp\/v2\/posts"}],"about":[{"href":"https:\/\/www.europesays.com\/it\/wp-json\/wp\/v2\/types\/post"}],"author":[{"embeddable":true,"href":"https:\/\/www.europesays.com\/it\/wp-json\/wp\/v2\/users\/3"}],"replies":[{"embeddable":true,"href":"https:\/\/www.europesays.com\/it\/wp-json\/wp\/v2\/comments?post=629144"}],"version-history":[{"count":0,"href":"https:\/\/www.europesays.com\/it\/wp-json\/wp\/v2\/posts\/629144\/revisions"}],"wp:featuredmedia":[{"embeddable":true,"href":"https:\/\/www.europesays.com\/it\/wp-json\/wp\/v2\/media\/629145"}],"wp:attachment":[{"href":"https:\/\/www.europesays.com\/it\/wp-json\/wp\/v2\/media?parent=629144"}],"wp:term":[{"taxonomy":"category","embeddable":true,"href":"https:\/\/www.europesays.com\/it\/wp-json\/wp\/v2\/categories?post=629144"},{"taxonomy":"post_tag","embeddable":true,"href":"https:\/\/www.europesays.com\/it\/wp-json\/wp\/v2\/tags?post=629144"}],"curies":[{"name":"wp","href":"https:\/\/api.w.org\/{rel}","templated":true}]}}