{"id":629156,"date":"2026-08-12T13:48:16","date_gmt":"2026-08-12T13:48:16","guid":{"rendered":"https:\/\/www.europesays.com\/it\/629156\/"},"modified":"2026-08-12T13:48:16","modified_gmt":"2026-08-12T13:48:16","slug":"roger-federer-non-e-piu-miliardario-dopo-il-crollo-delle-azioni-del-brand-di-sneaker-on-holding","status":"publish","type":"post","link":"https:\/\/www.europesays.com\/it\/629156\/","title":{"rendered":"Roger Federer non \u00e8 pi\u00f9 miliardario dopo il crollo delle azioni del brand di sneaker On Holding"},"content":{"rendered":"<p data-path-to-node=\"2\">La leggenda del tennis <strong>Roger Federer<\/strong> non \u00e8 pi\u00f9 miliardario, secondo le stime di Forbes, dopo che marted\u00ec mattina il prezzo delle azioni di<strong> On Holding<\/strong>, la societ\u00e0 di abbigliamento sportivo in cui detiene una quota azionaria, \u00e8 crollato in seguito alla pubblicazione dei dati sulle vendite del secondo trimestre, risultati inferiori alle attese.<\/p>\n<p data-path-to-node=\"2\"><strong>LEGGI ANCHE:<\/strong><a href=\"https:\/\/forbes.it\/2025\/08\/22\/roger-federer-e-diventato-miliardario\" target=\"_blank\" rel=\"noopener nofollow\"> \u201cRoger Federer \u00e8 diventato miliardario\u201d<\/a><\/p>\n<p>Fatti chiave<\/p>\n<ul>\n<li>Il patrimonio netto di Federer \u00e8 sceso a 952,4 milioni di dollari alle 12:30 di marted\u00ec, con una perdita di almeno 52 milioni di dollari a causa del calo di circa il 19% registrato dalle azioni di On Holding alla stessa ora.<\/li>\n<li>Marted\u00ec la societ\u00e0 svizzera di abbigliamento sportivo ha registrato un fatturato netto di 850,4 milioni di franchi (circa 1,04 miliardi di dollari) per il secondo trimestre, secondo quanto riportato dal Wall Street Journal \u2013 con una crescita del 13%, ma al di sotto delle aspettative degli analisti, pari a 878,4 milioni di franchi (circa 1,08 miliardi di dollari).<\/li>\n<li>Federer possiede una quota di circa il 2,5% nella societ\u00e0 svizzera di scarpe sportive, secondo le stime di Forbes, con circa 296 milioni di azioni di classe A e 341 milioni di azioni di classe B, quota che lo scorso anno aveva spinto per la prima volta la sua ricchezza a raggiungere la soglia del miliardo.<\/li>\n<\/ul>\n<p><b data-path-to-node=\"5\" data-index-in-node=\"0\">Di contro<\/b><\/p>\n<p data-path-to-node=\"5\">Nonostante la reazione dei mercati, On ha comunque registrato un solido utile netto di 105 milioni di franchi (129,4 milioni di dollari) \u2013 un netto miglioramento rispetto alla perdita di 40,9 milioni di franchi (50,4 milioni di dollari) dello stesso periodo dello scorso anno. Il margine di profitto lordo ha inoltre raggiunto il 65,4%, superando il margine del 61,5% dello scorso anno e spingendo l\u2019azienda ad alzare le stime per questo indicatore al 65% per l\u2019intero anno.<\/p>\n<p><b data-path-to-node=\"6\" data-index-in-node=\"0\">Contesto<\/b><\/p>\n<p data-path-to-node=\"6\">Federer resta comunque molto vicino allo status di miliardario. La leggenda del tennis si \u00e8 ritirata nel 2022 dopo aver guadagnato circa 131 milioni di dollari in premi in denaro nel corso dei suoi 24 anni di carriera, che includono 20 titoli del Grande Slam. Tuttavia, i suoi contratti di sponsorizzazione ancora attivi con aziende come Uniqlo e la sua quota di minoranza in On Holding hanno accresciuto ulteriormente la sua fortuna, facendolo entrare tra i miliardari nel 2025. Federer \u00e8 entrato in On come coproprietario nel 2019 e l\u2019azienda descrive il campione di tennis come un \u201cpartner stretto dei nostri fondatori\u201d.<\/p>\n","protected":false},"excerpt":{"rendered":"La leggenda del tennis Roger Federer non \u00e8 pi\u00f9 miliardario, secondo le stime di Forbes, dopo che marted\u00ec&hellip;\n","protected":false},"author":3,"featured_media":629157,"comment_status":"","ping_status":"","sticky":false,"template":"","format":"standard","meta":{"footnotes":"","_share_on_mastodon":"0"},"categories":[1457],"tags":[1537,90,89,15709,347277,15585,245,244,1273],"class_list":["post-629156","post","type-post","status-publish","format-standard","has-post-thumbnail","category-tennis","tag-it","tag-italia","tag-italy","tag-miliardari","tag-on-holding","tag-roger-federer","tag-sport","tag-sports","tag-tennis"],"share_on_mastodon":{"url":"","error":""},"_links":{"self":[{"href":"https:\/\/www.europesays.com\/it\/wp-json\/wp\/v2\/posts\/629156","targetHints":{"allow":["GET"]}}],"collection":[{"href":"https:\/\/www.europesays.com\/it\/wp-json\/wp\/v2\/posts"}],"about":[{"href":"https:\/\/www.europesays.com\/it\/wp-json\/wp\/v2\/types\/post"}],"author":[{"embeddable":true,"href":"https:\/\/www.europesays.com\/it\/wp-json\/wp\/v2\/users\/3"}],"replies":[{"embeddable":true,"href":"https:\/\/www.europesays.com\/it\/wp-json\/wp\/v2\/comments?post=629156"}],"version-history":[{"count":0,"href":"https:\/\/www.europesays.com\/it\/wp-json\/wp\/v2\/posts\/629156\/revisions"}],"wp:featuredmedia":[{"embeddable":true,"href":"https:\/\/www.europesays.com\/it\/wp-json\/wp\/v2\/media\/629157"}],"wp:attachment":[{"href":"https:\/\/www.europesays.com\/it\/wp-json\/wp\/v2\/media?parent=629156"}],"wp:term":[{"taxonomy":"category","embeddable":true,"href":"https:\/\/www.europesays.com\/it\/wp-json\/wp\/v2\/categories?post=629156"},{"taxonomy":"post_tag","embeddable":true,"href":"https:\/\/www.europesays.com\/it\/wp-json\/wp\/v2\/tags?post=629156"}],"curies":[{"name":"wp","href":"https:\/\/api.w.org\/{rel}","templated":true}]}}