{"id":629490,"date":"2026-08-12T18:22:17","date_gmt":"2026-08-12T18:22:17","guid":{"rendered":"https:\/\/www.europesays.com\/it\/629490\/"},"modified":"2026-08-12T18:22:17","modified_gmt":"2026-08-12T18:22:17","slug":"la-coppa-davis-torna-a-rimini-il-prestigioso-trofeo-in-esposizione-per-cinque-giorni","status":"publish","type":"post","link":"https:\/\/www.europesays.com\/it\/629490\/","title":{"rendered":"La Coppa Davis torna a Rimini, il prestigioso trofeo in esposizione per cinque giorni"},"content":{"rendered":"<p>Il trofeo pi\u00f9 iconico del tennis mondiale torna a risplendere a Rimini, permettendo a tutti gli appassionati di rivivere il sogno e alimentare la passione collettiva per un trionfo italiano che non cessa di emozionare. Quattro giorni a Rimini per il comeback della Coppa Davis nell&#8217;ambito de &#8220;Il Tour delle emozioni, un trofeo per tutta Italia&#8221;, programma del Trophy tour, voluto dalla Federazione Italiana Tennis e Padel in collaborazione con APT, amministrazione comunale di Rimini e il Comitato Regionale Emilia-Romagna della FITP per consentire agli amanti del tennis di vedere da vicino e fotografare il magnifico trofeo conquistato dagli azzurri quattro volte, tre delle quali consecutive dal 2023 al 2025.<\/p>\n<p>Il luogo in cui si potr\u00e0 vedere la preziosa &#8216;insalatiera d&#8217;argento&#8217; riconquistata nel novembre scorso dal team azzurro sul campo della Super Arena tennis di Bologna \u00e8 \u2018I Palazzi dell\u2019Arte\u2019 in piazza Cavour, a partire da questo pomeriggio e sino alla mattinata di domenica 16 agosto. Nel dettaglio gli orari di visita saranno i seguenti: Mercoled\u00ec 12 agosto dalle 16 alle 19 e dalle 21 alle 23; da Gioved\u00ec 13 a Sabato 15 (Ferragosto) gli orari saranno 10-13 e 16-19; domenica 16 agosto dalle ore 10 alle ore 13<\/p>\n<p>Il commento dell&#8217;assessore regionale al Turismo e allo Sport, Roberta Frisoni: \u201cLa Riviera con Rimini espone la Coppa Davis: una bella opportunit\u00e0\u2019 per gli ospiti in vacanza in questi giorni sulla costa romagnola che potranno vedere il trofeo e magari ripensare anche alla straordinaria impresa dell\u2019Italia che lo scorso anno si \u00e8 aggiudicata la Coppa a Bologna. Da cinque anni , grazie alla collaborazione con la Federazione Internazionale Tennis, ospitiamo proprio nel capoluogo questo importantissimo evento. In un momento in cui il tennis italiano \u00e8 sul tetto del mondo siamo orgogliosi di avere questo evento al centro del calendario dei grandi eventi sportivi della nostra regione&#8221;.<\/p>\n<p>\u201cIn un&#8217;altra stagione sportiva ricca di soddisfazione per il tennis italiano, \u00e8 con ancora pi\u00f9 fierezza che annunciamo il ritorno del luccicante trofeo nella citt\u00e0 di Rimini- \u00e8 la dichiarazione dell&#8217;amministrazione comunale-. In concomitanza con il ferragosto, \u00e8 un appuntamento di assoluto fascino che si aggiunge al ricchissimo calendario di eventi e di &#8216;cose da fare&#8217; in quello che \u00e8 il week end clou dell&#8217;estate. E \u00e8 anche, se vogliamo, un premio per il crescente successo del tennis e del padel sul territorio comunale e provinciale di Rimini, arricchitosi negli ultimi anni di praticanti e impianti&#8221;.<\/p>\n","protected":false},"excerpt":{"rendered":"Il trofeo pi\u00f9 iconico del tennis mondiale torna a risplendere a Rimini, permettendo a tutti gli appassionati di&hellip;\n","protected":false},"author":3,"featured_media":629491,"comment_status":"","ping_status":"","sticky":false,"template":"","format":"standard","meta":{"footnotes":"","_share_on_mastodon":"0"},"categories":[1457],"tags":[24184,1537,90,89,245,244,1273],"class_list":["post-629490","post","type-post","status-publish","format-standard","has-post-thumbnail","category-tennis","tag-coppa-davis","tag-it","tag-italia","tag-italy","tag-sport","tag-sports","tag-tennis"],"share_on_mastodon":{"url":"https:\/\/pubeurope.com\/@it\/117083933873073776","error":""},"_links":{"self":[{"href":"https:\/\/www.europesays.com\/it\/wp-json\/wp\/v2\/posts\/629490","targetHints":{"allow":["GET"]}}],"collection":[{"href":"https:\/\/www.europesays.com\/it\/wp-json\/wp\/v2\/posts"}],"about":[{"href":"https:\/\/www.europesays.com\/it\/wp-json\/wp\/v2\/types\/post"}],"author":[{"embeddable":true,"href":"https:\/\/www.europesays.com\/it\/wp-json\/wp\/v2\/users\/3"}],"replies":[{"embeddable":true,"href":"https:\/\/www.europesays.com\/it\/wp-json\/wp\/v2\/comments?post=629490"}],"version-history":[{"count":0,"href":"https:\/\/www.europesays.com\/it\/wp-json\/wp\/v2\/posts\/629490\/revisions"}],"wp:featuredmedia":[{"embeddable":true,"href":"https:\/\/www.europesays.com\/it\/wp-json\/wp\/v2\/media\/629491"}],"wp:attachment":[{"href":"https:\/\/www.europesays.com\/it\/wp-json\/wp\/v2\/media?parent=629490"}],"wp:term":[{"taxonomy":"category","embeddable":true,"href":"https:\/\/www.europesays.com\/it\/wp-json\/wp\/v2\/categories?post=629490"},{"taxonomy":"post_tag","embeddable":true,"href":"https:\/\/www.europesays.com\/it\/wp-json\/wp\/v2\/tags?post=629490"}],"curies":[{"name":"wp","href":"https:\/\/api.w.org\/{rel}","templated":true}]}}