{"id":629516,"date":"2026-08-12T18:40:15","date_gmt":"2026-08-12T18:40:15","guid":{"rendered":"https:\/\/www.europesays.com\/it\/629516\/"},"modified":"2026-08-12T18:40:15","modified_gmt":"2026-08-12T18:40:15","slug":"in-onda-paolo-mieli-azzera-schlein-e-pd-questa-cosa-e-scandalosa","status":"publish","type":"post","link":"https:\/\/www.europesays.com\/it\/629516\/","title":{"rendered":"In Onda, Paolo Mieli azzera Schlein e Pd: &#8220;Questa cosa \u00e8 scandalosa&#8221;"},"content":{"rendered":"<p><strong>Paolo Mieli<\/strong> \u00e8 stato ospite a\u00a0<strong>In Onda<\/strong>, il programma di approfondimento politico di La7 condotto da Luca Telese e Marianna Aprile. L&#8217;editorialista del Corriere della Sera si \u00e8 soffermato sullo stato di salute del Partito democratico e su come sia incredibile che non abbiamo ancora elaborato un programma in vista delle prossime elezioni.\u00a0<\/p>\n<p>&#8220;Nel caso del Pd \u00e8 scandaloso che dopo il referendum<strong> abbiano preso questi tempi<\/strong>, soprattutto quello che stanno annunciando, che a settembre metteranno mano al programma &#8211; ha spiegato Paolo Mieli. A dicembre finisce il programma, a gennaio \u00e8 finito. Guarda, questo \u00e8 un vero scandalo. Siccome il programma ha un solo elemento chiaro. <strong>Russia s\u00ec, Russia no<\/strong>. Inutile che girate intorno, fate finte <strong>discussioni sullo patrimoniale<\/strong>. Cominciate dalla Russia, chiarite quello. Russia significa riarmo europeo, posizione con l&#8217;Europa. Quello ci vuole poco, perch\u00e9 stiamo discutendo&#8221;.<\/p>\n<p><a href=\"https:\/\/www.liberoquotidiano.it\/news\/politica\/48828278\/ranucci-arrestato-lavitola-fdi-umilia-schlein-con-questo-video-chiedi-scusa\/\" rel=\"nofollow noopener\" target=\"_blank\">Ranucci, arrestato Lavitola? FdI umilia Schlein con questo video: &#8220;Chiedi scusa&#8221;L&#8217;imprenditore ed ex giornalista-editore Valter Lavitola \u00e8 stato arrestato e portato in carcere perch\u00e9&#8230;<\/a><\/p>\n<p>&#8220;Dovrebbero discutere questo, trovare la posizione. Subito, la sera d&#8217;agosto. Anzi, adesso, prima di ferragosto. Ma \u00e8 una vergogna questa cosa che vadano avanti, <strong>facendosi ridere <\/strong>dal popolo delle feste dell&#8217;Unit\u00e0, oltre che da tutti voi. Io sono pi\u00f9 appassionato su questa vicenda. Perch\u00e9 tutta l&#8217;estate tutti a sghignazzare sul Pd e sulla cosa, appunto.<strong> La Schlein \u00e8 sparita<\/strong>, si \u00e8 fatta una lunga vacanza. <strong>Non \u00e8 all&#8217;altezza della partita<\/strong>&#8220;.<\/p>\n<p>\u00a0<\/p>\n<blockquote class=\"twitter-tweet\">\n<p dir=\"ltr\" lang=\"it\"><a href=\"https:\/\/x.com\/hashtag\/Mieli?src=hash&amp;ref_src=twsrc%5Etfw\" target=\"_blank\" rel=\"nofollow\">#Mieli<\/a>:<\/p>\n<p>Nel caso del <a href=\"https:\/\/x.com\/hashtag\/PD?src=hash&amp;ref_src=twsrc%5Etfw\" target=\"_blank\" rel=\"nofollow\">#PD<\/a> \u00e8 scandaloso che dopo il referendum abbiano preso questi tempi. A settembre mano al programma, poi le primarie gennaio-febbraio&#8230; un vero scandalo.<\/p>\n<p>Russia SI, Russia No?<\/p>\n<p><a href=\"https:\/\/x.com\/hashtag\/Schlein?src=hash&amp;ref_src=twsrc%5Etfw\" target=\"_blank\" rel=\"nofollow\">#Schlein<\/a>, la lunga vacanza. Non \u00e8 all&#8217;altezza della partita<a href=\"https:\/\/x.com\/hashtag\/InOnda?src=hash&amp;ref_src=twsrc%5Etfw\" target=\"_blank\" rel=\"nofollow\">#InOnda<\/a> <a href=\"https:\/\/x.com\/hashtag\/Conte?src=hash&amp;ref_src=twsrc%5Etfw\" target=\"_blank\" rel=\"nofollow\">#Conte<\/a> <a href=\"https:\/\/t.co\/L3u4Lx1n45\" target=\"_blank\" rel=\"nofollow\">pic.twitter.com\/L3u4Lx1n45<\/a><\/p>\n<p>\u2014 (@RiccardoDeias) <a href=\"https:\/\/x.com\/RiccardoDeias\/status\/2087452275891405205?ref_src=twsrc%5Etfw\" target=\"_blank\" rel=\"nofollow\">August 12, 2026<\/a><\/p><\/blockquote>\n<p><script async src=\"https:\/\/platform.twitter.com\/widgets.js\" charset=\"utf-8\"><\/script><\/p>\n","protected":false},"excerpt":{"rendered":"Paolo Mieli \u00e8 stato ospite a\u00a0In Onda, il programma di approfondimento politico di La7 condotto da Luca Telese&hellip;\n","protected":false},"author":3,"featured_media":629517,"comment_status":"","ping_status":"","sticky":false,"template":"","format":"standard","meta":{"footnotes":"","_share_on_mastodon":"0"},"categories":[160],"tags":[14,164,165,8764,31974,166,7,15,306769,490,11,167,12,168,161,162,163],"class_list":["post-629516","post","type-post","status-publish","format-standard","has-post-thumbnail","category-mondo","tag-cronaca","tag-dal-mondo","tag-dalmondo","tag-elly-schlein","tag-in-onda","tag-mondo","tag-news","tag-notizie","tag-paolo-mieli","tag-pd","tag-ultime-notizie","tag-ultime-notizie-di-mondo","tag-ultimenotizie","tag-ultimenotiziedimondo","tag-world","tag-world-news","tag-worldnews"],"share_on_mastodon":{"url":"","error":""},"_links":{"self":[{"href":"https:\/\/www.europesays.com\/it\/wp-json\/wp\/v2\/posts\/629516","targetHints":{"allow":["GET"]}}],"collection":[{"href":"https:\/\/www.europesays.com\/it\/wp-json\/wp\/v2\/posts"}],"about":[{"href":"https:\/\/www.europesays.com\/it\/wp-json\/wp\/v2\/types\/post"}],"author":[{"embeddable":true,"href":"https:\/\/www.europesays.com\/it\/wp-json\/wp\/v2\/users\/3"}],"replies":[{"embeddable":true,"href":"https:\/\/www.europesays.com\/it\/wp-json\/wp\/v2\/comments?post=629516"}],"version-history":[{"count":0,"href":"https:\/\/www.europesays.com\/it\/wp-json\/wp\/v2\/posts\/629516\/revisions"}],"wp:featuredmedia":[{"embeddable":true,"href":"https:\/\/www.europesays.com\/it\/wp-json\/wp\/v2\/media\/629517"}],"wp:attachment":[{"href":"https:\/\/www.europesays.com\/it\/wp-json\/wp\/v2\/media?parent=629516"}],"wp:term":[{"taxonomy":"category","embeddable":true,"href":"https:\/\/www.europesays.com\/it\/wp-json\/wp\/v2\/categories?post=629516"},{"taxonomy":"post_tag","embeddable":true,"href":"https:\/\/www.europesays.com\/it\/wp-json\/wp\/v2\/tags?post=629516"}],"curies":[{"name":"wp","href":"https:\/\/api.w.org\/{rel}","templated":true}]}}