{"id":62970,"date":"2025-08-22T20:17:08","date_gmt":"2025-08-22T20:17:08","guid":{"rendered":"https:\/\/www.europesays.com\/it\/62970\/"},"modified":"2025-08-22T20:17:08","modified_gmt":"2025-08-22T20:17:08","slug":"gp-ungheria-2025-practice-alex-marquez-marc-e-fermin-sono-sicuramente-i-due-piloti-che-hanno-girato-piu-sciolti","status":"publish","type":"post","link":"https:\/\/www.europesays.com\/it\/62970\/","title":{"rendered":"GP Ungheria 2025, Practice, \u00c1lex M\u00e1rquez: \u201cMarc e Ferm\u00edn\u00a0sono sicuramente i due piloti che hanno girato pi\u00f9 sciolti\u201d"},"content":{"rendered":"<p>Seguono le dichiarazioni di \u00c1lex M\u00e1rquez (Ducati Gresini) al termine della Practice del GP Ungheria 2025 classe MotoGP.<\/p>\n<p>\u201cNon sono del tutto soddisfatto, soprattutto sul passo e per via di qualche errore di troppo. Sul giro secco ci siamo, anche se non \u00e8 un circuito che tira fuori il meglio delle mie caratteristiche. Marc e Ferm\u00edn\u00a0sono sicuramente i due piloti che hanno girato pi\u00f9 sciolti e sar\u00e0 importante lavorare bene domani. Oggi abbiamo lavorato tanto con la gomma media e domani saremo pi\u00f9 concentrati sulla morbida\u201d.<\/p>\n<p>Fonte immagine: <a href=\"https:\/\/www.gresiniracing.com\/media\" rel=\"nofollow noopener\" target=\"_blank\">Gresini Media Area<\/a><\/p>\n<p>AVVISO: Se vuoi ricevere le notifiche dei nuovi articoli pubblicati, scegliendo tu per quali categorie abilitare gli avvisi, collegati al nostro <a href=\"https:\/\/t.me\/p300it_official\" rel=\"nofollow\">NUOVO GRUPPO TELEGRAM<\/a><\/p>\n<p class=\"disclaimer\">Stai visualizzando da visitatore. <a title=\"Accedi\" href=\"https:\/\/www.p300.it\/p300connect\" rel=\"nofollow noopener\" target=\"_blank\">Accedi<\/a> o <a title=\"Registrazione\" href=\"https:\/\/www.p300.it\/wp-login.php?action=register\" rel=\"nofollow noopener\" target=\"_blank\">registrati<\/a> per navigare su P300.it con alcuni <a title=\"I vantaggi della registrazione\" href=\"https:\/\/www.p300.it\/p300-it-i-vantaggi-della-registrazione\/\" rel=\"nofollow noopener\" target=\"_blank\">vantaggi<\/a><\/p>\n<p class=\"disclaimer\">\u00c8 vietata la riproduzione, anche se parziale, dei contenuti pubblicati su P300.it senza autorizzazione scritta da richiedere a info@p300.it.<\/p>\n<p> Supporta P300.it<\/p>\n<p style=\"text-align:center\">Se ti \u00e8 piaciuto questo articolo e vuoi sostenere il nostro lavoro, puoi aiutarci con un piccolo contributo.P300.it \u00e8 una realt\u00e0 totalmente indipendente, il tuo supporto \u00e8 per noi importante.<\/p>\n<p>SCEGLI IL TUO IMPORTO*<a title=\"Contribuisci con 1\u20ac\" class=\"donate\" href=\"https:\/\/www.paypal.me\/p300it\/1\" target=\"_blank\" rel=\"nofollow noopener\">1\u20ac<\/a><a title=\"Contribuisci con 3\u20ac\" class=\"donate\" href=\"https:\/\/www.paypal.me\/p300it\/3\" target=\"_blank\" rel=\"nofollow noopener\">3\u20ac<\/a><a title=\"Contribuisci con 5\u20ac\" class=\"donate\" href=\"https:\/\/www.paypal.me\/p300it\/5\" target=\"_blank\" rel=\"nofollow noopener\">5\u20ac<\/a><a title=\"Contribuisci con 10\u20ac\" class=\"donate\" href=\"https:\/\/www.paypal.me\/p300it\/10\" target=\"_blank\" rel=\"nofollow noopener\">10\u20ac<\/a><a title=\"Contribuisci con un importo a scelta\" class=\"donate\" href=\"https:\/\/www.paypal.me\/p300it\/\" target=\"_blank\" rel=\"nofollow noopener\">IMPORTO LIBERO<\/a>* L&#8217;operazione verr\u00e0 completata tramite PayPal, garantendo sicurezza alla transazione<\/p>\n","protected":false},"excerpt":{"rendered":"Seguono le dichiarazioni di \u00c1lex M\u00e1rquez (Ducati Gresini) al termine della Practice del GP Ungheria 2025 classe MotoGP.&hellip;\n","protected":false},"author":3,"featured_media":62971,"comment_status":"","ping_status":"","sticky":false,"template":"","format":"standard","meta":{"footnotes":"","_share_on_mastodon":"0"},"categories":[1455],"tags":[3677,23264,1102,49700,49701,49702,3924,3925,3438,15512,8390,23701,15507,12234,1537,90,89,3442,16618,49703,49704,1783,1785,3932,49705,3934,49706,49707,45927,1806,3512,1784,1809,42215,42216,245,244],"class_list":["post-62970","post","type-post","status-publish","format-standard","has-post-thumbnail","category-moto","tag-alex-marquez","tag-balaton-park","tag-dichiarazioni","tag-dichiarazioni-alex-marquez","tag-dichiarazioni-ducati-gresini","tag-dichiarazioni-marquez","tag-dichiarazioni-motogp","tag-dichiarazioni-motogp-2025","tag-ducati","tag-ducati-gresini","tag-gp-ungheria","tag-gp-ungheria-2025","tag-gresini","tag-gresini-racing","tag-it","tag-italia","tag-italy","tag-marquez","tag-marquez-ducati","tag-marquez-gresini","tag-marquez-motogp","tag-moto","tag-motogp","tag-motogp-2025","tag-motogp-balaton-park","tag-motogp-dichiarazioni","tag-motogp-gp-ungheria","tag-motogp-gp-ungheria-2025","tag-motogp-ungheria","tag-motomondiale","tag-motomondiale-2025","tag-motorcycle","tag-p300","tag-practice","tag-practice-motogp","tag-sport","tag-sports"],"share_on_mastodon":{"url":"","error":""},"_links":{"self":[{"href":"https:\/\/www.europesays.com\/it\/wp-json\/wp\/v2\/posts\/62970","targetHints":{"allow":["GET"]}}],"collection":[{"href":"https:\/\/www.europesays.com\/it\/wp-json\/wp\/v2\/posts"}],"about":[{"href":"https:\/\/www.europesays.com\/it\/wp-json\/wp\/v2\/types\/post"}],"author":[{"embeddable":true,"href":"https:\/\/www.europesays.com\/it\/wp-json\/wp\/v2\/users\/3"}],"replies":[{"embeddable":true,"href":"https:\/\/www.europesays.com\/it\/wp-json\/wp\/v2\/comments?post=62970"}],"version-history":[{"count":0,"href":"https:\/\/www.europesays.com\/it\/wp-json\/wp\/v2\/posts\/62970\/revisions"}],"wp:featuredmedia":[{"embeddable":true,"href":"https:\/\/www.europesays.com\/it\/wp-json\/wp\/v2\/media\/62971"}],"wp:attachment":[{"href":"https:\/\/www.europesays.com\/it\/wp-json\/wp\/v2\/media?parent=62970"}],"wp:term":[{"taxonomy":"category","embeddable":true,"href":"https:\/\/www.europesays.com\/it\/wp-json\/wp\/v2\/categories?post=62970"},{"taxonomy":"post_tag","embeddable":true,"href":"https:\/\/www.europesays.com\/it\/wp-json\/wp\/v2\/tags?post=62970"}],"curies":[{"name":"wp","href":"https:\/\/api.w.org\/{rel}","templated":true}]}}