{"id":630234,"date":"2026-08-13T08:03:14","date_gmt":"2026-08-13T08:03:14","guid":{"rendered":"https:\/\/www.europesays.com\/it\/630234\/"},"modified":"2026-08-13T08:03:14","modified_gmt":"2026-08-13T08:03:14","slug":"basket-ecco-tutte-le-sfide-della-valtellina-summer-league-2026","status":"publish","type":"post","link":"https:\/\/www.europesays.com\/it\/630234\/","title":{"rendered":"Basket: ecco tutte le sfide della Valtellina Summer League 2026"},"content":{"rendered":"<p>Ormai \u00e8 diventata una piacevole consuetudine: a inizio settembre i giganti del basket nazionale salgono in provincia di Sondrio per effettuare alcuni giorni di ritiro e per disputare alcune amichevoli pre-stagionali molto importanti per testare il grado di preparazione in vista del via della stagione. E anche quest\u2019anno la Valtellina Summer League, kermesse turistico sportiva griffata Rixalto e Acs Sport Sondrio e promossa grazie al supporto di Regione Lombardia, Provincia di Sondrio, BIM e comuni ed enti di promozione turistica interessati, \u00e8 pronta a entusiasmare gli appassionati di basket che, dal 2 al 6 settembre, potranno gustarsi alcune partite di spessore assoluto.<\/p>\n<p>Il programma<\/p>\n<p>Il ricco programma prevede per mercoled\u00ec 2 settembre, alle 19 al PalaTeola di Livigno, il match tra l\u2019Aquila Basket Trento, una delle big del campionato italiano di serie A, e una nobile decaduta qual \u00e8 la Fortitudo Bologna che, iscritta alla serie A2, quest\u2019anno prover\u00e0 il salto nella massima serie dove \u00e8 stata grande protagonista dalle met\u00e0 degli anni \u201990 alla met\u00e0 della prima decade degli anni 2000.\u00a0<\/p>\n<p>Venerd\u00ec 4 settembre, a Livigno ma alle 18, la Pallacanestro Cant\u00f9, altra nobile decaduta che sta cercando una sua dimensione in serie A1, affronta l\u2019Aquila Basket Trento. Sempre il 4 settembre il grande basket ritorna a Morbegno dopo 12 anni. Alle 18 sul parquet del PalaMattei di Morbegno si terr\u00e0 infatti il match tra la Fortitudo Bologna e la Pallacanestro Trieste che, nel suo staff pu\u00f2 vantare come assistant coach il valtellinese <a href=\"https:\/\/www.sondriotoday.it\/sport\/basket\/annuncio-matteo-cassinerio-assistant-coach-pallacanestro-trieste-serie-a1.html\" rel=\"nofollow noopener\" target=\"_blank\">Matteo Cassinerio<\/a>.\u00a0<\/p>\n<p>Sabato 5 settembre ci si sposta, invece, al PalaScieghi-Pini di Sondrio dove alle 18 ci sar\u00e0 la sfida tra Pallacanestro Varese e Pallacanestro Trieste. Gran finale domenica 6 settembre alle 18 quando al Palascieghi-Pini di Sondrio \u00e8 in programma il derby tra la Pallacanestro Varese e la Pallacanestro Cant\u00f9.<\/p>\n<p>I biglietti<\/p>\n<p>I biglietti, del costo di 10 euro (intero) e di 5 euro (ridotto dai 10 ai 18 anni) e gratuito (fino ai 10 anni), potranno essere prenotati direttamente sul sito: <a href=\"https:\/\/www.valtellinasummerleague.it\" rel=\"nofollow noopener\" target=\"_blank\">www.valtellinasummerleague.it<\/a>. La prenotazione d\u00e0 il diritto di avere il biglietto, pagabile poi in loco.<\/p>\n<p>\u201cSiamo ormai pronti per un\u2019altra edizione della Valtellina Summer League, a breve partiremo col grande basket mentre poco dopo la met\u00e0 di settembre avremo il weekend riservato al grande volley \u2013 dice Andrea Ballan, uno degli organizzatori della Valtellina Summer League -. Quest\u2019anno abbiamo l\u2019onore di ospitare la Pallacanestro Varese che ha allestito un roster molto ambizioso. \u00c8 un grandissimo piacere ospitare anche la Pallacanestro Cant\u00f9 e una realt\u00e0 importante come l\u2019Aquila Basket Trento che ha scelto di salire a Livigno e di partecipare alla VSL per il terzo anno consecutivo. Questa sar\u00e0 la prima volta della Pallacanestro Trieste e siamo lieti del gran ritorno della Fortitudo Bologna che dar\u00e0 grande risalto a questa kermesse. Ci saranno delle bellissime partite. Segnalo che, fra le altre, a Sondrio il 6 settembre si terr\u00e0 un succulento Varese-Cant\u00f9, un derby molto sentito. E per questo match ringraziamo le autorit\u00e0 sondriesi per averci permesso di organizzare questa partita. L\u2019invito \u00e8 quello di venire a vedere le partite che si terranno nei palazzetti di Livigno, Sondrio e Morbegno\u201d.<\/p>\n<p>\u00a0<\/p>\n<p>\u00a0<\/p>\n","protected":false},"excerpt":{"rendered":"Ormai \u00e8 diventata una piacevole consuetudine: a inizio settembre i giganti del basket nazionale salgono in provincia di&hellip;\n","protected":false},"author":3,"featured_media":630235,"comment_status":"","ping_status":"","sticky":false,"template":"","format":"standard","meta":{"footnotes":"","_share_on_mastodon":"0"},"categories":[1453],"tags":[1756,1757,11439,10696,1537,90,89,7366,4283,245,244,10976,64877],"class_list":["post-630234","post","type-post","status-publish","format-standard","has-post-thumbnail","category-basket","tag-basket","tag-basketball","tag-biglietti","tag-date","tag-it","tag-italia","tag-italy","tag-orari","tag-partite","tag-sport","tag-sports","tag-squadre","tag-valtellina-summer-league"],"share_on_mastodon":{"url":"https:\/\/pubeurope.com\/@it\/117087162308992194","error":""},"_links":{"self":[{"href":"https:\/\/www.europesays.com\/it\/wp-json\/wp\/v2\/posts\/630234","targetHints":{"allow":["GET"]}}],"collection":[{"href":"https:\/\/www.europesays.com\/it\/wp-json\/wp\/v2\/posts"}],"about":[{"href":"https:\/\/www.europesays.com\/it\/wp-json\/wp\/v2\/types\/post"}],"author":[{"embeddable":true,"href":"https:\/\/www.europesays.com\/it\/wp-json\/wp\/v2\/users\/3"}],"replies":[{"embeddable":true,"href":"https:\/\/www.europesays.com\/it\/wp-json\/wp\/v2\/comments?post=630234"}],"version-history":[{"count":0,"href":"https:\/\/www.europesays.com\/it\/wp-json\/wp\/v2\/posts\/630234\/revisions"}],"wp:featuredmedia":[{"embeddable":true,"href":"https:\/\/www.europesays.com\/it\/wp-json\/wp\/v2\/media\/630235"}],"wp:attachment":[{"href":"https:\/\/www.europesays.com\/it\/wp-json\/wp\/v2\/media?parent=630234"}],"wp:term":[{"taxonomy":"category","embeddable":true,"href":"https:\/\/www.europesays.com\/it\/wp-json\/wp\/v2\/categories?post=630234"},{"taxonomy":"post_tag","embeddable":true,"href":"https:\/\/www.europesays.com\/it\/wp-json\/wp\/v2\/tags?post=630234"}],"curies":[{"name":"wp","href":"https:\/\/api.w.org\/{rel}","templated":true}]}}