{"id":630400,"date":"2026-08-13T10:28:15","date_gmt":"2026-08-13T10:28:15","guid":{"rendered":"https:\/\/www.europesays.com\/it\/630400\/"},"modified":"2026-08-13T10:28:15","modified_gmt":"2026-08-13T10:28:15","slug":"intervista-nadia-battocletti-dopo-loro-nei-5000-agli-europei-ora-loro-nei-10000","status":"publish","type":"post","link":"https:\/\/www.europesays.com\/it\/630400\/","title":{"rendered":"Intervista Nadia Battocletti dopo l&#8217;oro nei 5000 agli Europei: &#8220;Ora l&#8217;oro nei 10000&#8221;"},"content":{"rendered":"<p>                                Domani Nadia cerca il bis europeo come a Roma 2024: pu\u00f2 essere la prima italiana a fare la doppia doppietta<\/p>\n<p>                    13 agosto &#8211; 09:53  &#8211; BIRMINGHAM<\/p>\n<p class=\"paragraph\" spellcheck=\"true\">Il giorno dopo la conferma del titolo europeo dei 5000, gi\u00e0 vinto due anni fa all\u2019Olimpico di Roma, \u00e8 dedicato al riposo, al suo Gianluca e alla famiglia. Nadia Battocletti, prima donna italiana a conquistare tre ori continentali come, in casa Italia, soltanto tre mostri sacri quali Adolfo Consolini, Pietro Mennea e Gianmarco Tamberi, guarda gi\u00e0 alla finale dei 10.000 di domani e a una doppia doppietta mai realizzata. Prima, per\u00f2, \u00e8 giusto tornare all\u2019impresa di marted\u00ec e a una gara dominata come di rado succede.<\/p>\n<p class=\"paragraph\" spellcheck=\"true\"><b>Nadia, era tutto studiato a tavolino?<br \/><\/b><br \/>&#8220;Pi\u00f9 che da me, da mio pap\u00e0 Giuliano  nella sua versione da allenatore. Immaginavamo una prima parte molto lenta: ai 3000 ho dato una sgasata di 2-300 metri per allungare un po\u2019 il gruppo. Poi, dopo un paio di giri tranquilli, si \u00e8 cominciato a far sul serio e a quel punto mi sono fatta trovare pronta&#8221;.<\/p>\n<p><b>Al via, al momento della sua presentazione, c\u2019\u00e8 stato un boato: l\u2019ha notato?<\/b><\/p>\n<p>&#8220;Eccome, non mi aspettavo assolutamente che in Inghilterra, con le ragazze di casa tra le favorite, potesse succedere. Mi ha reso molto felice. Mi ha dato una grande carica e tanta sicurezza&#8221;.<\/p>\n<p><b>Ha corso gli ultimi 1000 metri in 2\u201940\u201d4, gli ultimi 400 in 58\u201d7 e i 200 finali in 27\u201d6: sono poche le mezzofondiste al mondo che sono in grado di fare altrettanto.<\/b><\/p>\n<p>&#8220;Lo scorso anno, ai Mondiali di Tokyo, ho chiuso l\u2019ultimo giro in 57\u201d0. Poi ricordo un 57\u201d9 finale nei 5000 degli Europei a squadre di Madrid, sempre della stagione scorsa, e un 58\u201d0 nei 3000 dei Mondiali indoor di quest\u2019inverno a Torun, gare entrambe vinte. Certi finali di gara fanno parte del mio Dna&#8221;.<\/p>\n<p><b>Si aspettava una Majori cos\u00ec?<\/b><\/p>\n<p>&#8220;\u00c8 stata grande,  meritava la medaglia. Ha sempre avuto una volata incisiva e le altre avrebbero dovuto aspettarsela. Chi l\u2019ha sottovalutata o non l\u2019ha considerata, ha commesso un grave errore&#8221;.<\/p>\n<p class=\"paragraph\" spellcheck=\"true\"><b>Festegger\u00e0 dopo i 10.000?\u00a0<br \/><\/b><br \/>&#8220;S\u00ec, anche se gi\u00e0 dopo la mia prima gara, a Casa Atletica, ho cenato con i miei e parte del mio gruppo. Una cosa tranquilla, ma sentita&#8221;.<\/p>\n<p><b>C\u2019era anche il palermitano Rachid Berradi, ex primatista italiano della mezza maratona, avversario di pap\u00e0&#8230;<\/b><br \/>\u200b<br \/>&#8220;Adesso \u00e8 un suo grande amico: si vedono spesso, \u00e8 bello averlo qui&#8221;.\u00a0<\/p>\n<p><b>Quelli del suo fan club, a Cavareno, sono impazziti&#8230;<br \/><\/b><br \/>&#8220;Si sono trovati in piazza Prati, il cuore del paese, davanti a un maxischermo. Hanno preparato manifesti e, col Comune, hanno chiamato la banda, i carretti di gelateria e panetteria e un mio sponsor ha distribuito pasta con la mia immagine&#8221;.<\/p>\n<p><b>Peccato solo per l\u2019infortunio a Marcell Jacobs il giorno dopo quello a Mattia Furlani&#8230; Poteva essere una serata magica.<\/b><\/p>\n<p>&#8220;Mi spiace tanto per entrambi: con Marcell ho scambiato due parole a caldo, a Mattia ho mandato un messaggio e mi ha risposto facendomi le congratulazioni&#8221;.<\/p>\n<p><b>A proposito di 10.000: mentre chi sal\u00ec con lei sul podio un anno fa ai Mondiali di Tokyo, la keniana d\u2019oro Chebet e l\u2019etiope di bronzo Tsegay sono ora mamme  (dall\u201911 giugno e da\u2026 ieri), come vivr\u00e0 l\u2019avvicinamento?<\/b><\/p>\n<p>&#8220;Con serenit\u00e0: qualche trattamento per scaricare le tensioni muscolari col fisioterapista della Nazionale, Matteo Pusceddu, corsette serali di una mezzora e relax&#8221;.<\/p>\n<p class=\"text\">Consolini un simbolo, Mennea lo guardo su Youtube, Tamberi mi ha accolto da matricola<\/p>\n<p class=\"paragraph\" spellcheck=\"true\"><b>Che cosa si aspetta?<br \/><\/b><br \/>&#8220;Una gara pi\u00f9 semplice da interpretare rispetto ai 5000, ma con uno sforzo maggiore dal punto di vista organico. Avr\u00f2 avversarie diverse: la slovena Lukan, prima europea sotto i 30 minuti nei 10 chilometri su strada, la belga Van Len, la britannica Keith e di nuovo l\u2019olandese Koster. Imposteranno la gara sul ritmo. Ma senza accordi per mettermi in difficolt\u00e0: le pretendenti alle medaglie saranno tante&#8221;.<\/p>\n<p><b>Che effetto le fa ritrovarsi sullo stesso piano di tre leggende come Consolini, Mennea e Tamberi e di poterle addirittura superare?<\/b><\/p>\n<p>&#8220;\u00c8 un grande  onore. E una grande emozione. Consolini \u00e8 un\u2019icona, di Mennea guardo su YouTube i video delle sue imprese e capitan Tamberi mi ha battezzato da matricola all\u2019esordio in Nazionale assoluta, in occasione degli Europei a squadre di Chorzow 2021&#8221;.<\/p>\n<p><b>E pensare che fino agli Europei di  Roma di due anni fa, in pista, non aveva ancora vinto una medaglia d\u2019oro.<\/b><\/p>\n<p>&#8220;Quella rassegna ha dato la svolta della mia carriera. L\u00ec, in quei giorni, ho capito di valere i vertici internazionali. Per\u00f2 ho seguito un processo graduale: nel 2021, a 21 anni, ho disputato la mia prima Olimpiade; poi nel 2022, nonostante la mononucleosi, sono stata settima agli Europei, nel 2023 quarta in quelli indoor e quinta ai Mondiali su strada. Sono cresciuta facendo le giuste tappe: segno, anche,\u00a0che sono stata gestita bene&#8221;.<\/p>\n<p class=\"is-copyright\">\u00a9 RIPRODUZIONE RISERVATA<\/p>\n","protected":false},"excerpt":{"rendered":"Domani Nadia cerca il bis europeo come a Roma 2024: pu\u00f2 essere la prima italiana a fare la&hellip;\n","protected":false},"author":3,"featured_media":630401,"comment_status":"","ping_status":"","sticky":false,"template":"","format":"standard","meta":{"footnotes":"","_share_on_mastodon":"0"},"categories":[176],"tags":[25982,1690,434,347986,7438,3889,1537,90,4945,89,245,244],"class_list":["post-630400","post","type-post","status-publish","format-standard","has-post-thumbnail","category-sport","tag-battocletti","tag-domani","tag-doppia","tag-doppia-doppietta","tag-doppietta","tag-europeo","tag-it","tag-italia","tag-italiana","tag-italy","tag-sport","tag-sports"],"share_on_mastodon":{"url":"https:\/\/pubeurope.com\/@it\/117087731955166067","error":""},"_links":{"self":[{"href":"https:\/\/www.europesays.com\/it\/wp-json\/wp\/v2\/posts\/630400","targetHints":{"allow":["GET"]}}],"collection":[{"href":"https:\/\/www.europesays.com\/it\/wp-json\/wp\/v2\/posts"}],"about":[{"href":"https:\/\/www.europesays.com\/it\/wp-json\/wp\/v2\/types\/post"}],"author":[{"embeddable":true,"href":"https:\/\/www.europesays.com\/it\/wp-json\/wp\/v2\/users\/3"}],"replies":[{"embeddable":true,"href":"https:\/\/www.europesays.com\/it\/wp-json\/wp\/v2\/comments?post=630400"}],"version-history":[{"count":0,"href":"https:\/\/www.europesays.com\/it\/wp-json\/wp\/v2\/posts\/630400\/revisions"}],"wp:featuredmedia":[{"embeddable":true,"href":"https:\/\/www.europesays.com\/it\/wp-json\/wp\/v2\/media\/630401"}],"wp:attachment":[{"href":"https:\/\/www.europesays.com\/it\/wp-json\/wp\/v2\/media?parent=630400"}],"wp:term":[{"taxonomy":"category","embeddable":true,"href":"https:\/\/www.europesays.com\/it\/wp-json\/wp\/v2\/categories?post=630400"},{"taxonomy":"post_tag","embeddable":true,"href":"https:\/\/www.europesays.com\/it\/wp-json\/wp\/v2\/tags?post=630400"}],"curies":[{"name":"wp","href":"https:\/\/api.w.org\/{rel}","templated":true}]}}