{"id":630435,"date":"2026-08-13T10:56:18","date_gmt":"2026-08-13T10:56:18","guid":{"rendered":"https:\/\/www.europesays.com\/it\/630435\/"},"modified":"2026-08-13T10:56:18","modified_gmt":"2026-08-13T10:56:18","slug":"ebola-in-congo-ghebreyesus-oms-epidemia-piu-grave-del-2014-2016","status":"publish","type":"post","link":"https:\/\/www.europesays.com\/it\/630435\/","title":{"rendered":"Ebola in Congo, Ghebreyesus (Oms): &#8216;Epidemia pi\u00f9 grave del 2014-2016&#8217;"},"content":{"rendered":"<p>&#8220;Al ritmo attuale \u00e8 sulla buona strada per superare quella del 2014-2016 in Africa occidentale&#8221;, ha affermato il direttore generale dell&#8217;Organizzazione mondiale della sanit\u00e0, Tedros Adhanom Ghebreyesus che ha parlato anche dei progressi della scienza nella lotta al virus. \u201cPer la prima volta due vaccini specificamente progettati contro il virus Ebola Bundibugyo sono entrati nella fase 1 di sperimentazione clinica sull&#8217;uomo\u201d, ha ricordato Ghebreyesus<\/p>\n<p>Il bilancio delle vittime dell\u2019Ebola nella Repubblica Democratica del Congo continua a crescere. L\u2019emergenza ha gi\u00e0 provocato 2.061 decessi, un numero destinato ad aumentare ancora. I casi di contagio ufficialmente segnalati sono 4.449 in 5 province e 53 zone sanitarie del Paese africano. I dati arrivano dal briefing periodico dell\u2019Organizzazione mondiale della sanit\u00e0. L&#8217;epidemia in corso &#8220;si sta diffondendo pi\u00f9 rapidamente di qualsiasi precedente epidemia di Ebola&#8221;, ha affermato il direttore generale dell&#8217;Oms, Tedros Adhanom Ghebreyesus. Oggi &#8220;\u00e8 gi\u00e0 la seconda epidemia di Ebola pi\u00f9 grande mai registrata&#8221;, e &#8220;al ritmo attuale \u00e8 sulla buona strada per superare quella del 2014-2016 in Africa occidentale&#8221;.<\/p>\n<p>\t\t \tVaccini e cure<\/p>\n<p>La lotta contro il virus Bundibugyo, responsabile della maxi-epidemia di Ebola in corso, fa progressi ma ancora non esistono n\u00e9 farmaci n\u00e9 vaccini. Per questo il lavoro della scienza \u00e8 fondamentale e l\u2019Oms \u00e8 in prima linea nell\u2019invitare tutti i partner a sostenere e accelerare la sperimentazione. &#8220;Per la prima volta due vaccini specificamente progettati contro il virus Ebola Bundibugyo sono entrati nella fase 1 di sperimentazione clinica sull&#8217;uomo&#8221;, ha ricordato Ghebreyesus. &#8220;Inoltre due nuovi studi sugli animali relativi al vaccino contro il virus Ebola Zaire, la specie pi\u00f9 comune, hanno mostrato promettenti evidenze di protezione crociata. Su questa base, l&#8217;Oms ha raccomandato l&#8217;inclusione del vaccino in una sperimentazione di fase 3 che speriamo di avviare il prima possibile\u201d, ha precisato il numero uno dell\u2019Oms.<\/p>\n<p>\t\t\t<a class=\"c-inline-card j-inline-card c-inline-card--with-image\" href=\"https:\/\/tg24.sky.it\/mondo\/video\/2026\/08\/07\/congo-allarme-ebola-battello-1116470\" rel=\"follow nofollow noopener\" data-intcmp=\"skytg24_articolo_approfondimenti_inline\" target=\"_blank\"><\/p>\n<p>\t\t\t         <img decoding=\"async\" crossorigin=\"anonymous\" alt=\"\"  loading=\"lazy\"  src=\"https:\/\/www.europesays.com\/it\/wp-content\/uploads\/2026\/08\/1116470_1786098420093_thumb_494.0000001_1786098740496.jpg\"\/><\/p>\n<p>\n\t\t\t         Vedi anche<br \/>\n\t\t\t         Congo, allarme ebola su un battello: controlli a Kinshasa\n\t\t\t      <\/p>\n<p>\t\t\t<\/a><\/p>\n<p>\t\t \tOms: &#8220;Sorveglianza \u00e8 sfida prioritaria&#8221;<\/p>\n<p>La ricerca avanza anche sul fronte terapeutico. &#8220;Lo studio Partners, sponsorizzato dall&#8217;Oms &#8211; ha spiegato il direttore generale dell\u2019Oms &#8211; ha ora raggiunto il traguardo di 100 pazienti&#8221; arruolati. &#8220;Questo studio &#8211; ha rimarcato Ghebreyesus &#8211; dimostra che anche nel mezzo di un&#8217;epidemia difficile \u00e8 possibile mobilitare la ricerca in modo rapido e responsabile\u201d. Importante \u00e8 anche riuscire a controllare e prevenire situazioni che possano degenerare come nel caso dell\u2019attuale epidemia. &#8220;La sorveglianza \u00e8 la nostra sfida operativa prioritaria &#8211; ha illustrato il numero uno dell&#8217;agenzia delle Nazioni Unite per la salute &#8211; Insieme ai partner, stiamo mappando e mettendo in comune le risorse per rafforzare la sorveglianza a livello comunitario, per portare ogni caso sospetto in cura e raggiungere il target del 95% di tracciamento dei contatti necessario per interrompere la trasmissione: oggi siamo intorno all&#8217;80%\u201d.<\/p>\n<p>\t\t\t<a class=\"c-inline-card j-inline-card c-inline-card--with-image\" href=\"https:\/\/tg24.sky.it\/mondo\/2026\/07\/28\/ebola-uganda-fine-epidemia\" rel=\"follow nofollow noopener\" data-intcmp=\"skytg24_articolo_approfondimenti_inline\" target=\"_blank\"><\/p>\n<p>\t\t\t         <img decoding=\"async\" crossorigin=\"anonymous\" alt=\"\"  loading=\"lazy\"  src=\"https:\/\/www.europesays.com\/it\/wp-content\/uploads\/2026\/08\/IPA85320195.jpg\"\/><\/p>\n<p>\n\t\t\t         Leggi anche<br \/>\n\t\t\t         Ebola, l&#8217;Uganda dichiara la fine dell&#8217;epidemia\n\t\t\t      <\/p>\n<p>\t\t\t<\/a><\/p>\n<p>\t            TAG:<\/p>\n","protected":false},"excerpt":{"rendered":"&#8220;Al ritmo attuale \u00e8 sulla buona strada per superare quella del 2014-2016 in Africa occidentale&#8221;, ha affermato il&hellip;\n","protected":false},"author":3,"featured_media":630436,"comment_status":"","ping_status":"","sticky":false,"template":"","format":"standard","meta":{"footnotes":"","_share_on_mastodon":"0"},"categories":[175],"tags":[364,16220,4178,239,1537,90,89,810,240],"class_list":["post-630435","post","type-post","status-publish","format-standard","has-post-thumbnail","category-salute","tag-collaboratori","tag-congo","tag-ebola","tag-health","tag-it","tag-italia","tag-italy","tag-oms","tag-salute"],"share_on_mastodon":{"url":"https:\/\/pubeurope.com\/@it\/117087843287249545","error":""},"_links":{"self":[{"href":"https:\/\/www.europesays.com\/it\/wp-json\/wp\/v2\/posts\/630435","targetHints":{"allow":["GET"]}}],"collection":[{"href":"https:\/\/www.europesays.com\/it\/wp-json\/wp\/v2\/posts"}],"about":[{"href":"https:\/\/www.europesays.com\/it\/wp-json\/wp\/v2\/types\/post"}],"author":[{"embeddable":true,"href":"https:\/\/www.europesays.com\/it\/wp-json\/wp\/v2\/users\/3"}],"replies":[{"embeddable":true,"href":"https:\/\/www.europesays.com\/it\/wp-json\/wp\/v2\/comments?post=630435"}],"version-history":[{"count":0,"href":"https:\/\/www.europesays.com\/it\/wp-json\/wp\/v2\/posts\/630435\/revisions"}],"wp:featuredmedia":[{"embeddable":true,"href":"https:\/\/www.europesays.com\/it\/wp-json\/wp\/v2\/media\/630436"}],"wp:attachment":[{"href":"https:\/\/www.europesays.com\/it\/wp-json\/wp\/v2\/media?parent=630435"}],"wp:term":[{"taxonomy":"category","embeddable":true,"href":"https:\/\/www.europesays.com\/it\/wp-json\/wp\/v2\/categories?post=630435"},{"taxonomy":"post_tag","embeddable":true,"href":"https:\/\/www.europesays.com\/it\/wp-json\/wp\/v2\/tags?post=630435"}],"curies":[{"name":"wp","href":"https:\/\/api.w.org\/{rel}","templated":true}]}}