{"id":630441,"date":"2026-08-13T10:59:14","date_gmt":"2026-08-13T10:59:14","guid":{"rendered":"https:\/\/www.europesays.com\/it\/630441\/"},"modified":"2026-08-13T10:59:14","modified_gmt":"2026-08-13T10:59:14","slug":"palermo-volo-ryanair-per-bergamo-rinviato","status":"publish","type":"post","link":"https:\/\/www.europesays.com\/it\/630441\/","title":{"rendered":"Palermo, volo Ryanair per Bergamo rinviato"},"content":{"rendered":"\n<p> <strong class=\"nero\">Palermo<\/strong>, notte in aeroporto per i passeggeri del volo<strong class=\"nero\"> Ryanair diretto a Bergamo<\/strong>. Tra loro tanti bergamaschi, rimasto bloccati nello scalo siciliano dopo che la partenza, prevista alle 23.30 di mercoled\u00ec 12 agosto, \u00e8 stata rinviata alla giornata di gioved\u00ec 13 senza, raccontano, indicazioni precise sui nuovi orari. Il volo \u00e8 poi ripartito nella mattinata del 13 agosto ma senza passeggeri.<\/p>\n<p>\u00abSiamo stati avvisati soltanto con un messaggio che parlava di generiche limitazioni\u00bb, riferiscono alcuni lettori de \u00abL\u2019Eco di Bergamo\u00bb bloccati in Sicilia. Nel testo ricevuto dai passeggeri compariva anche un link che, per\u00f2, non risultava accessibile.<strong class=\"nero\"> Sul volo, aggiungono, ci sarebbero anche viaggiatori provenienti da Catania, dopo la cancellazione di un altro collegamento nei giorni scorsi, in seguito all\u2019eruzione dell\u2019Etna.<\/strong> <\/p>\n<p>L\u2019aeroporto di Catania infatti rester\u00e0 chiuso fino alle 2 di venerd\u00ec 14 agosto (e non le 16 di oggi come precedentemente diffuso): i voli dallo scalo catanese sono stati ridistribuiti prima sull\u2019aeroporto di Palermo poi su quello di Trapani.<\/p>\n<p>    Una notte in aeroporto  <\/p>\n<p>A rendere la situazione pi\u00f9 difficile \u00e8 quanto sarebbe accaduto nella notte: l\u2019aereo  destinato al volo per Bergamo sarebbe arrivato al gate, per poi ripartire senza passeggeri. <strong class=\"nero\">Sui sistemi di tracciamento, tuttavia, il collegamento risulterebbe effettuato. <strong class=\"nero\"\/>Per chi \u00e8 rimasto a terra nessuna sistemazione per la notte e poche informazioni: <\/strong>\u00abDipendiamo dal personale dell\u2019aeroporto, ma anche loro non sanno cosa dirci\u00bb.<\/p>\n<p>Un bergamasco racconta di <strong class=\"nero\">una trentina di persone ancora accampate nell\u2019area in cui si trova il suo gruppo, tra cui famiglie con bambini<\/strong>. Altri passeggeri, secondo il \u00abGiornale di Sicilia\u00bb, parlano invece di circa <strong class=\"nero\">200 persone coinvolte <\/strong>complessivamente. In mattinata la tensione \u00e8 salita e nello scalo sono intervenute anche le forze dell\u2019ordine.<\/p>\n<p> <strong class=\"nero\">Le cause del disservizio non sono ancora chiare<\/strong>. Tra i passeggeri circolano ipotesi legate alla pressione sull\u2019aeroporto di Palermo dopo le cancellazioni provocate dall\u2019attivit\u00e0 dell\u2019Etna a Catania e a possibili carenze di personale, ma non risultano conferme ufficiali. Ryanair non ha ancora fornito una spiegazione chiara. Le ultime notizie dicono che il volo \u00e8 ripartito per lo scalo di Orio al Serio nella mattinata del 13 agosto ma senza i passeggeri: ai bergamaschi con cui siamo in contatto \u00e8 stato detto di trovare un\u2019altra opzione per il rientro.<\/p>\n","protected":false},"excerpt":{"rendered":"Palermo, notte in aeroporto per i passeggeri del volo Ryanair diretto a Bergamo. Tra loro tanti bergamaschi, rimasto&hellip;\n","protected":false},"author":3,"featured_media":630442,"comment_status":"","ping_status":"","sticky":false,"template":"","format":"standard","meta":{"footnotes":"","_share_on_mastodon":"0"},"categories":[172],"tags":[178,185,177,184,1537,90,89,17932,90569,4326],"class_list":["post-630441","post","type-post","status-publish","format-standard","has-post-thumbnail","category-affari","tag-affari","tag-affari-e-finanza","tag-business","tag-economia","tag-it","tag-italia","tag-italy","tag-ryanair","tag-stefano-vailati","tag-trasporti"],"share_on_mastodon":{"url":"https:\/\/pubeurope.com\/@it\/117087853953800659","error":""},"_links":{"self":[{"href":"https:\/\/www.europesays.com\/it\/wp-json\/wp\/v2\/posts\/630441","targetHints":{"allow":["GET"]}}],"collection":[{"href":"https:\/\/www.europesays.com\/it\/wp-json\/wp\/v2\/posts"}],"about":[{"href":"https:\/\/www.europesays.com\/it\/wp-json\/wp\/v2\/types\/post"}],"author":[{"embeddable":true,"href":"https:\/\/www.europesays.com\/it\/wp-json\/wp\/v2\/users\/3"}],"replies":[{"embeddable":true,"href":"https:\/\/www.europesays.com\/it\/wp-json\/wp\/v2\/comments?post=630441"}],"version-history":[{"count":0,"href":"https:\/\/www.europesays.com\/it\/wp-json\/wp\/v2\/posts\/630441\/revisions"}],"wp:featuredmedia":[{"embeddable":true,"href":"https:\/\/www.europesays.com\/it\/wp-json\/wp\/v2\/media\/630442"}],"wp:attachment":[{"href":"https:\/\/www.europesays.com\/it\/wp-json\/wp\/v2\/media?parent=630441"}],"wp:term":[{"taxonomy":"category","embeddable":true,"href":"https:\/\/www.europesays.com\/it\/wp-json\/wp\/v2\/categories?post=630441"},{"taxonomy":"post_tag","embeddable":true,"href":"https:\/\/www.europesays.com\/it\/wp-json\/wp\/v2\/tags?post=630441"}],"curies":[{"name":"wp","href":"https:\/\/api.w.org\/{rel}","templated":true}]}}