{"id":630643,"date":"2026-08-13T13:58:21","date_gmt":"2026-08-13T13:58:21","guid":{"rendered":"https:\/\/www.europesays.com\/it\/630643\/"},"modified":"2026-08-13T13:58:21","modified_gmt":"2026-08-13T13:58:21","slug":"angelina-mango-chi-e-la-mamma-laura-valente","status":"publish","type":"post","link":"https:\/\/www.europesays.com\/it\/630643\/","title":{"rendered":"Angelina Mango, chi \u00e8 la mamma Laura Valente?"},"content":{"rendered":"<p data-journey-content=\"true\" data-node-id=\"3\" class=\"css-1ood0zq emevuu60\"><strong data-node-id=\"3.0\"><a href=\"https:\/\/www.elle.com\/it\/showbiz\/musica\/a64176185\/angelina-mango\/\" target=\"_blank\" data-vars-ga-outbound-link=\"https:\/\/www.elle.com\/it\/showbiz\/musica\/a64176185\/angelina-mango\/\" data-vars-ga-ux-element=\"Hyperlink\" data-vars-ga-call-to-action=\"Angelina Mango\" data-node-id=\"3.0.0\" class=\"body-link css-ohbdae emevuu60\" rel=\"nofollow noopener\">Angelina Mango<\/a><\/strong> \u00e8 (ri)tornata. E il suo ritorno sulle scene non poteva che essere nella sua <strong data-node-id=\"3.2\">Basilicata, la terra d&#8217;origine del padre Pino<\/strong>, che qui nacque nel 1954, ma che qui anche mor\u00ec nel 2014, a seguito di un attacco cardiaco fulminante. E sar\u00e0 stato proprio l&#8217;inscindibile legame con la zona, unito all&#8217;emozione di esibirsi a Matera, dove Angelina ha concluso il suo tour NCNT, ad amplificare le sensazioni di una serata che l&#8217;ha vista in magica sintonia con il suo pubblico, in attesa di lei da quasi due anni dopo il temporaneo ritiro per motivi di salute.<\/p>\n<p>Le foto con la figlia Angelina<\/p>\n<p data-journey-content=\"true\" data-node-id=\"9\" class=\"css-1ood0zq emevuu60\">A condividere quei brividi insieme alla 25enne, vincitrice nel 2024 del Festival di Sanremo con <a href=\"https:\/\/www.elle.com\/it\/showbiz\/musica\/a46670236\/la-noia-angelina-mango-testo-significato-sanremo-2024\/\" target=\"_blank\" data-vars-ga-outbound-link=\"https:\/\/www.elle.com\/it\/showbiz\/musica\/a46670236\/la-noia-angelina-mango-testo-significato-sanremo-2024\/\" data-vars-ga-ux-element=\"Hyperlink\" data-vars-ga-call-to-action=\"La noia\" data-node-id=\"9.1.0\" class=\"body-link css-ohbdae emevuu60\" rel=\"nofollow noopener\">La noia<\/a>, c&#8217;era <strong data-node-id=\"9.3\">mamma Laura Valente<\/strong>, che dopo una scaletta di 26 brani, tra cui Ci pensiamo domani, Melodramma, Che t&#8217;o dico a fa e la nuova Fuori dall&#8217;area fumatori, \u00e8 salita sul palco della Cava del Sole per abbracciare la figlia. Tra le immagini condivise da Angelina sul suo profilo Instagram da 1,5 milioni di follower, oltre alla crew, compare proprio la madre: uno scatto in bianco e nero, dall&#8217;alto, mentre cinge da dietro la ragazza, entusiasta e incredula di essere riuscita a provare sensazioni cos\u00ec intense.<\/p>\n<p data-journey-content=\"true\" data-node-id=\"15\" class=\"css-1ood0zq emevuu60\"><strong data-node-id=\"15.0\">Un ritratto che dice molto dello splendido rapporto con la madre, suo punto di riferimento non sono personale, ma anche professionale<\/strong>. &#8220;\u00c8 stata una festa ma anche un urlo di dolore. \u00c8 stato tutto. Questo tour \u00e8 stato tutto. &#8220;Grazie con tutto il mio cuore a voi e a chi ha ristrutturato la mia anima in questi mesi&#8221;, ha scritto Angelina dopo il tour in Basilicata. E c&#8217;\u00e8 da credere che la dedica fosse proprio per la sua mamma. <\/p>\n<p>Chi \u00e8 Laura Valente?<\/p>\n<p data-journey-content=\"true\" data-node-id=\"23\" class=\"css-1ood0zq emevuu60\"><strong data-node-id=\"23.0\">Laura Valente, nome d&#8217;arte di Laura Bortolotti, nasce a Milano nel 1963<\/strong>. Dopo aver imparato a suonare la chitarra e aver vinto nel 1981, assieme all&#8217;amica Silvia Meazza, il Concorso nazionale per cantautrici tenutosi a Castellana Grotte, Bari, con il brano Storia di un drogato (dedicato a un ragazzo vittima della droga), inizia ufficialmente la sua carriera come cantante, partecipando a varie incisioni al fianco di altri artisti e proponendosi come corista ad alcune case discografiche dell&#8217;hinterland milanese.<\/p>\n<p><img draggable=\"true\" alt=\"angelina mango mamma laura valente chi \u00e8\" title=\"Angelina Mango mamma Laura Valente chi \u00e8\" loading=\"lazy\" width=\"4148\" height=\"2850\" decoding=\"async\" data-nimg=\"1\" style=\"color:transparent;width:100%;height:auto;\"   src=\"https:\/\/www.europesays.com\/it\/wp-content\/uploads\/2026\/08\/2cf7bc01-fd35-4e02-aedd-e08e1e5ad7ac.jpg\" class=\"css-0 e1ddfba50\"\/><a target=\"_blank\" rel=\"noopener nofollow\" data-theme-key=\"base-link\" href=\"https:\/\/pinterest.com\/pin\/create\/button\/?url=https:\/\/www.elle.com\/it\/showbiz\/celebrities\/a73410550\/angelina-mango-mamma-laura-valente-chi-e\/&amp;description=elleitalia&amp;media=https:\/\/hips.hearstapps.com\/hmg-prod\/images\/2cf7bc01-fd35-4e02-aedd-e08e1e5ad7ac.jpg?resize=1600:*\" class=\"pinterest css-on9hn5 e1socmtw0\"><img decoding=\"async\" data-dynamic-svg=\"true\" src=\"https:\/\/www.elle.com\/_assets\/design-tokens\/fre\/static\/icons\/social\/pinterest.e8cf655.svg?primary=%2523ffffff\" loading=\"lazy\" data-testid=\"dynamic-svg-base\" height=\"auto\" width=\"auto\" alt=\"pinterest\" class=\"css-4lml0h e1mlxuuw1\"\/><\/a>Luciano Viti<\/p>\n<p>Pino Mango nel 1998.<\/p>\n<p>L&#8217;incontro e il sodalizio con Pino Mango<\/p>\n<p data-journey-content=\"true\" data-node-id=\"29\" class=\"css-1ood0zq emevuu60\">Tra i primi ad accorgersi della sua duttilit\u00e0 vocalica, c&#8217;\u00e8 Gianni Bella, che nell&#8217;album G.B. 2 (1984), realizzato con <strong data-node-id=\"29.1\"><a href=\"https:\/\/www.elle.com\/it\/showbiz\/musica\/a73398976\/dormi-amore-testo-significato-canzone-mogol-90-anni\/\" target=\"_blank\" data-vars-ga-outbound-link=\"https:\/\/www.elle.com\/it\/showbiz\/musica\/a73398976\/dormi-amore-testo-significato-canzone-mogol-90-anni\/\" data-vars-ga-ux-element=\"Hyperlink\" data-vars-ga-call-to-action=\"Mogol\" data-node-id=\"29.1.0\" class=\"body-link css-ohbdae emevuu60\" rel=\"nofollow noopener\">Mogol<\/a><\/strong>, la fa duettare in Disagio e Sudafricana, e proprio con quest&#8217;ultimo brano la Valente si fa notare dalla critica e dall&#8217;ambiente discografico. Nel 1984 firma un contratto discografico con la Fonit Cetra, ma <strong data-node-id=\"29.7\">gi\u00e0 un anno prima Pino Mango l&#8217;aveva conosciuta e, colpito dalla sua vocalit\u00e0, la sceglie come corista per i suoi brani La massa indistinguibile e Mr. Noi<\/strong>, contenuti nell&#8217;album Australia, mentre tra i due artisti si avvia un lungo legame anche affettivo. Nel 1986 cambia etichetta passando alla Emi per la quale incider\u00e0, l&#8217;anno successivo, il singolo Blu notturno, sempre con musiche di Mango e testi di Armando Mango, fratello maggiore di Pino e celebre paroliere. Il brano viene presentato al Festival di Saint Vincent estate, riuscendo ad accedere in finale.<\/p>\n<p>L&#8217;esperienza con i Matia Bazar<\/p>\n<p data-journey-content=\"true\" data-node-id=\"35\" class=\"css-1ood0zq emevuu60\">Con l&#8217;inizio degli anni Novanta la carriera di Laura Valente conosce un&#8217;inaspettata svolta. <strong data-node-id=\"35.1\">L&#8217;artista viene infatti contattata dai Matia Bazar che, rimasti senza una voce solista dopo l&#8217;abbandono nel 1989 da parte della storica componente Antonella Ruggiero, le propongono di entrare stabilmente nel gruppo<\/strong>. La rinnovata line-up dei Matia far\u00e0 il suo esordio ufficiale in concerto suonando ad Amsterdam nel giugno 1991, davanti ad oltre 20mila persone. Nello stesso anno esce il primo album del complesso con la Valente, Anime pigre, dove si intravedono mutamenti anche stilistici, verso un sound pi\u00f9 graffiante e moderno.<\/p>\n<p><img decoding=\"async\" data-dynamic-svg=\"true\" src=\"https:\/\/www.elle.com\/_assets\/design-tokens\/fre\/static\/icons\/arrow-right.7440adc.svg?primary=%2523D4D4D4\" loading=\"lazy\" data-testid=\"dynamic-svg-base\" height=\"auto\" width=\"auto\" aria-label=\"Prev carousel button\" alt=\"Chevron Left Icon\" data-theme-key=\"icon-button-icon\" transform=\"scaleX(-1)\" class=\"css-14vtfey erhb41k0\"\/><img decoding=\"async\" data-dynamic-svg=\"true\" src=\"https:\/\/www.elle.com\/_assets\/design-tokens\/fre\/static\/icons\/arrow-right.7440adc.svg?primary=%25230f0f15\" loading=\"lazy\" data-testid=\"dynamic-svg-base\" height=\"auto\" width=\"auto\" aria-label=\"Next carousel button\" alt=\"Chevron Right Icon\" data-theme-key=\"icon-button-icon\" class=\"css-18znc9e erhb41k0\"\/>I grandi successi<\/p>\n<p data-journey-content=\"true\" data-node-id=\"41\" class=\"css-1ood0zq emevuu60\"><strong data-node-id=\"41.0\"><a href=\"https:\/\/www.elle.com\/it\/showbiz\/musica\/a42548596\/sanremo-canzoni-famose\/\" target=\"_blank\" data-vars-ga-outbound-link=\"https:\/\/www.elle.com\/it\/showbiz\/musica\/a42548596\/sanremo-canzoni-famose\/\" data-vars-ga-ux-element=\"Hyperlink\" data-vars-ga-call-to-action=\"Nel 1992 i Matia Bazar sono in gara, per la sesta volta nella loro storia, al Festival di Sanremo con il brano Piccoli giganti\" data-node-id=\"41.0.0\" class=\"body-link css-ohbdae emevuu60\" rel=\"nofollow noopener\">Nel 1992 i Matia Bazar sono in gara, per la sesta volta nella loro storia, al Festival di Sanremo con il brano Piccoli giganti<\/a><\/strong>, che si rivela un buon successo e viene incluso come inedito nell&#8217;antologia Tutto il mondo dei Matia Bazar. Fuori dai Matia, nel 1992 la Valente scrive per Faust&#8217;O il brano Morbide macchine, incluso nell&#8217;album Cambiano le cose. Il 20 ottobre di quell&#8217;anno partecipa assieme al compagno di vita Mango alla trasmissione Partita doppia, dove interpretano in duetto Pensieri e parole, rendendo omaggio al collega <strong data-node-id=\"41.12\"><a href=\"https:\/\/www.elle.com\/it\/showbiz\/celebrities\/a73282753\/lucio-battisti-figlio-luca-carlo-filippo-battisti-lou-scoppiato-chi-e-e-cosa-fa\/\" target=\"_blank\" data-vars-ga-outbound-link=\"https:\/\/www.elle.com\/it\/showbiz\/celebrities\/a73282753\/lucio-battisti-figlio-luca-carlo-filippo-battisti-lou-scoppiato-chi-e-e-cosa-fa\/\" data-vars-ga-ux-element=\"Hyperlink\" data-vars-ga-call-to-action=\"Lucio Battisti\" data-node-id=\"41.12.0\" class=\"body-link css-ohbdae emevuu60\" rel=\"nofollow noopener\">Lucio Battisti<\/a><\/strong>.<\/p>\n<p data-journey-content=\"true\" data-node-id=\"45\" class=\"css-1ood0zq emevuu60\"><strong data-node-id=\"45.0\">Nel 1993 la band torna all&#8217;Ariston con il brano Dedicato a te, che si rivela un grande successo, insieme a <\/strong><strong data-node-id=\"45.1\">Ti sento<\/strong><strong data-node-id=\"45.2\"> e <\/strong><strong data-node-id=\"45.3.0\">Svegli nella notte<\/strong>. Sempre nel 1993 esce Innocenti evasioni, un disco tributo a Lucio Battisti, dove i Matia interpretano il brano Con il nastro rosa e compare la gi\u00e0 ricordata Pensieri e parole eseguita in duo dalla Valente con il marito. Nello stesso anno, prendono parte al Festival Italiano, condotto da Mike Bongiorno, cantando L&#8217;amore non finisce mai, che rivela la raggiunta maturit\u00e0 interpretativa della Valente e della band. <\/p>\n<p>I figli e il matrimonio<\/p>\n<p data-journey-content=\"true\" data-node-id=\"51\" class=\"css-1ood0zq emevuu60\"><strong data-node-id=\"51.0\">Nello stesso anno in cui i Maria Bazar festeggiano i vent&#8217;anni di carriera, nel 1995 nasce Filippo, il primogenito di Laura e Pino, legati sentimentalmente dal 1983<\/strong>. Il 9 luglio 1998 muore Aldo Stellita, bassista, autore di tutti i testi della band, e primo tra i fondatori del complesso. La sua scomparsa mette fine alla prima era del gruppo, la cui storia proseguir\u00e0 poi con altri componenti. Dal canto suo, Laura prender\u00e0 una pausa dalla scena musicale per dedicarsi alla famiglia. <strong data-node-id=\"51.2\">Nel 2001 nasce Angelina e tre anni dopo lei e Pino convolano a nozze. Il 1999 segna il suo ritorno da solista: tante le collaborazioni, non solo con il marito<\/strong>. <\/p>\n<p><img draggable=\"true\" alt=\"angelina mango mamma laura valente chi \u00e8\" title=\"Angelina Mango mamma Laura Valente chi \u00e8\" loading=\"lazy\" width=\"3000\" height=\"2000\" decoding=\"async\" data-nimg=\"1\" style=\"color:transparent;width:100%;height:auto;\"   src=\"https:\/\/www.europesays.com\/it\/wp-content\/uploads\/2026\/08\/a7a1bdc6-8ad2-4644-9212-ccf020148fad.jpg\" class=\"css-0 e1ddfba50\"\/><a target=\"_blank\" rel=\"noopener nofollow\" data-theme-key=\"base-link\" href=\"https:\/\/pinterest.com\/pin\/create\/button\/?url=https:\/\/www.elle.com\/it\/showbiz\/celebrities\/a73410550\/angelina-mango-mamma-laura-valente-chi-e\/&amp;description=elleitalia&amp;media=https:\/\/hips.hearstapps.com\/hmg-prod\/images\/a7a1bdc6-8ad2-4644-9212-ccf020148fad.jpg?resize=1600:*\" class=\"pinterest css-on9hn5 e1socmtw0\"><img decoding=\"async\" data-dynamic-svg=\"true\" src=\"https:\/\/www.elle.com\/_assets\/design-tokens\/fre\/static\/icons\/social\/pinterest.e8cf655.svg?primary=%2523ffffff\" loading=\"lazy\" data-testid=\"dynamic-svg-base\" height=\"auto\" width=\"auto\" alt=\"pinterest\" class=\"css-4lml0h e1mlxuuw1\"\/><\/a><\/p>\n<p>Roberto Panucci<\/p>\n<p>Il ritorno da solista e il debutto dei figli<\/p>\n<p data-journey-content=\"true\" data-node-id=\"57\" class=\"css-1ood0zq emevuu60\">Il 23 ottobre 2011 esordisce al Casino Nobile di Villa Torlonia con lo spettacolo teatrale Casta Diva, un omaggio a Maria Callas in cui lei stessa cui recita e si cimenta con successo nelle celebri arie della &#8220;Divina&#8221;, con Alessandro Sena e Andre Delaroche. Mentre l&#8217;anno dopo si esibisce al Fishmarket di Padova in una serata-evento dedicata all&#8217;amico Aldo Stellita, intitolata Ritorno a Sausalito. La reunion con Sergio Cossu, Giorgio Pavan, Carlo De Bei vede la partecipazione del figlio Filippo alla batteria, per riproporre dal vivo l&#8217;ultimo lavoro discografico realizzato con i Matia Bazar. Nel 2014, ancora con Sena e Delaroche, \u00e8 al teatro Ambra di Roma con Pensiero stupendo &#8211; Omaggio ai favolosi Anni &#8217;70, al quale partecipa anche sua figlia Angelina appena tredicenne, che dalla madre ha ereditato un timbro di voce cristallino.<strong data-node-id=\"57.5\"> I due ragazzi muovono cos\u00ec i primi passi nella musica, proprio poco prima dell&#8217;improvvisa scomparsa del padre, che da allora continua ad essere un punto di riferimento prezioso per entrambi<\/strong>.  <\/p>\n<p data-journey-content=\"true\" data-node-id=\"65\" class=\"css-1ood0zq emevuu60\"><strong data-node-id=\"65.0\">Con il passare degli anni Filippo e Angelina sono riusciti a farsi appezzare per il loro talento musicale, che la madre segue e cura da vicino<\/strong>. &#8220;\u00c8 un lavoro da pazzi, quello del musicista; se le cose vanno male, rischi di sbroccare. Se le cose vanno bene, rischi di sbroccare&#8221;, scriveva quattro anni fa su Instagram, accanto alle foto dei figli, sul palco per il Concertone dell&#8217;1 maggio, Laura Valente, che oggi prosegue la carriera di corista in diversi progetti e tiene dei laboratori sull&#8217;uso della voce. &#8220;Ma, <strong data-node-id=\"65.2\">come la vita va vissuta, la Musica va suonata e cantata<\/strong>. Con passione, rispetto, coraggio, divertimento, studio e sbrocco! Come state facendo voi&#8221;. A dimostrazione di come i due ragazzi fossero gi\u00e0 pronti all&#8217;epoca per spiccare il volo da soli.<br data-node-id=\"65.4\"\/><\/p>\n","protected":false},"excerpt":{"rendered":"Angelina Mango \u00e8 (ri)tornata. E il suo ritorno sulle scene non poteva che essere nella sua Basilicata, la&hellip;\n","protected":false},"author":3,"featured_media":630644,"comment_status":"","ping_status":"","sticky":false,"template":"","format":"standard","meta":{"footnotes":"","_share_on_mastodon":"0"},"categories":[1451],"tags":[9047,348070,2942,1621,1620,2912,203,348071,204,1537,90,89,83663,1539,348072,1780],"class_list":["post-630643","post","type-post","status-publish","format-standard","has-post-thumbnail","category-celebrita","tag-angelina-mango","tag-angelina-mango-mamma-laura-valente-chi-e","tag-cantante","tag-celebrita","tag-celebrities","tag-engagement","tag-entertainment","tag-filippo-mango","tag-intrattenimento","tag-it","tag-italia","tag-italy","tag-laura-valente","tag-musica","tag-pino-mango","tag-traffico"],"share_on_mastodon":{"url":"https:\/\/pubeurope.com\/@it\/117088559470732573","error":""},"_links":{"self":[{"href":"https:\/\/www.europesays.com\/it\/wp-json\/wp\/v2\/posts\/630643","targetHints":{"allow":["GET"]}}],"collection":[{"href":"https:\/\/www.europesays.com\/it\/wp-json\/wp\/v2\/posts"}],"about":[{"href":"https:\/\/www.europesays.com\/it\/wp-json\/wp\/v2\/types\/post"}],"author":[{"embeddable":true,"href":"https:\/\/www.europesays.com\/it\/wp-json\/wp\/v2\/users\/3"}],"replies":[{"embeddable":true,"href":"https:\/\/www.europesays.com\/it\/wp-json\/wp\/v2\/comments?post=630643"}],"version-history":[{"count":0,"href":"https:\/\/www.europesays.com\/it\/wp-json\/wp\/v2\/posts\/630643\/revisions"}],"wp:featuredmedia":[{"embeddable":true,"href":"https:\/\/www.europesays.com\/it\/wp-json\/wp\/v2\/media\/630644"}],"wp:attachment":[{"href":"https:\/\/www.europesays.com\/it\/wp-json\/wp\/v2\/media?parent=630643"}],"wp:term":[{"taxonomy":"category","embeddable":true,"href":"https:\/\/www.europesays.com\/it\/wp-json\/wp\/v2\/categories?post=630643"},{"taxonomy":"post_tag","embeddable":true,"href":"https:\/\/www.europesays.com\/it\/wp-json\/wp\/v2\/tags?post=630643"}],"curies":[{"name":"wp","href":"https:\/\/api.w.org\/{rel}","templated":true}]}}