{"id":630769,"date":"2026-08-13T15:46:18","date_gmt":"2026-08-13T15:46:18","guid":{"rendered":"https:\/\/www.europesays.com\/it\/630769\/"},"modified":"2026-08-13T15:46:18","modified_gmt":"2026-08-13T15:46:18","slug":"ryan-gosling-parla-della-famiglia-costruita-insieme-a-eva-mendes-e-il-divertimento-piu-grande-che-abbia-mai-provato","status":"publish","type":"post","link":"https:\/\/www.europesays.com\/it\/630769\/","title":{"rendered":"Ryan Gosling parla della famiglia costruita insieme a Eva Mendes: \u00ab\u00c8 il divertimento pi\u00f9 grande che abbia mai provato\u00bb"},"content":{"rendered":"<p>Il <strong>primo incontro tra Ryan Gosling e Eva Mendes risale al 2011<\/strong>, sul set di Come un tuono, e da allora la coppia non si \u00e8 mai lasciata, <a href=\"https:\/\/www.vanityfair.it\/article\/eva-mendes-e-ryan-gosling-si-sono-sposati-in-segreto\" target=\"_blank\" rel=\"nofollow noopener\">rimanendo fedelissima ai <strong>propri principi di privacy<\/strong><\/a>, tanto che il loro ultimo red carpet congiunto risale al 2013. In alcune, rare, interviste per\u00f2, <strong>Eva Mendes ha svelato alcuni dettagli<\/strong> riguardo a come hanno deciso di crescere le figlie. Nel 2019 aveva detto a The Talk: \u00abSono cubana e <strong>stiamo cercando di insegnare lo spagnolo alle bambine<\/strong>, ed \u00e8 pi\u00f9 difficile di quanto pensassi\u00bb spiegando che \u00abParlo Spanglish, ed \u00e8 quello che capiscono. Quindi \u00e8 adorabile, ma tecnicamente non \u00e8 una lingua. \u00c8 Spanglish\u00bb.<\/p>\n<p>Nonostante le difficolt\u00e0, Eva Mendes racconta che <strong>Ryan Gosling ha abbracciato da subito l&#8217;identit\u00e0 latina in famiglia<\/strong>. Parlando con Vogue M\u00e9xico nel 2024, l&#8217;attrice ha detto riferendosi al marito: \u00abHa un Cubanazo [slang usato per definire un cubano fermamente legato alle proprie origini, ndr] dentro di s\u00e9 che non so spiegare\u00bb, raccontando poi che <strong>Esmeralda e Amanda si rivolgono a lui chiamandolo \u00abpapi\u00bb<\/strong> e che la prima volta in cui Gosling ha assaggiato fagioli neri e riso preparati dalla madre di Mendes: \u00abSembrava che dicesse: \u2018Come ho fatto a vivere cos\u00ec a lungo senza questo piatto?\u2019\u00bb. Approfondendo poi l&#8217;aspetto educativo delle bambine, Eva Mendes ha raccontato: \u00abIo sono la tipica mamma cubana che dice: &#8216;Non organizzerai un pigiama party perch\u00e9 non conosco quelle persone!&#8217; E sapete chi altro \u00e8 cos\u00ec? Il cubano Ryan!\u00bb concludendo <strong>\u00abA volte \u00e8 pi\u00f9 cubano di me\u00bb<\/strong>.<\/p>\n","protected":false},"excerpt":{"rendered":"Il primo incontro tra Ryan Gosling e Eva Mendes risale al 2011, sul set di Come un tuono,&hellip;\n","protected":false},"author":3,"featured_media":630770,"comment_status":"","ping_status":"","sticky":false,"template":"","format":"standard","meta":{"footnotes":"","_share_on_mastodon":"0"},"categories":[1451],"tags":[1621,1620,203,204,1537,90,89,82128],"class_list":["post-630769","post","type-post","status-publish","format-standard","has-post-thumbnail","category-celebrita","tag-celebrita","tag-celebrities","tag-entertainment","tag-intrattenimento","tag-it","tag-italia","tag-italy","tag-ryan-gosling"],"share_on_mastodon":{"url":"https:\/\/pubeurope.com\/@it\/117088983034834328","error":""},"_links":{"self":[{"href":"https:\/\/www.europesays.com\/it\/wp-json\/wp\/v2\/posts\/630769","targetHints":{"allow":["GET"]}}],"collection":[{"href":"https:\/\/www.europesays.com\/it\/wp-json\/wp\/v2\/posts"}],"about":[{"href":"https:\/\/www.europesays.com\/it\/wp-json\/wp\/v2\/types\/post"}],"author":[{"embeddable":true,"href":"https:\/\/www.europesays.com\/it\/wp-json\/wp\/v2\/users\/3"}],"replies":[{"embeddable":true,"href":"https:\/\/www.europesays.com\/it\/wp-json\/wp\/v2\/comments?post=630769"}],"version-history":[{"count":0,"href":"https:\/\/www.europesays.com\/it\/wp-json\/wp\/v2\/posts\/630769\/revisions"}],"wp:featuredmedia":[{"embeddable":true,"href":"https:\/\/www.europesays.com\/it\/wp-json\/wp\/v2\/media\/630770"}],"wp:attachment":[{"href":"https:\/\/www.europesays.com\/it\/wp-json\/wp\/v2\/media?parent=630769"}],"wp:term":[{"taxonomy":"category","embeddable":true,"href":"https:\/\/www.europesays.com\/it\/wp-json\/wp\/v2\/categories?post=630769"},{"taxonomy":"post_tag","embeddable":true,"href":"https:\/\/www.europesays.com\/it\/wp-json\/wp\/v2\/tags?post=630769"}],"curies":[{"name":"wp","href":"https:\/\/api.w.org\/{rel}","templated":true}]}}